{"id":44886,"date":"2025-11-04T14:12:08","date_gmt":"2025-11-04T14:12:08","guid":{"rendered":"https:\/\/www.europesays.com\/nl\/44886\/"},"modified":"2025-11-04T14:12:08","modified_gmt":"2025-11-04T14:12:08","slug":"ariana-grande-mist-wereldpremiere-wicked-for-good-in-brazilie","status":"publish","type":"post","link":"https:\/\/www.europesays.com\/nl\/44886\/","title":{"rendered":"Ariana Grande mist wereldpremi\u00e8re &#8216;Wicked: For Good&#8217; in Brazili\u00eb"},"content":{"rendered":"<p>&#8220;Brazili\u00eb, ik kan niet geloven dat dit gebeurt&#8221;, schreef Grande. &#8220;Een paar uur geleden moesten mijn team en ik het vliegtuig verlaten omdat er onderhoud aan het vliegtuig moest worden gepleegd vanwege een veiligheidsprobleem. Het zal pas om 1 uur &#8217;s nachts morgen vertrekken.&#8221; De 32-jarige actrice en zangeres is er naar eigen zeggen kapot van.<\/p>\n<p>Samen met Universal hebben ze geprobeerd alternatieven te bekijken en het probleem op te lossen, maar er bleek geen eerdere vlucht te vertrekken. Ook een priv\u00e9vliegtuig huren zou te veel tijd kosten door het regelen van de juiste vergunningen.<\/p>\n<p>De premi\u00e8re zou de eerste persoonlijke verschijning zijn van Grande in het land in jaren. &#8220;We hebben oprecht alles geprobeerd wat we konden en ik bied mijn oprechte excuses aan&#8221;, laat de zangeres weten op Instagram. Grande riep fans op om &#8220;mijn geweldige castgenoten te overladen met alle liefde die ik jullie zou willen geven en de mooiste viering te hebben.&#8221;<\/p>\n<p>De premi\u00e8re in S\u00e3o Paulo van Wicked: For Good is de eerste grote internationale lancering van Universal voor de film, die vorige week werd vertoond voor leden van het Broadway-gezelschap van de musical in New York. De volgende premi\u00e8res staan gepland voor Parijs op 7 november, Londen op 10 november en Singapore op 13 november.<\/p>\n","protected":false},"excerpt":{"rendered":"&#8220;Brazili\u00eb, ik kan niet geloven dat dit gebeurt&#8221;, schreef Grande. &#8220;Een paar uur geleden moesten mijn team en&hellip;\n","protected":false},"author":2,"featured_media":44887,"comment_status":"","ping_status":"","sticky":false,"template":"","format":"standard","meta":{"footnotes":""},"categories":[31],"tags":[99,147,48,98,46,47,49,45,50],"class_list":{"0":"post-44886","1":"post","2":"type-post","3":"status-publish","4":"format-standard","5":"has-post-thumbnail","7":"category-celebrities","8":"tag-amusement","9":"tag-celebrities","10":"tag-dutch","11":"tag-entertainment","12":"tag-nederland","13":"tag-nederlanden","14":"tag-nederlands","15":"tag-netherlands","16":"tag-nl"},"share_on_mastodon":{"url":"https:\/\/pubeurope.com\/@nl\/115491841165400434","error":""},"_links":{"self":[{"href":"https:\/\/www.europesays.com\/nl\/wp-json\/wp\/v2\/posts\/44886","targetHints":{"allow":["GET"]}}],"collection":[{"href":"https:\/\/www.europesays.com\/nl\/wp-json\/wp\/v2\/posts"}],"about":[{"href":"https:\/\/www.europesays.com\/nl\/wp-json\/wp\/v2\/types\/post"}],"author":[{"embeddable":true,"href":"https:\/\/www.europesays.com\/nl\/wp-json\/wp\/v2\/users\/2"}],"replies":[{"embeddable":true,"href":"https:\/\/www.europesays.com\/nl\/wp-json\/wp\/v2\/comments?post=44886"}],"version-history":[{"count":0,"href":"https:\/\/www.europesays.com\/nl\/wp-json\/wp\/v2\/posts\/44886\/revisions"}],"wp:featuredmedia":[{"embeddable":true,"href":"https:\/\/www.europesays.com\/nl\/wp-json\/wp\/v2\/media\/44887"}],"wp:attachment":[{"href":"https:\/\/www.europesays.com\/nl\/wp-json\/wp\/v2\/media?parent=44886"}],"wp:term":[{"taxonomy":"category","embeddable":true,"href":"https:\/\/www.europesays.com\/nl\/wp-json\/wp\/v2\/categories?post=44886"},{"taxonomy":"post_tag","embeddable":true,"href":"https:\/\/www.europesays.com\/nl\/wp-json\/wp\/v2\/tags?post=44886"}],"curies":[{"name":"wp","href":"https:\/\/api.w.org\/{rel}","templated":true}]}}