{"id":45020,"date":"2025-11-04T16:29:16","date_gmt":"2025-11-04T16:29:16","guid":{"rendered":"https:\/\/www.europesays.com\/nl\/45020\/"},"modified":"2025-11-04T16:29:16","modified_gmt":"2025-11-04T16:29:16","slug":"skigebied-besluit-skiliften-af-te-breken-door-sneeuwtekort","status":"publish","type":"post","link":"https:\/\/www.europesays.com\/nl\/45020\/","title":{"rendered":"Skigebied besluit skiliften af te breken door sneeuwtekort"},"content":{"rendered":"<p>In de Franse Alpen is een skigebied geconfronteerd met de harde realiteit van klimaatverandering: C\u00e9\u00fcze, een skigebied in de regio Bu\u00ebch-D\u00e9voluy, heeft aangekondigd de skiliften af te breken. De beslissing is genomen vanwege aanhoudend sneeuwtekort de afgelopen jaren. De afbraak van de liften begon op 3 november 2025 en markeert het einde van het skigebied dat sinds de jaren \u201930 actief was.<\/p>\n<ul class=\"wp-block-list\">\n<li>C\u00e9\u00fcze, een skigebied in de Franse Alpen, breekt de skiliften af vanwege sneeuwtekort en klimaatverandering.<\/li>\n<\/ul>\n<ul class=\"wp-block-list\">\n<li>Het gebied richt zich voortaan op duurzaam toerisme met activiteiten zoals wandelen, mountainbiken en toerski\u00ebn.<\/li>\n<\/ul>\n<ul class=\"wp-block-list\">\n<li>Onderdelen van de liften worden hergebruikt in andere skigebieden.<\/li>\n<\/ul>\n<p>Sneeuwtekort door klimaatverandering<\/p>\n<p>Het skigebied C\u00e9\u00fcze (Gap C\u00e9\u00fcze 2000), gelegen tussen de 1500 en 2000 meter hoogte, heeft al jaren te maken met onbetrouwbare sneeuwval. Volgens Michel Ricou-Charles, burgemeester van Bu\u00ebch-D\u00e9voluy, is de beslissing om de skiliften af te breken een langgekoesterde keuze. \u201cWe hebben ons al lange tijd mentaal voorbereid op deze stap. Onze regio zal op andere manieren weer tot leven komen,\u201d.<\/p>\n<p>Sinds het winterseizoen 2017\/2018 zijn de skiliften van het gebied niet meer operationeel geweest. Het gebrek aan sneeuw en de onmogelijkheid om voldoende kunstsneeuw te produceren, hebben het skigebied financieel in de problemen gebracht. Daarom is nu gekozen voor een nieuwe koers: duurzaam toerisme met activiteiten zoals wandelen, klimmen, mountainbiken, sneeuwschoenwandelen en skitouren.<\/p>\n<p>Liften worden hergebruikt<\/p>\n<p>De liften die worden afgebroken, zullen niet volledig verloren gaan. De onderdelen van de liften worden hergebruikt in andere skigebieden die nog wel kunnen profiteren van de apparatuur.<\/p>\n<p>Positieve houding van de lokale ondernemers<\/p>\n<p>Lokale ondernemers, zoals Nathalie Ghesquiere, eigenaar van een berghut in de regio, verwelkomen de beslissing. \u201cHet is goed dat de oude skiliften eindelijk worden afgebroken.\u201d Ze maakt zich geen zorgen over de aantrekkingskracht van de plaats. In plaats van sneeuwsporten richt men zich op andere vormen van natuurtoerisme, wat de regio een nieuwe dynamiek kan geven.<\/p>\n<p>Meer skigebieden sluiten<\/p>\n<p>C\u00e9\u00fcze is niet het enige skigebied in Frankrijk dat zich aanpast aan de veranderende klimatologische omstandigheden. Volgens Pierre-Alexandre Metral, specialist in klimaatverandering en de Alpen, hebben 186 kleine skigebieden in Frankrijk hun deuren gesloten door economische redenen en een gebrek aan sneeuw. Dit is een groeiende trend die zich door de Alpen verspreidt, waarbij skigebieden zich herstructureren en investeren in alternatieve, duurzame activiteiten.<\/p>\n<p>Lees ook: <a href=\"https:\/\/skiinformatie.nl\/nog-een-skigebied-in-frankrijk-sluit-voorgoed-de-skiliften\/\" rel=\"nofollow noopener\" target=\"_blank\">N\u00f3g een skigebied in Frankrijk sluit voorgoed de skiliften<\/a><a href=\"https:\/\/skiinformatie.nl\/author\/miranda\/\" rel=\"nofollow noopener\" target=\"_blank\"><\/p>\n<p>Op zoek naar de toekomst: alternatieve activiteiten<\/p>\n<p>De gemeente en lokale ondernemers hopen dat C\u00e9\u00fcze zich opnieuw kan positioneren als een bestemming voor duurzaam toerisme. De focus verschuift van wintersport naar andere activiteiten, waarbij de natuur en het prachtige berglandschap centraal staan. Het idee is om de regio te revitaliseren door middel van wandelen, klimmen en het aanbieden van winterse avonturen zoals skitouren.<\/p>\n","protected":false},"excerpt":{"rendered":"In de Franse Alpen is een skigebied geconfronteerd met de harde realiteit van klimaatverandering: C\u00e9\u00fcze, een skigebied in&hellip;\n","protected":false},"author":2,"featured_media":45021,"comment_status":"","ping_status":"","sticky":false,"template":"","format":"standard","meta":{"footnotes":""},"categories":[15],"tags":[39,40,48,43,44,34,35,41,42,46,47,49,45,32,33,50,36,37,38,67,64,65,66],"class_list":{"0":"post-45020","1":"post","2":"type-post","3":"status-publish","4":"format-standard","5":"has-post-thumbnail","7":"category-wereld","8":"tag-breaking-news","9":"tag-breakingnews","10":"tag-dutch","11":"tag-featured-news","12":"tag-featurednews","13":"tag-headlines","14":"tag-hoofdpunten","15":"tag-latest-news","16":"tag-latestnews","17":"tag-nederland","18":"tag-nederlanden","19":"tag-nederlands","20":"tag-netherlands","21":"tag-news","22":"tag-nieuws","23":"tag-nl","24":"tag-top-stories","25":"tag-topstories","26":"tag-voorpaginanieuws","27":"tag-wereld","28":"tag-world","29":"tag-world-news","30":"tag-worldnews"},"share_on_mastodon":{"url":"https:\/\/pubeurope.com\/@nl\/115492379943422523","error":""},"_links":{"self":[{"href":"https:\/\/www.europesays.com\/nl\/wp-json\/wp\/v2\/posts\/45020","targetHints":{"allow":["GET"]}}],"collection":[{"href":"https:\/\/www.europesays.com\/nl\/wp-json\/wp\/v2\/posts"}],"about":[{"href":"https:\/\/www.europesays.com\/nl\/wp-json\/wp\/v2\/types\/post"}],"author":[{"embeddable":true,"href":"https:\/\/www.europesays.com\/nl\/wp-json\/wp\/v2\/users\/2"}],"replies":[{"embeddable":true,"href":"https:\/\/www.europesays.com\/nl\/wp-json\/wp\/v2\/comments?post=45020"}],"version-history":[{"count":0,"href":"https:\/\/www.europesays.com\/nl\/wp-json\/wp\/v2\/posts\/45020\/revisions"}],"wp:featuredmedia":[{"embeddable":true,"href":"https:\/\/www.europesays.com\/nl\/wp-json\/wp\/v2\/media\/45021"}],"wp:attachment":[{"href":"https:\/\/www.europesays.com\/nl\/wp-json\/wp\/v2\/media?parent=45020"}],"wp:term":[{"taxonomy":"category","embeddable":true,"href":"https:\/\/www.europesays.com\/nl\/wp-json\/wp\/v2\/categories?post=45020"},{"taxonomy":"post_tag","embeddable":true,"href":"https:\/\/www.europesays.com\/nl\/wp-json\/wp\/v2\/tags?post=45020"}],"curies":[{"name":"wp","href":"https:\/\/api.w.org\/{rel}","templated":true}]}}