{"id":47864,"date":"2025-11-07T12:15:07","date_gmt":"2025-11-07T12:15:07","guid":{"rendered":"https:\/\/www.europesays.com\/nl\/47864\/"},"modified":"2025-11-07T12:15:07","modified_gmt":"2025-11-07T12:15:07","slug":"genee-weggezet-bij-vandaag-inside-vervanger-bekend","status":"publish","type":"post","link":"https:\/\/www.europesays.com\/nl\/47864\/","title":{"rendered":"&#8216;Genee weggezet bij Vandaag Inside: vervanger bekend&#8217;"},"content":{"rendered":"<p>Thomas van Groningen is een rijzende ster in televisieland. De politiek duider presenteert onder meer het Nieuws van de Dag op SBS 6 en won onlangs ook al de Televizier-Ring voor het Talent van het Jaar. Van Groningen wordt zelfs al getipt om het stokje van <a href=\"https:\/\/www.soccernews.nl\/media\/wilfred-genee\/\" rel=\"nofollow noopener\" target=\"_blank\">Wilfred Genee<\/a> over te nemen bij <a href=\"https:\/\/www.soccernews.nl\/media\/vandaag-inside\/\" rel=\"nofollow noopener\" target=\"_blank\">Vandaag Inside<\/a>.<\/p>\n<p>Wilfred Genee vervangen door Thomas van Groningen?  <\/p>\n<p>In het blad Weekend stelt Van Groningen dat Genee voorlopig nog niet voor zijn plek hoeft te vrezen bij Vandaag Inside. \u201cWelnee, daar hoeft Wilfred absoluut niet bang voor te zijn. Ik vind hem echt een voorbeeld in alles wat hij doet. Dat meen ik serieus.\u201d <\/p>\n<p>Van Groningen geeft dan ook aan nu nog niet op de plek van Genee te willen zitten. \u201cHij hoeft niet bang te zijn dat ik aan zijn stoelpoten zaag. Die kan echt nog twintig jaar door. Dertig ook wel, of veertig. Wacht even, heel lang.\u201d Toch steekt de politiek duider niet onder stoelen of banken dat hij weleens de plaats van Genee wil overnemen. <\/p>\n<p>Mocht Genee een keer ziek zijn dan springt Van Groningen graag in. \u201cHij mag altijd bellen.\u201d Al zie de presentator ook nog wel flink wat concurrentie. \u201cMaar goed, we hebben ook H\u00e9l\u00e8ne Hendriks nog, h\u00e8? En Johnny de Mol, dus het is heel vol.\u201d Van Groningen zegt vooral veel te willen opstellen van de Vandaag Inside-presentator. \u201cIk weet nog dat, toen ik bij De Oranjezomer begon, Wilfred naar mij appte van: \u2018En nou niet te veel gaan vliegen, h\u00e8. Dat soort dingen zijn voor mij wel belangrijk.\u201d<\/p>\n<p>        Wie kan het beste Genee opvolgen?    <\/p>\n<ul class=\"bc-poll__options gap-4 list-unstyled bc-poll__voted-remove\">\n<li class=\"bc-poll__option fs-8 fw-bold p-2 mb-4 bg-black text-white text-success-hover\" data-bc-option-id=\"1\" data-bc-selected-classes=\"text-success\" data-bc-icon-name-default=\"square-fill\" data-bc-icon-name-selected=\"check-square\" data-bc-icon-name-selected-classes=\"text-success me-2\">\n<p>                                Hendriks            <\/li>\n<li class=\"bc-poll__option fs-8 fw-bold p-2 mb-4 bg-black text-white text-success-hover\" data-bc-option-id=\"2\" data-bc-selected-classes=\"text-success\" data-bc-icon-name-default=\"square-fill\" data-bc-icon-name-selected=\"check-square\" data-bc-icon-name-selected-classes=\"text-success me-2\">\n<p>                                De Mol            <\/li>\n<li class=\"bc-poll__option fs-8 fw-bold p-2 mb-4 bg-black text-white text-success-hover\" data-bc-option-id=\"3\" data-bc-selected-classes=\"text-success\" data-bc-icon-name-default=\"square-fill\" data-bc-icon-name-selected=\"check-square\" data-bc-icon-name-selected-classes=\"text-success me-2\">\n<p>                                Van Groningen            <\/li>\n<\/ul>\n<ul class=\"bc-poll__results list-unstyled\">\n<li class=\"bc-poll__result justify-content-between p-4 bg-color-4 d-flex fs-7 p-2 text-white mb-4 bg-light\" data-bc-selected-classes=\"bg-black\">\n<p>                        Hendriks                    <\/p>\n<\/li>\n<li class=\"bc-poll__result justify-content-between p-4 bg-color-4 d-flex fs-7 p-2 text-white mb-4 bg-light\" data-bc-selected-classes=\"bg-black\">\n<p>                        De Mol                    <\/p>\n<\/li>\n<li class=\"bc-poll__result justify-content-between p-4 bg-color-4 d-flex fs-7 p-2 text-white mb-4 bg-light\" data-bc-selected-classes=\"bg-black\">\n<p>                        Van Groningen                    <\/p>\n<\/li>\n<\/ul>\n<p class=\"bc-poll__results-count-wrapper text-white fw-bold\">\n            0 Votes        <\/p>\n","protected":false},"excerpt":{"rendered":"Thomas van Groningen is een rijzende ster in televisieland. De politiek duider presenteert onder meer het Nieuws van&hellip;\n","protected":false},"author":2,"featured_media":47865,"comment_status":"","ping_status":"","sticky":false,"template":"","format":"standard","meta":{"footnotes":""},"categories":[28],"tags":[99,48,98,46,47,49,45,50,124],"class_list":{"0":"post-47864","1":"post","2":"type-post","3":"status-publish","4":"format-standard","5":"has-post-thumbnail","7":"category-tv","8":"tag-amusement","9":"tag-dutch","10":"tag-entertainment","11":"tag-nederland","12":"tag-nederlanden","13":"tag-nederlands","14":"tag-netherlands","15":"tag-nl","16":"tag-tv"},"share_on_mastodon":{"url":"https:\/\/pubeurope.com\/@nl\/115508368106412820","error":""},"_links":{"self":[{"href":"https:\/\/www.europesays.com\/nl\/wp-json\/wp\/v2\/posts\/47864","targetHints":{"allow":["GET"]}}],"collection":[{"href":"https:\/\/www.europesays.com\/nl\/wp-json\/wp\/v2\/posts"}],"about":[{"href":"https:\/\/www.europesays.com\/nl\/wp-json\/wp\/v2\/types\/post"}],"author":[{"embeddable":true,"href":"https:\/\/www.europesays.com\/nl\/wp-json\/wp\/v2\/users\/2"}],"replies":[{"embeddable":true,"href":"https:\/\/www.europesays.com\/nl\/wp-json\/wp\/v2\/comments?post=47864"}],"version-history":[{"count":0,"href":"https:\/\/www.europesays.com\/nl\/wp-json\/wp\/v2\/posts\/47864\/revisions"}],"wp:featuredmedia":[{"embeddable":true,"href":"https:\/\/www.europesays.com\/nl\/wp-json\/wp\/v2\/media\/47865"}],"wp:attachment":[{"href":"https:\/\/www.europesays.com\/nl\/wp-json\/wp\/v2\/media?parent=47864"}],"wp:term":[{"taxonomy":"category","embeddable":true,"href":"https:\/\/www.europesays.com\/nl\/wp-json\/wp\/v2\/categories?post=47864"},{"taxonomy":"post_tag","embeddable":true,"href":"https:\/\/www.europesays.com\/nl\/wp-json\/wp\/v2\/tags?post=47864"}],"curies":[{"name":"wp","href":"https:\/\/api.w.org\/{rel}","templated":true}]}}