{"id":48365,"date":"2025-11-07T21:11:07","date_gmt":"2025-11-07T21:11:07","guid":{"rendered":"https:\/\/www.europesays.com\/nl\/48365\/"},"modified":"2025-11-07T21:11:07","modified_gmt":"2025-11-07T21:11:07","slug":"mogelijk-de-animatiefilm-van-begin-2026-ziet-er-indrukwekkend-uit","status":"publish","type":"post","link":"https:\/\/www.europesays.com\/nl\/48365\/","title":{"rendered":"Mogelijk d\u00e9 animatiefilm van begin 2026 ziet er indrukwekkend uit"},"content":{"rendered":"<p>        Neon heeft een spectaculaire offici\u00eble trailer onthuld voor een nieuw sciencefiction-animatieavontuur, wat het speelfilmdebuut van Franse filmmaker <a href=\"https:\/\/www.filmtotaal.nl\/persoon\/277072\" rel=\"nofollow noopener\" target=\"_blank\">Ugo Bienvenu<\/a> markeert en geproduceerd wordt door <a href=\"https:\/\/www.filmtotaal.nl\/nieuws\/115731\" rel=\"nofollow noopener\" target=\"_blank\">Natalie Portman<\/a>.<\/p>\n<p>De film, getiteld <a href=\"https:\/\/www.filmtotaal.nl\/film\/42674\" rel=\"nofollow noopener\" target=\"_blank\">Arco<\/a>, neemt je mee op een magisch geanimeerde reis door de tijd en volgt de 10-jarige titulaire jongen uit een verre toekomst, waarin tijdreizen mogelijk is, die per ongeluk neerstort in het jaar 2075.<\/p>\n<p>Een jongen in een regenboogkleurig pak valt uit de lucht<br \/>Zijn val wordt gezien door een klein meisje, Iris, die hem tijdelijk onderdak biedt en samen met haar vertrouwde robotverzorger Mikki, een manier zoekt om de jongen naar huis te helpen keren en de planeet te redden.<\/p>\n<p>Bienvenu schreef het script samen met F\u00e9lix de Givry. Portman, Bienvenu, Givry, Audrey Tondre en Sophie Mas produceren. France 3 Cin\u00e9ma, Netflix, France T\u00e9l\u00e9visions en Diaphana et Goodfellas Animation produceerden het project.<\/p>\n<p>De Stemmencast<br \/>De Engelstalige stemmencast bestaat uit Will Ferrell, America Fererra, Flea, Natalie Portman, Mark Ruffalo en Andy Samberg en de Nederlandtalige stemmencast bestaat uit Linn Vandeborne, Zo\u00eb Black, Jurgen Stein en Gio Kemper.<\/p>\n<p>Arco zal vanaf 3 december dit najaar te zien zijn in de Nederlandse bioscopen. Bekijk hierboven de prachtige offici\u00eble trailer.<\/p>\n","protected":false},"excerpt":{"rendered":"Neon heeft een spectaculaire offici\u00eble trailer onthuld voor een nieuw sciencefiction-animatieavontuur, wat het speelfilmdebuut van Franse filmmaker Ugo&hellip;\n","protected":false},"author":2,"featured_media":48366,"comment_status":"","ping_status":"","sticky":false,"template":"","format":"standard","meta":{"footnotes":""},"categories":[26],"tags":[99,48,98,102,103,101,46,47,49,45,50],"class_list":{"0":"post-48365","1":"post","2":"type-post","3":"status-publish","4":"format-standard","5":"has-post-thumbnail","7":"category-films","8":"tag-amusement","9":"tag-dutch","10":"tag-entertainment","11":"tag-film","12":"tag-films","13":"tag-movies","14":"tag-nederland","15":"tag-nederlanden","16":"tag-nederlands","17":"tag-netherlands","18":"tag-nl"},"share_on_mastodon":{"url":"https:\/\/pubeurope.com\/@nl\/115510475691061566","error":""},"_links":{"self":[{"href":"https:\/\/www.europesays.com\/nl\/wp-json\/wp\/v2\/posts\/48365","targetHints":{"allow":["GET"]}}],"collection":[{"href":"https:\/\/www.europesays.com\/nl\/wp-json\/wp\/v2\/posts"}],"about":[{"href":"https:\/\/www.europesays.com\/nl\/wp-json\/wp\/v2\/types\/post"}],"author":[{"embeddable":true,"href":"https:\/\/www.europesays.com\/nl\/wp-json\/wp\/v2\/users\/2"}],"replies":[{"embeddable":true,"href":"https:\/\/www.europesays.com\/nl\/wp-json\/wp\/v2\/comments?post=48365"}],"version-history":[{"count":0,"href":"https:\/\/www.europesays.com\/nl\/wp-json\/wp\/v2\/posts\/48365\/revisions"}],"wp:featuredmedia":[{"embeddable":true,"href":"https:\/\/www.europesays.com\/nl\/wp-json\/wp\/v2\/media\/48366"}],"wp:attachment":[{"href":"https:\/\/www.europesays.com\/nl\/wp-json\/wp\/v2\/media?parent=48365"}],"wp:term":[{"taxonomy":"category","embeddable":true,"href":"https:\/\/www.europesays.com\/nl\/wp-json\/wp\/v2\/categories?post=48365"},{"taxonomy":"post_tag","embeddable":true,"href":"https:\/\/www.europesays.com\/nl\/wp-json\/wp\/v2\/tags?post=48365"}],"curies":[{"name":"wp","href":"https:\/\/api.w.org\/{rel}","templated":true}]}}