{"id":48605,"date":"2025-11-08T07:35:08","date_gmt":"2025-11-08T07:35:08","guid":{"rendered":"https:\/\/www.europesays.com\/nl\/48605\/"},"modified":"2025-11-08T07:35:08","modified_gmt":"2025-11-08T07:35:08","slug":"ook-luchtiger-onderwerpen-op-tv-veel-mensen-in-oekraine-willen-meer-dan-alleen-oorlogsnieuws","status":"publish","type":"post","link":"https:\/\/www.europesays.com\/nl\/48605\/","title":{"rendered":"Ook luchtiger onderwerpen op tv: veel mensen in Oekra\u00efne willen meer dan alleen oorlogsnieuws"},"content":{"rendered":"<p class=\"paragraph alinea-paragraph\" data-v-1d362aa7=\"\" data-v-29d7a2fc=\"\">&#8220;We kregen reacties van onze kijkers, dat ze iets anders wilden zien dan alleen oorlog. En dus hebben we de programmering veranderd&#8221;, vertelt Olesya Turchin. Ze is presentatrice bij Kyiv TV, een van de belangrijkste tv-stations van de Oekra\u00efense hoofdstad.<\/p>\n<p>&#8216;Meer lifestyle, cultuur en uitgaanstips&#8217;<\/p>\n<p class=\"paragraph alinea-paragraph\" data-v-1d362aa7=\"\" data-v-29d7a2fc=\"\">Ooit was het een vesting, maar nu zijn de zandzakken voor de studio weg. En ook op de redactie van Kyiv TV heerst een andere sfeer dan in 2022, toen de Russen op weg naar Kyiv waren. Maar niet alleen de sfeer is veranderd, ook de uitzendingen zijn aangepast.<\/p>\n<p class=\"paragraph alinea-paragraph\" data-v-1d362aa7=\"\" data-v-29d7a2fc=\"\">&#8220;Meer &#8216;lifestyle&#8217;, meer cultuur, meer uitgaanstips&#8221;, vertelt de presentatrice. &#8220;En wat ook anders is: we wonen en slapen hier niet meer.&#8221; Toen de Russische invasie in februari 2022 begon, overnachtten veel medewerkers op de redactie. Overal lagen matrassen en er liepen zelfs huisdieren rond.<\/p>\n<p>Dubbel gevoel<\/p>\n<p class=\"paragraph alinea-paragraph\" data-v-1d362aa7=\"\" data-v-29d7a2fc=\"\">Olesya was toen actief als verslaggever aan de frontlinie, alle zendtijd van Kyiv TV was gevuld met de oorlog. Inmiddels presenteert ze de ochtendshow en interviewt ze vandaag een regisseur die vertelt over de nieuwste opera die in Kyiv wordt opgevoerd.<\/p>\n<p class=\"paragraph alinea-paragraph\" data-v-1d362aa7=\"\" data-v-29d7a2fc=\"\">&#8220;Het zijn gouden tijden voor het theater. Je kunt niet 24 uur per dag met de oorlog bezig zijn, dat is slecht voor je mentale gezondheid&#8221;, zegt ze. Maar Olesya staat er wel dubbel in. &#8220;We moeten alles doen om de oorlog te winnen, maar velen doen er helemaal niets voor. En dat is een probleem, want we hebben niet genoeg mankracht om tegen de Russen te blijven vechten.&#8221;<\/p>\n<p>Oorlog laten zien<\/p>\n<p class=\"paragraph alinea-paragraph\" data-v-1d362aa7=\"\" data-v-29d7a2fc=\"\">Wie wel nog 24\/7 met de oorlog bezig is, is AP-fotograaf Evgeniy Maloletka. Hij maakte de misschien wel bekendste foto van deze oorlog: een zwangere vrouw op een brancard voor een gebombardeerd ziekenhuis in Marioepol. Hij won er de World Press Photo mee en vindt het moeilijk om te bedenken dat eenzelfde foto nu evenveel impact zou hebben.<\/p>\n<p class=\"paragraph alinea-paragraph\" data-v-1d362aa7=\"\" data-v-29d7a2fc=\"\">&#8220;Het is wel duidelijk dat hoe langer de oorlog duurt, des te moeilijker het wordt voor journalisten om een goed en sterk beeld te vangen&#8221;, merkt Maloletka op.<\/p>\n<p>AP-fotograaf Maloletka maakte in 2022 deze foto voor een gebombardeerd ziekenhuisRisico groter door drones<\/p>\n<p class=\"paragraph alinea-paragraph\" data-v-1d362aa7=\"\" data-v-29d7a2fc=\"\">&#8220;Dat heeft ook met veiligheid te maken&#8221;, gaat de AP-fotograaf verder. &#8220;Door drones kunnen we vaak niet meer zo dicht bij de frontlinie opereren als we in het begin deden, dicht op de infanterieposities. Het is niet helemaal onmogelijk, maar de risico&#8217;s zijn veel groter.&#8221;<\/p>\n<p class=\"paragraph alinea-paragraph\" data-v-1d362aa7=\"\" data-v-29d7a2fc=\"\">Vroeger kon je als fotograaf bijvoorbeeld achter een gebouw schuilen tegen inkomend vuur, weet Maloletka. Nu vliegt een drone om het gebouw heen en stort het zich op je. De fotograaf probeert daarom nu andere invalshoeken te vinden of verhalen anders te vertellen, zodat het publiek toch nog ge\u00efnteresseerd blijft.<\/p>\n<p>&#8216;Probeer mijn ziel te beschermen&#8217;<\/p>\n<p class=\"paragraph alinea-paragraph\" data-v-1d362aa7=\"\" data-v-29d7a2fc=\"\">Maar na een rondvraag, op straat in Kyiv, blijkt dat dit lastig is. Zo zegt een vrouw: &#8220;Ik volg de oorlog uiteraard, maar ik probeer ook mijn ziel te beschermen. Ik werk, ik sport en ben nu onderweg naar het theater. Ik probeer gelukkig te zijn.&#8221;<\/p>\n<p class=\"paragraph alinea-paragraph\" data-v-1d362aa7=\"\" data-v-29d7a2fc=\"\">Een andere vrouw, Anna, zegt: &#8220;Eerst keek ik alles, later maakte mij dat verdrietig en besloot ik niet meer elke dag het nieuws te volgen. Mensen hier willen in het nu leven, want misschien is er geen morgen. En wat verandert er nou door alles te blijven kijken?&#8221;<\/p>\n<p>Gevecht tegen Russische leugens<\/p>\n<p class=\"paragraph alinea-paragraph\" data-v-1d362aa7=\"\" data-v-29d7a2fc=\"\">Toch probeert onafhankelijk filmmaker Nikola But, net als AP-fotograaf Maloletka, de oorlog op de agenda te houden. But doet dit vooral internationaal. Hij maakte met zijn eigen geld een korte film &#8216;1% of war&#8217;, over mensen die aan de frontlinie wonen en ge\u00ebvacueerd moeten worden. Het materiaal is gefilmd door de evacuatieteams zelf.<\/p>\n<p class=\"paragraph alinea-paragraph\" data-v-1d362aa7=\"\" data-v-29d7a2fc=\"\">&#8220;Mijn team en ik wilden het gratis doen, zodat iedereen exact ziet wat hier gebeurt. Ook als tegenhanger tegen Russische propaganda die erg goed georganiseerd is. Dit is ons gevecht tegen Russische leugens&#8221;, vertelt hij over de documentaire waarmee hij langs verschillende filmfestivals in Europa ging.<\/p>\n<p>Geschiedenis registreren<\/p>\n<p class=\"paragraph alinea-paragraph\" data-v-1d362aa7=\"\" data-v-29d7a2fc=\"\">Op zijn tocht door Europa merkte But dat hoe verder weg hij van Oekra\u00efne was, hoe minder de film in trek was. &#8220;Zoals in Spanje bijvoorbeeld.&#8221; Maar hij vindt het belangrijk dat de oorlog sowieso wordt vastgelegd. &#8220;Zodat we, ook al is de oorlog straks voorbij, onze historie hebben geregistreerd.&#8221; Inmiddels is de film gratis via YouTube te bekijken.<\/p>\n<p class=\"paragraph alinea-paragraph\" data-v-1d362aa7=\"\" data-v-29d7a2fc=\"\">Ook AP-fotograaf Maloletka vindt het registreren van de oorlog een belangrijk doel. &#8220;We zien soms later pas wat de betekenis van een bepaalde foto is.&#8221;<\/p>\n<p>&#8216;Het is ook een Europese oorlog&#8217;<\/p>\n<p class=\"paragraph alinea-paragraph\" data-v-1d362aa7=\"\" data-v-29d7a2fc=\"\">TV presentatrice Turchin snapt wel dat niet iedereen meer de aandacht continu op Oekra\u00efne richt. &#8220;Toen er oorlog in Syri\u00eb was, waren we daar in Oekra\u00efne ook niet zo in ge\u00efnteresseerd.&#8221; Dat de aandacht voor een oorlog, hoe langer hij duurt, minder wordt, is haar dus niet onbekend. Toch hoopt documentairemaker But dat Oekra\u00efne w\u00e9l bij iedereen in het vizier blijft, ook als de oorlog nog veel langer duurt. &#8220;Omdat het ook een Europese oorlog is.&#8221;<\/p>\n<p class=\"paragraph alinea-paragraph\" data-v-1d362aa7=\"\" data-v-29d7a2fc=\"\">Hij werkt intussen aan een volgende film, in de hoop dat alle informatie en alle heftige beelden druk zetten op internationale politici om tot een oplossing te komen. &#8220;We moeten wel. President Trump wil eigenlijk alleen dat het n\u00edeuws over de oorlog in Oekra\u00efne stopt. Maar voor ons telt alleen dat de oorlog zelf ophoudt.&#8221;<\/p>\n","protected":false},"excerpt":{"rendered":"&#8220;We kregen reacties van onze kijkers, dat ze iets anders wilden zien dan alleen oorlog. En dus hebben&hellip;\n","protected":false},"author":2,"featured_media":48606,"comment_status":"","ping_status":"","sticky":false,"template":"","format":"standard","meta":{"footnotes":""},"categories":[15],"tags":[39,40,397,48,43,44,1688,34,35,7832,41,42,46,47,49,45,32,33,50,321,320,155,36,37,38,67,64,65,66],"class_list":{"0":"post-48605","1":"post","2":"type-post","3":"status-publish","4":"format-standard","5":"has-post-thumbnail","7":"category-wereld","8":"tag-breaking-news","9":"tag-breakingnews","10":"tag-buitenland","11":"tag-dutch","12":"tag-featured-news","13":"tag-featurednews","14":"tag-geopolitiek","15":"tag-headlines","16":"tag-hoofdpunten","17":"tag-journalistiek","18":"tag-latest-news","19":"tag-latestnews","20":"tag-nederland","21":"tag-nederlanden","22":"tag-nederlands","23":"tag-netherlands","24":"tag-news","25":"tag-nieuws","26":"tag-nl","27":"tag-oekraine","28":"tag-oorlog","29":"tag-rusland","30":"tag-top-stories","31":"tag-topstories","32":"tag-voorpaginanieuws","33":"tag-wereld","34":"tag-world","35":"tag-world-news","36":"tag-worldnews"},"share_on_mastodon":{"url":"https:\/\/pubeurope.com\/@nl\/115512929418562147","error":""},"_links":{"self":[{"href":"https:\/\/www.europesays.com\/nl\/wp-json\/wp\/v2\/posts\/48605","targetHints":{"allow":["GET"]}}],"collection":[{"href":"https:\/\/www.europesays.com\/nl\/wp-json\/wp\/v2\/posts"}],"about":[{"href":"https:\/\/www.europesays.com\/nl\/wp-json\/wp\/v2\/types\/post"}],"author":[{"embeddable":true,"href":"https:\/\/www.europesays.com\/nl\/wp-json\/wp\/v2\/users\/2"}],"replies":[{"embeddable":true,"href":"https:\/\/www.europesays.com\/nl\/wp-json\/wp\/v2\/comments?post=48605"}],"version-history":[{"count":0,"href":"https:\/\/www.europesays.com\/nl\/wp-json\/wp\/v2\/posts\/48605\/revisions"}],"wp:featuredmedia":[{"embeddable":true,"href":"https:\/\/www.europesays.com\/nl\/wp-json\/wp\/v2\/media\/48606"}],"wp:attachment":[{"href":"https:\/\/www.europesays.com\/nl\/wp-json\/wp\/v2\/media?parent=48605"}],"wp:term":[{"taxonomy":"category","embeddable":true,"href":"https:\/\/www.europesays.com\/nl\/wp-json\/wp\/v2\/categories?post=48605"},{"taxonomy":"post_tag","embeddable":true,"href":"https:\/\/www.europesays.com\/nl\/wp-json\/wp\/v2\/tags?post=48605"}],"curies":[{"name":"wp","href":"https:\/\/api.w.org\/{rel}","templated":true}]}}