{"id":49785,"date":"2025-11-09T14:55:10","date_gmt":"2025-11-09T14:55:10","guid":{"rendered":"https:\/\/www.europesays.com\/nl\/49785\/"},"modified":"2025-11-09T14:55:10","modified_gmt":"2025-11-09T14:55:10","slug":"onverwachte-regen-interlagos-fopt-alle-weersvoorspellingen-porsches-rijden-natte-race","status":"publish","type":"post","link":"https:\/\/www.europesays.com\/nl\/49785\/","title":{"rendered":"Onverwachte regen Interlagos fopt alle weersvoorspellingen, Porsches rijden natte race"},"content":{"rendered":"<p>Ok\u00e9, ok\u00e9, op het moment van schrijven duurt het nog ruim vijf uur voordat de Formule 1 GP van Brazili\u00eb van start gaat, maar tegen alle verwachtingen in is de eerste regen van de dag al gevallen op het circuit nabij Sao Paulo.<\/p>\n<p>Waar vrijwel alle voorspellingen uitgingen van een volledig droge zondag, regent het om 12:00 uur Nederlandse tijd in Sao Paulo en best behoorlijk ook nog. De foto boven het artikel is van 12:30 uur. Natuurlijk hadden we de situatie nauwgezet voor je in de gaten.\u00a0<\/p>\n<p>Update 13:45 uur: Inmiddels begint het flink op te klaren boven Interlagos, al is er wel nog sprake vol een vol pak stapelwolken.\u00a0<\/p>\n<p>Update 15:30 uur: Het regent nu alweer een klein halfuurtje op Interlagos, waar het voor de Braziliaanse Porsche Carrera Cup glibberen en glijden geblazen is. Voor de Formule 1 zouden we op dit moment spreken van omstandigheden voor intermediates.<\/p>\n","protected":false},"excerpt":{"rendered":"Ok\u00e9, ok\u00e9, op het moment van schrijven duurt het nog ruim vijf uur voordat de Formule 1 GP&hellip;\n","protected":false},"author":2,"featured_media":49786,"comment_status":"","ping_status":"","sticky":false,"template":"","format":"standard","meta":{"footnotes":""},"categories":[21],"tags":[54,48,51,52,46,47,49,45,50,53,92,91],"class_list":{"0":"post-49785","1":"post","2":"type-post","3":"status-publish","4":"format-standard","5":"has-post-thumbnail","7":"category-sport","8":"tag-autosport","9":"tag-dutch","10":"tag-formule-1","11":"tag-max-verstappen","12":"tag-nederland","13":"tag-nederlanden","14":"tag-nederlands","15":"tag-netherlands","16":"tag-nl","17":"tag-racing","18":"tag-sport","19":"tag-sports"},"share_on_mastodon":{"url":"https:\/\/pubeurope.com\/@nl\/115520321804178805","error":""},"_links":{"self":[{"href":"https:\/\/www.europesays.com\/nl\/wp-json\/wp\/v2\/posts\/49785","targetHints":{"allow":["GET"]}}],"collection":[{"href":"https:\/\/www.europesays.com\/nl\/wp-json\/wp\/v2\/posts"}],"about":[{"href":"https:\/\/www.europesays.com\/nl\/wp-json\/wp\/v2\/types\/post"}],"author":[{"embeddable":true,"href":"https:\/\/www.europesays.com\/nl\/wp-json\/wp\/v2\/users\/2"}],"replies":[{"embeddable":true,"href":"https:\/\/www.europesays.com\/nl\/wp-json\/wp\/v2\/comments?post=49785"}],"version-history":[{"count":0,"href":"https:\/\/www.europesays.com\/nl\/wp-json\/wp\/v2\/posts\/49785\/revisions"}],"wp:featuredmedia":[{"embeddable":true,"href":"https:\/\/www.europesays.com\/nl\/wp-json\/wp\/v2\/media\/49786"}],"wp:attachment":[{"href":"https:\/\/www.europesays.com\/nl\/wp-json\/wp\/v2\/media?parent=49785"}],"wp:term":[{"taxonomy":"category","embeddable":true,"href":"https:\/\/www.europesays.com\/nl\/wp-json\/wp\/v2\/categories?post=49785"},{"taxonomy":"post_tag","embeddable":true,"href":"https:\/\/www.europesays.com\/nl\/wp-json\/wp\/v2\/tags?post=49785"}],"curies":[{"name":"wp","href":"https:\/\/api.w.org\/{rel}","templated":true}]}}