{"id":49961,"date":"2025-11-09T18:59:12","date_gmt":"2025-11-09T18:59:12","guid":{"rendered":"https:\/\/www.europesays.com\/nl\/49961\/"},"modified":"2025-11-09T18:59:12","modified_gmt":"2025-11-09T18:59:12","slug":"ingrid-uit-bb-vol-liefde-deelt-eerste-foto-met-kleinkind","status":"publish","type":"post","link":"https:\/\/www.europesays.com\/nl\/49961\/","title":{"rendered":"Ingrid uit B&#038;B Vol Liefde deelt eerste foto met kleinkind"},"content":{"rendered":"<p>&#8216;My lovely Sol&#8217;, schrijft de B&amp;B-eigenaresse bij de foto waarop ze stralend haar kleinkind vasthoudt. Haar dochter Eef beviel op 21 september van een meisje.<\/p>\n<p>Niet alleen het moederschap brengt vreugde, ook de liefde bloeit volop. Eef is inmiddels verloofd en staat te popelen om het ja-woord te geven. Ingrid denkt zelfs aan een terugkeer naar Nederland, mits ze haar B&amp;B op Lesbos kan verkopen. E\u00e9n ding is duidelijk: oma zijn staat nu op nummer \u00e9\u00e9n.<\/p>\n<p>Tekst gaat verder onder de Instagram-post.\u00a0<\/p>\n<p>Onder de post regent het felicitaties. Volgers reageren met hartjes, complimenten en liefdevolle woorden. &#8216;Wat een liefde straalt hier vanaf&#8217;, schrijft iemand. Een ander smelt bij het beeld: &#8216;Dit is puur geluk.&#8217;<\/p>\n<p>De liefde stond in B&amp;B Vol Liefde dan misschien niet voor de deur, maar Ingrid heeft eerder laten doorschemeren dat er weer iemand op haar pad is. Volgens haar &#8216;kriebelde er iets&#8217;. Hoe het daar nu mee zit, zie je in de video hieronder.<\/p>\n","protected":false},"excerpt":{"rendered":"&#8216;My lovely Sol&#8217;, schrijft de B&amp;B-eigenaresse bij de foto waarop ze stralend haar kleinkind vasthoudt. Haar dochter Eef&hellip;\n","protected":false},"author":2,"featured_media":49962,"comment_status":"","ping_status":"","sticky":false,"template":"","format":"standard","meta":{"footnotes":""},"categories":[31],"tags":[99,147,48,98,46,47,49,45,50],"class_list":{"0":"post-49961","1":"post","2":"type-post","3":"status-publish","4":"format-standard","5":"has-post-thumbnail","7":"category-celebrities","8":"tag-amusement","9":"tag-celebrities","10":"tag-dutch","11":"tag-entertainment","12":"tag-nederland","13":"tag-nederlanden","14":"tag-nederlands","15":"tag-netherlands","16":"tag-nl"},"share_on_mastodon":{"url":"https:\/\/pubeurope.com\/@nl\/115521281498334522","error":""},"_links":{"self":[{"href":"https:\/\/www.europesays.com\/nl\/wp-json\/wp\/v2\/posts\/49961","targetHints":{"allow":["GET"]}}],"collection":[{"href":"https:\/\/www.europesays.com\/nl\/wp-json\/wp\/v2\/posts"}],"about":[{"href":"https:\/\/www.europesays.com\/nl\/wp-json\/wp\/v2\/types\/post"}],"author":[{"embeddable":true,"href":"https:\/\/www.europesays.com\/nl\/wp-json\/wp\/v2\/users\/2"}],"replies":[{"embeddable":true,"href":"https:\/\/www.europesays.com\/nl\/wp-json\/wp\/v2\/comments?post=49961"}],"version-history":[{"count":0,"href":"https:\/\/www.europesays.com\/nl\/wp-json\/wp\/v2\/posts\/49961\/revisions"}],"wp:featuredmedia":[{"embeddable":true,"href":"https:\/\/www.europesays.com\/nl\/wp-json\/wp\/v2\/media\/49962"}],"wp:attachment":[{"href":"https:\/\/www.europesays.com\/nl\/wp-json\/wp\/v2\/media?parent=49961"}],"wp:term":[{"taxonomy":"category","embeddable":true,"href":"https:\/\/www.europesays.com\/nl\/wp-json\/wp\/v2\/categories?post=49961"},{"taxonomy":"post_tag","embeddable":true,"href":"https:\/\/www.europesays.com\/nl\/wp-json\/wp\/v2\/tags?post=49961"}],"curies":[{"name":"wp","href":"https:\/\/api.w.org\/{rel}","templated":true}]}}