{"id":50018,"date":"2025-11-09T20:22:09","date_gmt":"2025-11-09T20:22:09","guid":{"rendered":"https:\/\/www.europesays.com\/nl\/50018\/"},"modified":"2025-11-09T20:22:09","modified_gmt":"2025-11-09T20:22:09","slug":"wk-stand-formule-1-na-gp-brazilie-verstappen-doet-aan-ultieme-schadebeperking","status":"publish","type":"post","link":"https:\/\/www.europesays.com\/nl\/50018\/","title":{"rendered":"WK-stand Formule 1 na GP Brazili\u00eb: Verstappen doet aan ultieme schadebeperking"},"content":{"rendered":"<p>Waar het verschil tussen Lando Norris en Oscar Piastri in de WK-stand na het weekend in Mexico slechts \u00e9\u00e9n punt was in het voordeel van Norris, is dat verschil na het weekend in Brazili\u00eb 24 punten. Norris won de race op Interlagos, terwijl Piastri niet verder kwam dan P5.<\/p>\n<p>Max Verstappen deed ondertussen aan schadebeperking in optima forma. Hij wist na een start vanuit de pitstraat naar een derde positie te rijden. Verstappen is nog steeds de nummer drie in de WK-stand, met een achterstand van 49 punten op Norris.<\/p>\n<p>Bekijk de volledige WK-stand hieronder!<\/p>\n","protected":false},"excerpt":{"rendered":"Waar het verschil tussen Lando Norris en Oscar Piastri in de WK-stand na het weekend in Mexico slechts&hellip;\n","protected":false},"author":2,"featured_media":50019,"comment_status":"","ping_status":"","sticky":false,"template":"","format":"standard","meta":{"footnotes":""},"categories":[5],"tags":[54,39,40,48,43,44,51,34,35,41,42,52,46,47,49,45,32,33,50,53,36,37,38],"class_list":{"0":"post-50018","1":"post","2":"type-post","3":"status-publish","4":"format-standard","5":"has-post-thumbnail","7":"category-hoofdpunten","8":"tag-autosport","9":"tag-breaking-news","10":"tag-breakingnews","11":"tag-dutch","12":"tag-featured-news","13":"tag-featurednews","14":"tag-formule-1","15":"tag-headlines","16":"tag-hoofdpunten","17":"tag-latest-news","18":"tag-latestnews","19":"tag-max-verstappen","20":"tag-nederland","21":"tag-nederlanden","22":"tag-nederlands","23":"tag-netherlands","24":"tag-news","25":"tag-nieuws","26":"tag-nl","27":"tag-racing","28":"tag-top-stories","29":"tag-topstories","30":"tag-voorpaginanieuws"},"share_on_mastodon":{"url":"https:\/\/pubeurope.com\/@nl\/115521607620074793","error":""},"_links":{"self":[{"href":"https:\/\/www.europesays.com\/nl\/wp-json\/wp\/v2\/posts\/50018","targetHints":{"allow":["GET"]}}],"collection":[{"href":"https:\/\/www.europesays.com\/nl\/wp-json\/wp\/v2\/posts"}],"about":[{"href":"https:\/\/www.europesays.com\/nl\/wp-json\/wp\/v2\/types\/post"}],"author":[{"embeddable":true,"href":"https:\/\/www.europesays.com\/nl\/wp-json\/wp\/v2\/users\/2"}],"replies":[{"embeddable":true,"href":"https:\/\/www.europesays.com\/nl\/wp-json\/wp\/v2\/comments?post=50018"}],"version-history":[{"count":0,"href":"https:\/\/www.europesays.com\/nl\/wp-json\/wp\/v2\/posts\/50018\/revisions"}],"wp:featuredmedia":[{"embeddable":true,"href":"https:\/\/www.europesays.com\/nl\/wp-json\/wp\/v2\/media\/50019"}],"wp:attachment":[{"href":"https:\/\/www.europesays.com\/nl\/wp-json\/wp\/v2\/media?parent=50018"}],"wp:term":[{"taxonomy":"category","embeddable":true,"href":"https:\/\/www.europesays.com\/nl\/wp-json\/wp\/v2\/categories?post=50018"},{"taxonomy":"post_tag","embeddable":true,"href":"https:\/\/www.europesays.com\/nl\/wp-json\/wp\/v2\/tags?post=50018"}],"curies":[{"name":"wp","href":"https:\/\/api.w.org\/{rel}","templated":true}]}}