{"id":50268,"date":"2025-11-10T07:20:12","date_gmt":"2025-11-10T07:20:12","guid":{"rendered":"https:\/\/www.europesays.com\/nl\/50268\/"},"modified":"2025-11-10T07:20:12","modified_gmt":"2025-11-10T07:20:12","slug":"andre-hazes-jr-post-pas-na-half-jaar-foto-nieuwe-liefje","status":"publish","type":"post","link":"https:\/\/www.europesays.com\/nl\/50268\/","title":{"rendered":"Andr\u00e9 Hazes jr. post pas na half jaar foto nieuwe liefje"},"content":{"rendered":"<p>Het is een behoorlijke trendbreuk: Andr\u00e9 Hazes jr. heeft het maar liefst zes maanden (!) lang volgehouden om zijn liefdesleven niet te etaleren op de socials. Maar vannacht is het toch gebeurd. \u201cTijd!\u201d<\/p>\n<p>        Door onze entertainmentredactie<\/p>\n<p>        <img fetchpriority=\"high\" decoding=\"async\" width=\"1280\" height=\"720\" src=\"https:\/\/www.europesays.com\/nl\/wp-content\/uploads\/2025\/11\/1110-Andre-Noa.jpg\" class=\"attachment-post-thumbnail size-post-thumbnail wp-post-image\" alt=\"Andr\u00e9 Hazes jr. en Noa Braaf\"  \/>        \u00a9 Instagram    <\/p>\n<p>Andr\u00e9 Hazes jr. was tijdens de hoogtijdagen van Yvonne Coldeweijer de meest besproken artiest van Nederland, maar haar abdicatie als juicekoningin betekende ook de neergang van zijn relevantie. Elke poep en scheet van de volkszanger werd breed uitgemeten. Vooral zijn relaties met Bridget Maasland en Sarah van Soelen waren veelbesproken.<\/p>\n<p>Zes maanden<\/p>\n<p>Eigenlijk riep Andr\u00e9 alle rumoer over zichzelf af, want hij etaleerde zijn liefdesleven altijd tot in detail op de socials. Hij kondigde nog n\u00e9t niet zijn eerste date aan \u2014 in het geval van Bridget had dat ook iets te pikant geweest, iets met een slipje op de enkels \u2014 maar bij de tweede date plaatste hij direct Insta-foto\u2019s van de nieuwe \u2018grote liefde van zijn leven\u2019. <\/p>\n<p>Hoe anders is dat bij de nieuwste meid waar Andr\u00e9 zijn knipperlichtrelatie met Monique Westenberg mee afwisselt: Noa Braaf. We weten al een tijdje dat de twee samen zijn, maar pas afgelopen nacht heeft Andr\u00e9 de eerste foto\u2019s van hen samen op zijn <a href=\"https:\/\/www.instagram.com\/p\/DQ2q_E-iKDf\/?img_index=1\" rel=\"nofollow noopener\" target=\"_blank\">Instagram<\/a> geplaatst. En vanaf nu zal hij daar dus wel aardig mee losgaan.<\/p>\n<p>Broodje kebab<\/p>\n<p>Andr\u00e9 heeft drie foto\u2019s van hem en zijn nieuwe liefje geplaatst (zie onderstaand): \u00e9\u00e9n waarop ze een broodje met Grieks vlees eten, \u00e9\u00e9n waarop ze in de zon zitten en \u00e9\u00e9n waarop ze door de pittoreske straatjes van een vakantie-eiland slenteren. En je raadt het al: het is de nieuwe grote liefde van zijn leven.<\/p>\n<p>De volkszanger schrijft erbij: \u201cWanneer is een goed moment om onze eerste foto\u2019s samen te posten? In ieder geval in goed overleg met mensen die heel dicht bij mij staan, mij dierbaar zijn en voor wie het misschien een beetje gek kan zijn om ons zo samen op hun scherm te zien\u2026\u201d<\/p>\n<p>Zes maanden<\/p>\n<p>Het is evident dat Andr\u00e9 hier vooral op zijn zoontje doelt. Monique wil niet dat het jochie elke keer weer aan Andr\u00e9\u2019s nieuwste scharrel wordt voorgesteld. En zelf wilde hij dat kennelijk ook niet.<\/p>\n<p>Er is een termijn afgesproken, besluit Andr\u00e9. \u201cZes maanden hadden we daarvoor bedacht. En die 6 maanden zijn voorbij. En om ons zo samen te zien op jouw verjaardag maakt het dubbel mooi. Je bent zo\u2019n sterke, lieve, wijze schat. Ik ben blij met jou! Gefeliciteerd liefie, met je 25e verjaardag! \u2764\ufe0f\u201d<\/p>\n<p>Andr\u00e9 zelf is 31 jaar. Zijn ex Monique tikt over twee jaar de 50 aan.<\/p>\n<p>Instagram<\/p>\n<p>Andr\u00e9\u2019s post:<\/p>\n<blockquote class=\"instagram-media\" data-instgrm-captioned=\"\" data-instgrm-permalink=\"https:\/\/www.instagram.com\/p\/DQ2q_E-iKDf\/?utm_source=ig_embed&amp;utm_campaign=loading\" data-instgrm-version=\"14\" style=\" background:#FFF; border:0; border-radius:3px; box-shadow:0 0 1px 0 rgba(0,0,0,0.5),0 1px 10px 0 rgba(0,0,0,0.15); margin: 1px; max-width:540px; min-width:326px; padding:0; width:99.375%; width:-webkit-calc(100% - 2px); width:calc(100% - 2px);\"\/>\n<p>    <script async src=\"\/\/www.instagram.com\/embed.js\"><\/script><\/p>\n","protected":false},"excerpt":{"rendered":"Het is een behoorlijke trendbreuk: Andr\u00e9 Hazes jr. heeft het maar liefst zes maanden (!) lang volgehouden om&hellip;\n","protected":false},"author":2,"featured_media":50269,"comment_status":"","ping_status":"","sticky":false,"template":"","format":"standard","meta":{"footnotes":""},"categories":[5],"tags":[2497,39,40,48,43,44,34,35,41,42,46,47,49,45,32,33,50,36,37,38],"class_list":{"0":"post-50268","1":"post","2":"type-post","3":"status-publish","4":"format-standard","5":"has-post-thumbnail","7":"category-hoofdpunten","8":"tag-andre-hazes-jr","9":"tag-breaking-news","10":"tag-breakingnews","11":"tag-dutch","12":"tag-featured-news","13":"tag-featurednews","14":"tag-headlines","15":"tag-hoofdpunten","16":"tag-latest-news","17":"tag-latestnews","18":"tag-nederland","19":"tag-nederlanden","20":"tag-nederlands","21":"tag-netherlands","22":"tag-news","23":"tag-nieuws","24":"tag-nl","25":"tag-top-stories","26":"tag-topstories","27":"tag-voorpaginanieuws"},"share_on_mastodon":{"url":"https:\/\/pubeurope.com\/@nl\/115524195094722290","error":""},"_links":{"self":[{"href":"https:\/\/www.europesays.com\/nl\/wp-json\/wp\/v2\/posts\/50268","targetHints":{"allow":["GET"]}}],"collection":[{"href":"https:\/\/www.europesays.com\/nl\/wp-json\/wp\/v2\/posts"}],"about":[{"href":"https:\/\/www.europesays.com\/nl\/wp-json\/wp\/v2\/types\/post"}],"author":[{"embeddable":true,"href":"https:\/\/www.europesays.com\/nl\/wp-json\/wp\/v2\/users\/2"}],"replies":[{"embeddable":true,"href":"https:\/\/www.europesays.com\/nl\/wp-json\/wp\/v2\/comments?post=50268"}],"version-history":[{"count":0,"href":"https:\/\/www.europesays.com\/nl\/wp-json\/wp\/v2\/posts\/50268\/revisions"}],"wp:featuredmedia":[{"embeddable":true,"href":"https:\/\/www.europesays.com\/nl\/wp-json\/wp\/v2\/media\/50269"}],"wp:attachment":[{"href":"https:\/\/www.europesays.com\/nl\/wp-json\/wp\/v2\/media?parent=50268"}],"wp:term":[{"taxonomy":"category","embeddable":true,"href":"https:\/\/www.europesays.com\/nl\/wp-json\/wp\/v2\/categories?post=50268"},{"taxonomy":"post_tag","embeddable":true,"href":"https:\/\/www.europesays.com\/nl\/wp-json\/wp\/v2\/tags?post=50268"}],"curies":[{"name":"wp","href":"https:\/\/api.w.org\/{rel}","templated":true}]}}