{"id":50284,"date":"2025-11-10T07:49:07","date_gmt":"2025-11-10T07:49:07","guid":{"rendered":"https:\/\/www.europesays.com\/nl\/50284\/"},"modified":"2025-11-10T07:49:07","modified_gmt":"2025-11-10T07:49:07","slug":"even-tot-hier-duo-echt-veel-beter","status":"publish","type":"post","link":"https:\/\/www.europesays.com\/nl\/50284\/","title":{"rendered":"\u2018Even Tot Hier-duo echt v\u00e9\u00e9l beter\u2019"},"content":{"rendered":"<p>Het kan niet anders dan dat Arjen Lubach met een knoop in zijn maag richting de jaarwisseling gaat: was die overstap naar RTL 4 nou wel zo\u2019n goed idee? \u201cHet Even Tot Hier-duo is v\u00e9\u00e9l beter!\u201d<\/p>\n<p>        Door onze entertainmentredactie<\/p>\n<p>        <img fetchpriority=\"high\" decoding=\"async\" width=\"1280\" height=\"720\" src=\"https:\/\/www.europesays.com\/nl\/wp-content\/uploads\/2025\/11\/0530-ETH-Lubach.jpg\" class=\"attachment-post-thumbnail size-post-thumbnail wp-post-image\" alt=\"Even Tot Hier en Arjen Lubach\"  \/>        \u00a9 BNNVARA, VPRO    <\/p>\n<p>Arjen Lubach is zijn magie verloren. Op een of andere manier is zijn relevantie en impact extreem sterk afgenomen sinds hij is overgestapt van \u2019s lands meest bekeken tv-zender NPO 1 naar het commerci\u00eble RTL 4. Het pijnlijkste is nog wel dat hij bij de afgelopen verkiezingen nog geen deuk in een pakje boter sloeg; werkelijk niemand had het over Arjen.<\/p>\n<p>Geen dubbeling<\/p>\n<p>E\u00e9n van de bijzaken waarom Arjen vertrok bij de publieke omroep \u2014 de hoofdreden was natuurlijk geld \u2014 is dat hij niet zelf kon bepalen in welke uitzendweken hij te zien was. De omroeptop wilde namelijk geen dubbeling met Even Tot Hier: de twee programma\u2019s waren n\u00f3\u00f3it in dezelfde week op de buis. En nu blijkt waarom Arjen daar juist van profiteerde.<\/p>\n<p>Even Tot Hier is teruggekeerd met een bang: het item over Marco Borsato werd extreem veel besproken en de kijkcijfers zijn torenhoog. En daar kan Arjen inmiddels alleen nog maar van dromen. Tot overmaat van ramp krijgt hij ook de ene na de andere tv-criticus over zich heen. Ditmaal is Tina Nijkamp aan de beurt.<\/p>\n<p>Back on track<\/p>\n<p>Tina was een tijdje kritisch over Even Tot Hier, maar vindt dat Niels van der Laan en Jeroen Woe zich hebben herpakt. \u201cIk vond het sowieso veel en veel beter dan de afgelopen twee seizoenen\u201d, zegt ze in de podcast <a href=\"https:\/\/open.spotify.com\/episode\/734yp6QRrQV5LfXGws6RCG?si=efbd37c6db0b4790\" rel=\"nofollow noopener\" target=\"_blank\">De Mediaweek<\/a>. <\/p>\n<p>De heren hebben een aantal grijsgedraaide programma-onderdelen laten vallen. \u201cDat vond ik goed. Ik dacht: jullie zijn weer back on track, want ik vond de vorige twee seizoenen heel erg boos en zuur. Heel erg anti alles. En w\u00e9\u00e9r een grap over Gordon, w\u00e9\u00e9r een grap over Rachel Hazes. Ik vond het nu origineler.\u201d<\/p>\n<p>Beter dan Lubach<\/p>\n<p>De seizoensopener was puur genieten, aldus Tina. \u201cIk vond het heel erg leuk en ik dacht ook: wat zijn ze veel beter dan Lubach. Dat dacht ik ook.\u201d<\/p>\n<p>Co-host Mark Koster is het daarmee eens: \u201cVrolijker. En wat leuk is: Lubach heeft een publiek, maar die moeten voor hem klappen, en hier doet het publiek lekker mee. Die spelletjes zijn ook leuk.\u201d<\/p>\n","protected":false},"excerpt":{"rendered":"Het kan niet anders dan dat Arjen Lubach met een knoop in zijn maag richting de jaarwisseling gaat:&hellip;\n","protected":false},"author":2,"featured_media":50285,"comment_status":"","ping_status":"","sticky":false,"template":"","format":"standard","meta":{"footnotes":""},"categories":[31],"tags":[99,416,147,48,98,11178,46,47,49,45,50],"class_list":{"0":"post-50284","1":"post","2":"type-post","3":"status-publish","4":"format-standard","5":"has-post-thumbnail","7":"category-celebrities","8":"tag-amusement","9":"tag-arjen-lubach","10":"tag-celebrities","11":"tag-dutch","12":"tag-entertainment","13":"tag-even-tot-hier","14":"tag-nederland","15":"tag-nederlanden","16":"tag-nederlands","17":"tag-netherlands","18":"tag-nl"},"share_on_mastodon":{"url":"https:\/\/pubeurope.com\/@nl\/115524309080202261","error":""},"_links":{"self":[{"href":"https:\/\/www.europesays.com\/nl\/wp-json\/wp\/v2\/posts\/50284","targetHints":{"allow":["GET"]}}],"collection":[{"href":"https:\/\/www.europesays.com\/nl\/wp-json\/wp\/v2\/posts"}],"about":[{"href":"https:\/\/www.europesays.com\/nl\/wp-json\/wp\/v2\/types\/post"}],"author":[{"embeddable":true,"href":"https:\/\/www.europesays.com\/nl\/wp-json\/wp\/v2\/users\/2"}],"replies":[{"embeddable":true,"href":"https:\/\/www.europesays.com\/nl\/wp-json\/wp\/v2\/comments?post=50284"}],"version-history":[{"count":0,"href":"https:\/\/www.europesays.com\/nl\/wp-json\/wp\/v2\/posts\/50284\/revisions"}],"wp:featuredmedia":[{"embeddable":true,"href":"https:\/\/www.europesays.com\/nl\/wp-json\/wp\/v2\/media\/50285"}],"wp:attachment":[{"href":"https:\/\/www.europesays.com\/nl\/wp-json\/wp\/v2\/media?parent=50284"}],"wp:term":[{"taxonomy":"category","embeddable":true,"href":"https:\/\/www.europesays.com\/nl\/wp-json\/wp\/v2\/categories?post=50284"},{"taxonomy":"post_tag","embeddable":true,"href":"https:\/\/www.europesays.com\/nl\/wp-json\/wp\/v2\/tags?post=50284"}],"curies":[{"name":"wp","href":"https:\/\/api.w.org\/{rel}","templated":true}]}}