{"id":50352,"date":"2025-11-10T09:18:11","date_gmt":"2025-11-10T09:18:11","guid":{"rendered":"https:\/\/www.europesays.com\/nl\/50352\/"},"modified":"2025-11-10T09:18:11","modified_gmt":"2025-11-10T09:18:11","slug":"nog-niet-gezien-deze-waargebeurde-woii-film-is-vandaag-gewoon-te-bekijken-film-nieuws","status":"publish","type":"post","link":"https:\/\/www.europesays.com\/nl\/50352\/","title":{"rendered":"Nog niet gezien? Deze waargebeurde WOII-film is vandaag gewoon te bekijken | Film Nieuws"},"content":{"rendered":"<p>De goed beoordeelde biografische Tweede Wereldoorlog-film\u00a0<a href=\"https:\/\/www.moviemeter.nl\/..\/film\/995519\" rel=\"nofollow noopener\" target=\"_blank\">Darkest Hour<\/a>\u00a0 van <a href=\"https:\/\/www.moviemeter.nl\/..\/personen\/36588\/joe-wright\" rel=\"nofollow noopener\" target=\"_blank\">Joe Wright<\/a> wordt vanavond uitgezonden op televisie. In de film, die in 2017 op het witte doek verscheen, kruipt <a href=\"https:\/\/www.moviemeter.nl\/..\/personen\/64\/gary-oldman\" rel=\"nofollow noopener\" target=\"_blank\">Gary Oldman<\/a> in de huid van de Britse voormalig premier Winston Churchill en volgen we zijn inspanningen gedurende de Tweede Wereldoorlog.\u00a0&#13;<br \/>\n                                                                    &#13;\n                                                                    <\/p>\n<p>In\u00a0Darkest Hour\u00a0worden we meegenomen in het leven van de Britse voormalige premier Winston Churchill, die gedurende de Tweede Wereld de leiding heeft over Groot-Brittani\u00eb. De enerverende tijden dwingen hem er toe om vrijwel meteen na aanstelling als Prime Minister,\u00a0met de Duitse agitator om tafel te gaan en een vredesverdrag te sluiten. De koppige en volhardende Churchill besluit echter de kont tegen de krib te gooien en vechten voor de idealen en vrijheid van een natie. Wanneer de Duitsers bezig zijn West-Europa te bezetten, doet Churchill, ondanks de hevige weerstand van zijn eigen partij, een serieuze poging om de loop van de wereldgeschiedenis in de juiste richting te buigen.&#13;<br \/>\n&#13;<br \/>\n&#13;<br \/>\n&#13;<br \/>\n&#13;\n                                                                    <\/p>\n<p>Lees ook: <a href=\"https:\/\/www.moviemeter.nl\/..\/films-op-tv\/vandaag\" rel=\"nofollow noopener\" target=\"_blank\">Welke films zijn er vandaag op TV?<\/a>                                                                    <\/p>\n<p>&#13;<br \/>\n                                                                        Artikel gaat verder onder video&#13;<br \/>\n                                                                        &#13;\n                                                                    <\/p>\n<p>                                                                    Darkest Hour<\/p>\n<p>Darkest Hour\u00a0is het werk van de Britse regisseur Joe Wright, die je eveneens zou kunnen kennen van films als\u00a0<a href=\"https:\/\/www.moviemeter.nl\/..\/film\/39529\" rel=\"nofollow noopener\" target=\"_blank\">Atonement<\/a> en <a href=\"https:\/\/www.moviemeter.nl\/..\/film\/25476\" rel=\"nofollow noopener\" target=\"_blank\">Pride &amp; Prejudice<\/a>.\u00a0De film verscheen in 2017 op het witte doek en kreeg relatief goede beoordelingen van zowel critici als het grote publiek. Zo krijgt de biografische film een zeer degelijke 84%-score op Rotten Tomatoes en wordt op IMDb een even nette 7,4 gegeven. Op MovieMeter moet\u00a0Darkest Hour\u00a0het doen met een ook niet onverdienstelijke 3,50. Het mag dan ook geen grote verrassing heten dat de film in 2018 werd genomineerd voor een Oscar in maar liefst zes categorie\u00ebn, waarvan het er uiteindelijk twee mee naar huis mocht nemen, waaronder \u00e9\u00e9n voor hoofdrolspeler Gary Oldman.&#13;<br \/>\n                                                                    &#13;\n                                                                    <\/p>\n<p>Darkest Hour wordt vanavond om 19:00 uur uitgezonden op BBC 1. Hieronder is de trailer te bekijken.\u00a0<\/p>\n<p>                                                                                        <a class=\"js-overlay-start-nonpreroll\" data-url=\"https:\/\/www.youtube.com\/embed\/Zx0Ncrn6yQA\">&#13;<br \/>\n                                                                                            &#13;<br \/>\n                                                                                                &#13;<br \/>\n                                                                                                <img decoding=\"async\" src=\"https:\/\/www.europesays.com\/nl\/wp-content\/uploads\/2025\/11\/1762766291_900_sddefault.jpg\" alt=\"trailer\"\/>&#13;<br \/>\n                                                                                            &#13;<br \/>\n                                                                                        <\/a><\/p>\n","protected":false},"excerpt":{"rendered":"De goed beoordeelde biografische Tweede Wereldoorlog-film\u00a0Darkest Hour\u00a0 van Joe Wright wordt vanavond uitgezonden op televisie. In de film,&hellip;\n","protected":false},"author":2,"featured_media":50353,"comment_status":"","ping_status":"","sticky":false,"template":"","format":"standard","meta":{"footnotes":""},"categories":[26],"tags":[99,7099,6745,12627,48,98,102,583,103,12629,578,2746,12630,101,12631,46,47,49,45,50,12634,3981,12632,5917,12635,12633,12628],"class_list":{"0":"post-50352","1":"post","2":"type-post","3":"status-publish","4":"format-standard","5":"has-post-thumbnail","7":"category-films","8":"tag-amusement","9":"tag-bbc-1","10":"tag-biografische-film","11":"tag-darkest-hour","12":"tag-dutch","13":"tag-entertainment","14":"tag-film","15":"tag-film-nieuws","16":"tag-films","17":"tag-gary-oldman","18":"tag-groot-brittannie","19":"tag-historische-drama","20":"tag-joe-wright","21":"tag-movies","22":"tag-nazi-duitsland","23":"tag-nederland","24":"tag-nederlanden","25":"tag-nederlands","26":"tag-netherlands","27":"tag-nl","28":"tag-oorlogstoespraak","29":"tag-oscarnominatie","30":"tag-politieke-spanning","31":"tag-tweede-wereldoorlog","32":"tag-verzet-tegen-hitler","33":"tag-west-europa","34":"tag-winston-churchill"},"share_on_mastodon":{"url":"https:\/\/pubeurope.com\/@nl\/115524659227959930","error":""},"_links":{"self":[{"href":"https:\/\/www.europesays.com\/nl\/wp-json\/wp\/v2\/posts\/50352","targetHints":{"allow":["GET"]}}],"collection":[{"href":"https:\/\/www.europesays.com\/nl\/wp-json\/wp\/v2\/posts"}],"about":[{"href":"https:\/\/www.europesays.com\/nl\/wp-json\/wp\/v2\/types\/post"}],"author":[{"embeddable":true,"href":"https:\/\/www.europesays.com\/nl\/wp-json\/wp\/v2\/users\/2"}],"replies":[{"embeddable":true,"href":"https:\/\/www.europesays.com\/nl\/wp-json\/wp\/v2\/comments?post=50352"}],"version-history":[{"count":0,"href":"https:\/\/www.europesays.com\/nl\/wp-json\/wp\/v2\/posts\/50352\/revisions"}],"wp:featuredmedia":[{"embeddable":true,"href":"https:\/\/www.europesays.com\/nl\/wp-json\/wp\/v2\/media\/50353"}],"wp:attachment":[{"href":"https:\/\/www.europesays.com\/nl\/wp-json\/wp\/v2\/media?parent=50352"}],"wp:term":[{"taxonomy":"category","embeddable":true,"href":"https:\/\/www.europesays.com\/nl\/wp-json\/wp\/v2\/categories?post=50352"},{"taxonomy":"post_tag","embeddable":true,"href":"https:\/\/www.europesays.com\/nl\/wp-json\/wp\/v2\/tags?post=50352"}],"curies":[{"name":"wp","href":"https:\/\/api.w.org\/{rel}","templated":true}]}}