{"id":50458,"date":"2025-11-10T11:23:08","date_gmt":"2025-11-10T11:23:08","guid":{"rendered":"https:\/\/www.europesays.com\/nl\/50458\/"},"modified":"2025-11-10T11:23:08","modified_gmt":"2025-11-10T11:23:08","slug":"tim-hofman-aangevallen-door-tina-nijkamp-je-bent-hypocriet","status":"publish","type":"post","link":"https:\/\/www.europesays.com\/nl\/50458\/","title":{"rendered":"Tim Hofman aangevallen door Tina Nijkamp: \u2018Je bent hypocriet!\u2019"},"content":{"rendered":"<p>Tim Hofman zorgt voor ergernis bij Tina Nijkamp met zijn gastoptreden in het jubileumseizoen van Wie is de Mol. \u201cHij gaat voor een dagje op en neer met het vliegtuig naar Portugal!\u201d, roept ze.<\/p>\n<p>        Door onze entertainmentredactie<\/p>\n<p>        <img fetchpriority=\"high\" decoding=\"async\" width=\"1280\" height=\"720\" src=\"https:\/\/www.europesays.com\/nl\/wp-content\/uploads\/2025\/11\/0601-Tim-Hofman.jpg\" class=\"attachment-post-thumbnail size-post-thumbnail wp-post-image\" alt=\"Tim Hofman\"  \/>        \u00a9 NPO    <\/p>\n<p>De NPO heeft de mond vol van duurzaamheid, maar heeft volgens tv-autoriteit Tina Nijkamp boter op het hoofd. Ze wijst op het jubileumseizoen van Wie is de Mol, waarin ook oude bekenden van het programma hun opwachting maken in vluchtige gastrolletjes. Z\u00f3 vluchtig dat het belachelijk is dat ze daarvoor naar Portugal worden gevlogen, vindt ze.<\/p>\n<p>Voor de b\u00fchne<\/p>\n<p>Het is lachwekkend, aldus Tina. \u201cDe omroepen, waaronder AvroTros, doen zogenaamd hun best om duurzaam te werken, hebben daar de mond van vol en er is zelfs een hele zogenaamde Albert certificering (kost bakken met geld \u00e9n heel veel tijd voor de tv-makers), maar wat gebeurt er??? Gewoon voor de b\u00fchne!!!\u201d, roept ze op haar <a href=\"https:\/\/www.instagram.com\/stories\/tinanijkamp\/3761959368838161056\/\" rel=\"nofollow noopener\" target=\"_blank\">analysekanaal<\/a>.<\/p>\n<p>\u201cZe doen juist het tegenovergestelde. Zetten vliegtickets in alsof het niks is. Nadat vorige week maar liefst negen oud-kandidaten van Wie is de Mol, waaronder Tim Hofman en Marc Marie Huijbregts, voor \u00e9\u00e9n dag (!!!) naar Portugal werden overgevlogen voor zeer minimale bijdrage aan \u00e9\u00e9n (!!!) opdracht, was het dit weekend de beurt aan Ellie Lust.\u201d<\/p>\n<p>Cervelaat<\/p>\n<p>Albert is het programma van de NPO om de CO2-uitstoot van tv-programma\u2019s te verminderen. \u201cDe HYPOCRISIE die Albert heet\u201d, roept Tina. \u201cBij Wie is de Mol mag dus niet geprint worden en er mag geen broodje cervelaat worden gegeten maar er worden wel vliegtickets geboekt alsof het niks is.\u201d<\/p>\n<p>Tina vervolgt: \u201cVolgende aflevering schijnen opnieuw een stuk of zes personen voor \u00e9\u00e9n dagje te worden ingevlogen, waaronder de oud-presentatoren Art, Angela en Pieter Jan. Hoezo zijn dit soort acties goed te verenigen met dat Albert certificaat? Zo hypocriet.\u201d<\/p>\n<p>Drie ton<\/p>\n<p>Het is geldverspilling, vindt Tina. Ze vult aan in haar podcast <a href=\"https:\/\/open.spotify.com\/episode\/734yp6QRrQV5LfXGws6RCG?si=46bdcf10e39f40fe\" rel=\"nofollow noopener\" target=\"_blank\">De Mediaweek<\/a>: \u201cMet al dat gezeik met die bezuinigingen waar ze dan zo druk mee zijn, hebben ze wel weer acht oud-kandidaten weer even laten overvliegen voor een dag.\u201d<\/p>\n<p>Ze vervolgt: \u201cTim Hofman zat daar, Marc-Marie, nou, nog allemaal types. Die mochten ook even jureren wie ze dan dachten dat de Mol is. Dat was totale onzin! Zo komt zo\u2019n budget van drie ton per aflevering wel op, ja.\u201d<\/p>\n<p>\u2018Donder op joh!\u2019<\/p>\n<p>Co-host Mark Koster is het er helemaal mee eens. \u201cHet heeft een raar soort pretentie. Het is de tv-aristocratie. Zo\u2019n Tim Hofman is vals bescheiden. Dat is van: ohhh, ik vlieg niet! Joh, donder toch op! Zeg: ik geniet van het leven, en dit is voor mij een lekker snoepreisje!\u201d<\/p>\n<p>Tina besluit: \u201cHet gaat me om het hypocriete. M\u00e1xima zegt niet van: \u2018Ik ga liever met de trein.\u2019 Nee, we weten dat die constant in een priv\u00e9vliegtuig stapt. Tim Hofman zegt wel: \u2018Ik ga liever met de trein\u2019, maar vervolgens gaat hij wel voor een dagje op en neer naar Portugal. Die hypocrisie, daar gaat het mij om.\u201d<\/p>\n<p>    <script async src=\"\/\/www.instagram.com\/embed.js\"><\/script><\/p>\n","protected":false},"excerpt":{"rendered":"Tim Hofman zorgt voor ergernis bij Tina Nijkamp met zijn gastoptreden in het jubileumseizoen van Wie is de&hellip;\n","protected":false},"author":2,"featured_media":50459,"comment_status":"","ping_status":"","sticky":false,"template":"","format":"standard","meta":{"footnotes":""},"categories":[28],"tags":[99,48,98,46,47,49,45,50,1550,2085,124],"class_list":{"0":"post-50458","1":"post","2":"type-post","3":"status-publish","4":"format-standard","5":"has-post-thumbnail","7":"category-tv","8":"tag-amusement","9":"tag-dutch","10":"tag-entertainment","11":"tag-nederland","12":"tag-nederlanden","13":"tag-nederlands","14":"tag-netherlands","15":"tag-nl","16":"tag-tim-hofman","17":"tag-tina-nijkamp","18":"tag-tv"},"share_on_mastodon":{"url":"https:\/\/pubeurope.com\/@nl\/115525150564558194","error":""},"_links":{"self":[{"href":"https:\/\/www.europesays.com\/nl\/wp-json\/wp\/v2\/posts\/50458","targetHints":{"allow":["GET"]}}],"collection":[{"href":"https:\/\/www.europesays.com\/nl\/wp-json\/wp\/v2\/posts"}],"about":[{"href":"https:\/\/www.europesays.com\/nl\/wp-json\/wp\/v2\/types\/post"}],"author":[{"embeddable":true,"href":"https:\/\/www.europesays.com\/nl\/wp-json\/wp\/v2\/users\/2"}],"replies":[{"embeddable":true,"href":"https:\/\/www.europesays.com\/nl\/wp-json\/wp\/v2\/comments?post=50458"}],"version-history":[{"count":0,"href":"https:\/\/www.europesays.com\/nl\/wp-json\/wp\/v2\/posts\/50458\/revisions"}],"wp:featuredmedia":[{"embeddable":true,"href":"https:\/\/www.europesays.com\/nl\/wp-json\/wp\/v2\/media\/50459"}],"wp:attachment":[{"href":"https:\/\/www.europesays.com\/nl\/wp-json\/wp\/v2\/media?parent=50458"}],"wp:term":[{"taxonomy":"category","embeddable":true,"href":"https:\/\/www.europesays.com\/nl\/wp-json\/wp\/v2\/categories?post=50458"},{"taxonomy":"post_tag","embeddable":true,"href":"https:\/\/www.europesays.com\/nl\/wp-json\/wp\/v2\/tags?post=50458"}],"curies":[{"name":"wp","href":"https:\/\/api.w.org\/{rel}","templated":true}]}}