{"id":50537,"date":"2025-11-10T13:04:16","date_gmt":"2025-11-10T13:04:16","guid":{"rendered":"https:\/\/www.europesays.com\/nl\/50537\/"},"modified":"2025-11-10T13:04:16","modified_gmt":"2025-11-10T13:04:16","slug":"vechter-bas-rutten-in-film-the-smashing-machine-met-dwayne-johnson","status":"publish","type":"post","link":"https:\/\/www.europesays.com\/nl\/50537\/","title":{"rendered":"Vechter Bas Rutten in film &#8216;The Smashing Machine&#8217; met Dwayne Johnson"},"content":{"rendered":"<p>Bij het grote publiek is hij misschien geen bekende naam, maar binnen de vechtsportwereld heeft hij al lang zijn sporen verdiend. De in Tilburg geboren Bas Rutten werd UFC-zwaargewichtkampioen, won drie keer King of Pancrase en is nu te zien in de Hollywoodfilm &#8216;The Smashing Machine&#8217;, naast wereldsterren Dwayne Johnson en Emily Blunt.<\/p>\n<p><img decoding=\"async\" class=\"author_avatar__image___pU92\" src=\"https:\/\/www.europesays.com\/nl\/wp-content\/uploads\/2025\/09\/reporter.png\" alt=\"Profielfoto van Femke van Bree\" loading=\"lazy\"\/>Geschreven door<\/p>\n<p>Femke van Bree<\/p>\n<p>Cor Hemmers, jarenlang Ruttens trainer, kijkt daar niet van op. \u201cIk ontmoette Bas in 1986, tijdens een kickboksgala dat ik organiseerde in zaal Vianden in Breda\u201d, zegt hij. \u201cIk zocht nog naar iets om de avond te vullen. Bas trad toen samen met een vriend op met een acrobatische act op muziek, maar dan met vechtbewegingen.&#8221;<\/p>\n<p>Voor zo\u2019n honderd gulden wilde Rutten samen met zijn vriend wel optreden. \u201cHij viel mij meteen op\u201d, zegt Hemmers. \u201cHij was een acrobaat met de kwaliteiten van een vechter \u2013 een sportman \u00e9n een stuntman in \u00e9\u00e9n. Het verbaast me niets dat hij het zover heeft geschopt in Amerika.\u201d<\/p>\n<p>Wie is Bas Rutten?\n<\/p>\n<p>Bas Rutten wordt in de MMA-wereld gezien als een legende in de sport. De Tilburger begon zijn vechtsportcarri\u00e8re met kickboksen, maar maakte al snel de overstap naar MMA, Mixed martial arts (Engels voor gemengde gevechtskunsten). Hij werd vooral bekend door zijn successen in de UFC (Ultimate Fighting Championship), waar hij in 1999 de UFC Heavyweight Championship titel veroverde en die met succes verdedigde.<\/p>\n<p>Rutten stond als vechter bekend om zijn onorthodoxe vechtstijl. In 2006 stond hij voor het laatst in de ring. Daarna werd hij al snel een graag geziene gast en spreker in de MMA-wereld. &#8216;El Guapo&#8217;, zoals zijn bijnaam luidt, is nog altijd een populaire MMA-commentator en televisiepersoonlijkheid in de Verenigde Staten.<\/p>\n<p>De film waarin Rutten nu te zien is, getiteld \u2018The Smashing Machine\u2019, vertelt het levensverhaal van Mark Kerr, een van de grondleggers van het moderne MMA, Mixed Martial Arts. Dwayne &#8216;The Rock&#8217; Johnson speelt Kerr, die op het hoogtepunt van zijn carri\u00e8re kampte met een verslaving aan pijnstillers.<\/p>\n<p>Het is een reuzeproductie. En daarin is een speciale rol weggelegd voor Tilburger Rutten. Al hoefde de voormalig MMA-vechter niet in de huid van een ander te kruipen om deze rol te spelen. Na zijn eigen vechtsportcarri\u00e8re was Rutten ook even trainer van Mark Kerr. In de film speelt hij dus zichzelf, maar dan 25 jaar geleden.<\/p>\n<blockquote class=\"quote_quote__qTJ_L\"><p>\u201cHet is echt Brabants kickboksen op het grote doek.\u201d<\/p><\/blockquote>\n<p>\u201cWat zo leuk is aan &#8216;het zichzelf spelen&#8217;, is dat je daardoor echt het kickboksen uit Breda gaat terugzien\u201d, vertelt Hemmers. \u201cTechnieken die ik hem toen leerde, heeft hij later weer doorgegeven aan Mark Kerr. En die technieken zie je nu terug in de film. Het is echt Brabants kickboksen op het grote doek.\u201d<\/p>\n<p>\u2018The Smashing Machine\u2019 is sinds 6 november te zien in Nederlandse bioscopen.<\/p>\n<p><img decoding=\"async\" src=\"https:\/\/www.europesays.com\/nl\/wp-content\/uploads\/2025\/11\/bWVkaWEvcHJvZC80Nzc5MzgyLmpwZz9zdj0yMDE5LTA3LTA3JnN0PTIwMjAtMDEtMDFUMDAlM0EwMCUzQTAwWiZzZT0yMDQwLTAx.jpeg\" alt=\"Vlnr: Bas Rutten, Cor Hemmers en zijn stiefzoons Ramon en Carlo Dekkers bij de molen in Zevenbergen (foto: Cor Hemmers). \" width=\"768\"   loading=\"lazy\"\/>Vlnr: Bas Rutten, Cor Hemmers en zijn stiefzoons Ramon en Carlo Dekkers bij de molen in Zevenbergen (foto: Cor Hemmers). <\/p>\n<ul class=\"article-list_article-list__nlFeg article-list_article-list-default__6Mx3D article-list_article-in-blocks__cJf4D\">Lees ook<\/p>\n<li class=\"article-list_item__Kq7AZ\"><a class=\"article-teaser_link__AS2cX\" href=\"https:\/\/www.omroepbrabant.nl\/nieuws\/4501508\/undefined\" rel=\"nofollow noopener\" target=\"_blank\"><img decoding=\"async\" src=\"https:\/\/www.europesays.com\/nl\/wp-content\/uploads\/2025\/11\/bWVkaWEvcHJvZC80NTAxOTg2LmpwZz9zdj0yMDE5LTA3LTA3JnN0PTIwMjAtMDEtMDFUMDAlM0EwMCUzQTAwWiZzZT0yMDQwLTAx.jpeg\" alt=\"https:\/\/api.omroepbrabant.nl\/img\/f\/$width$\/$height$\/0.52\/0.45\/bWVkaWEvcHJvZC80NTAxOTg2LmpwZz9zdj0yMDE5LTA3LTA3JnN0PTIwMjAtMDEtMDFUMDAlM0EwMCUzQTAwWiZzZT0yMDQwLTAxLTAxVDAwJTNBMDAlM0EwMFomc3I9YiZzcD1yJnNpZz1mT0Y2RXNzZU1uNUp5MzlMMFk3cWUya1BXUWdFRllhMThWTGdlUnU4TXNFJTNE\" width=\"256\" height=\"192\"   loading=\"lazy\"\/><\/a><\/li>\n<\/ul>\n","protected":false},"excerpt":{"rendered":"Bij het grote publiek is hij misschien geen bekende naam, maar binnen de vechtsportwereld heeft hij al lang&hellip;\n","protected":false},"author":2,"featured_media":50538,"comment_status":"","ping_status":"","sticky":false,"template":"","format":"standard","meta":{"footnotes":""},"categories":[25],"tags":[99,152,48,98,46,47,49,45,50,842,122],"class_list":{"0":"post-50537","1":"post","2":"type-post","3":"status-publish","4":"format-standard","5":"has-post-thumbnail","7":"category-amusement","8":"tag-amusement","9":"tag-cultuur","10":"tag-dutch","11":"tag-entertainment","12":"tag-nederland","13":"tag-nederlanden","14":"tag-nederlands","15":"tag-netherlands","16":"tag-nl","17":"tag-opmerkelijk","18":"tag-shownieuws-en-bekende-brabanders"},"share_on_mastodon":{"url":"https:\/\/pubeurope.com\/@nl\/115525547792689596","error":""},"_links":{"self":[{"href":"https:\/\/www.europesays.com\/nl\/wp-json\/wp\/v2\/posts\/50537","targetHints":{"allow":["GET"]}}],"collection":[{"href":"https:\/\/www.europesays.com\/nl\/wp-json\/wp\/v2\/posts"}],"about":[{"href":"https:\/\/www.europesays.com\/nl\/wp-json\/wp\/v2\/types\/post"}],"author":[{"embeddable":true,"href":"https:\/\/www.europesays.com\/nl\/wp-json\/wp\/v2\/users\/2"}],"replies":[{"embeddable":true,"href":"https:\/\/www.europesays.com\/nl\/wp-json\/wp\/v2\/comments?post=50537"}],"version-history":[{"count":0,"href":"https:\/\/www.europesays.com\/nl\/wp-json\/wp\/v2\/posts\/50537\/revisions"}],"wp:featuredmedia":[{"embeddable":true,"href":"https:\/\/www.europesays.com\/nl\/wp-json\/wp\/v2\/media\/50538"}],"wp:attachment":[{"href":"https:\/\/www.europesays.com\/nl\/wp-json\/wp\/v2\/media?parent=50537"}],"wp:term":[{"taxonomy":"category","embeddable":true,"href":"https:\/\/www.europesays.com\/nl\/wp-json\/wp\/v2\/categories?post=50537"},{"taxonomy":"post_tag","embeddable":true,"href":"https:\/\/www.europesays.com\/nl\/wp-json\/wp\/v2\/tags?post=50537"}],"curies":[{"name":"wp","href":"https:\/\/api.w.org\/{rel}","templated":true}]}}