{"id":50710,"date":"2025-11-10T16:11:09","date_gmt":"2025-11-10T16:11:09","guid":{"rendered":"https:\/\/www.europesays.com\/nl\/50710\/"},"modified":"2025-11-10T16:11:09","modified_gmt":"2025-11-10T16:11:09","slug":"doorbraak-in-nord-stream-onderzoek-oekraiense-sabotage-brengt-merz-in-gevaar","status":"publish","type":"post","link":"https:\/\/www.europesays.com\/nl\/50710\/","title":{"rendered":"Doorbraak in Nord Stream-onderzoek: Oekra\u00efense sabotage brengt Merz in gevaar"},"content":{"rendered":"<p class=\"Paragraph_paragraph__nQNQ9 Paragraph_paragraph--default-lg-default__2m2_h articleParagraph\">Dat kijkje is mogelijk dankzij de Wall Street Journal. Deze Amerikaanse krant heeft op basis van bronnen binnen het Duitse onderzoek een beeld kunnen scheppen van wat er is gebeurd sinds 26 september 2022, de dag dat Nord Stream 2 werd aangevallen nabij het Deense eiland Bornholm. De pijplijn stond op het punt om actief te worden, maar dankzij de sabotage gebeurde dat niet.<\/p>\n<p class=\"Paragraph_paragraph__nQNQ9 Paragraph_paragraph--default-lg-default__2m2_h articleParagraph\">Het onderzoek dat de Duitse Justitie is gestart naar de sabotage, heeft uitgewezen dat vermoedelijk een Oekra\u00efense elite-eenheid verantwoordelijk was voor de sabotage. Deze eenheid werd destijds rechtstreeks aangestuurd door de toenmalige commandant der Oekra\u00efense strijdkrachten, generaal Valeriy Zaloeznjiy. Het sabotageteam bestond waarschijnlijk uit drie militairen en vier diepzeeduikers. <\/p>\n<p>Doel van sabotage tweeledig<\/p>\n<p class=\"Paragraph_paragraph__nQNQ9 Paragraph_paragraph--default-lg-default__2m2_h articleParagraph\">Het doel van de sabotage was tweeledig, schrijft de Wall Street Journal. Oekra\u00efne wilde de Russen een financi\u00eble klap toedienen door de mogelijkheden om gas te exporteren in te perken. Daarnaast was de sabotage erop gericht om de economische banden tussen Moskou en Berlijn onder druk te zetten. Althans, zo vermoeden de Duitse onderzoekers.<\/p>\n<p>Een onderwaterrobot maakte beelden van de beschadigde pijpleiding (oktober 2022).\u00a0\u00a9 ANP \/ TT News Agency<\/p>\n<p class=\"Paragraph_paragraph__nQNQ9 Paragraph_paragraph--default-lg-default__2m2_h articleParagraph\">De eerste verdachte van de aanslag, die in beeld kwam, was een van de vier diepzeeduikers. De Duitse politie kon hem identificeren dankzij gezichtsherkenningssoftware. De man werd op de foto gezet door een snelheidscamera. Nu zijn naam bekend was, ontdekten de Duitsers al snel zijn handlangers door de sociale media van de verdachte te onderzoeken.<\/p>\n<p>Polen weigert medewerking<\/p>\n<p class=\"Paragraph_paragraph__nQNQ9 Paragraph_paragraph--default-lg-default__2m2_h articleParagraph\">Oppakken konden de Duitsers hem echter niet. De duiker bleek zich op te houden in Polen en werd daar al snel meegenomen door een zwarte BMW met een Oekra\u00efens, diplomatiek kentekenplaat. <\/p>\n<p class=\"Paragraph_paragraph__nQNQ9 Paragraph_paragraph--default-lg-default__2m2_h articleParagraph\">Achter het stuur zou de militaire attach\u00e9 van de Oekra\u00efense ambassade in Warschau hebben gezeten. Oekra\u00efne weigert elk commentaar op bovenstaande bewering, maar achter de schermen klinkt het dat Kiev zou hebben gehandeld na een tip van de Poolse regering. <\/p>\n<p><a href=\"https:\/\/www.telegraaf.nl\/buitenland\/oekraner-gearresteerd-in-italie-voor-opblazen-nord-stream-pijpleiding\/85011954.html\" class=\"RelatedTeaser_related-teaser__pNEhJ RelatedTeaser_related-teaser--image__dk4DP read-more_withImage__1YJa_\" data-article-id=\"85011954\" rel=\"nofollow noopener\" target=\"_blank\"><\/p>\n<p>Oekra\u00efner gearresteerd in Itali\u00eb voor opblazen Nord Stream-pijpleiding<\/p>\n<p><\/a><\/p>\n<p class=\"Paragraph_paragraph__nQNQ9 Paragraph_paragraph--default-lg-default__2m2_h articleParagraph\">Daar komt nog eens bij dat een Poolse rechter vorige maand de uitlevering van een andere verdachte weigerde. Deze 45-jarige Oekra\u00efner werd opgepakt nabij Warschau op basis van een Duits arrestatiebevel. De rechter wilde hem echter niet overdragen aan Duitsland, want sabotage is volgens hem niet strafbaar als dat \u201ein tijden van oorlog gebeurt en gericht is tegen het eigendom van de agressor.\u201d<\/p>\n<p>Een Poolse rechter weigerde de uitlevering van deze Oekra\u00efense verdachte aan Duitsland.\u00a0\u00a9 ANP \/ AFP<\/p>\n<p>Nog een ijzer in het vuur<\/p>\n<p class=\"Paragraph_paragraph__nQNQ9 Paragraph_paragraph--default-lg-default__2m2_h articleParagraph\">De Poolse premier Donald Tusk deed er vlak voor de weigering van de rechter nog een schepje bovenop. Op het sociaal medium X schreef Tusk: \u201eHet probleem met Nord Stream 2 is niet dat het is opgeblazen, het probleem is dat het gebouwd is.\u201d <\/p>\n<p class=\"Paragraph_paragraph__nQNQ9 Paragraph_paragraph--default-lg-default__2m2_h articleParagraph\">Van de Poolse premier is bekend dat hij kritisch is op de Duitse afhankelijkheid van Rusland als het gaat om energie.<\/p>\n<p><a href=\"https:\/\/www.telegraaf.nl\/financieel\/nieuws\/duitsland-blokkeert-herstel-pijpleiding-nord-stream-voor-gasimport-uit-rusland\/74495884.html\" class=\"RelatedTeaser_related-teaser__pNEhJ RelatedTeaser_related-teaser--image__dk4DP read-more_withImage__1YJa_\" data-article-id=\"74495884\" rel=\"nofollow noopener\" target=\"_blank\"><\/p>\n<p>\u2019Duitsland blokkeert herstel pijpleiding Nord Stream voor gasimport uit Rusland\u2019 <\/p>\n<p><\/a><\/p>\n<p class=\"Paragraph_paragraph__nQNQ9 Paragraph_paragraph--default-lg-default__2m2_h articleParagraph\">De geweigerde uitlevering had funest kunnen zijn voor het onderzoek, ware het niet dat de Duitsers nog een ijzer in het vuur hebben. Ook de bevelhebber van de sabotage-eenheid is namelijk getraceerd. Deze 46-jarige man is een veteraan van de Oekra\u00efense geheime dienst, die lid werd van een special forces-eenheid, toen de Russische invasie begon. <\/p>\n<p>Opnieuw een uitleveringszaak<\/p>\n<p class=\"Paragraph_paragraph__nQNQ9 Paragraph_paragraph--default-lg-default__2m2_h articleParagraph\">De Duitsers activeerden een zogenoemd stil alarm voor zijn paspoort en volgden hem op die manier tot in Itali\u00eb. Daar is de Oekra\u00efner drie maanden geleden opgepakt. <\/p>\n<p class=\"Paragraph_paragraph__nQNQ9 Paragraph_paragraph--default-lg-default__2m2_h articleParagraph\">In tegenstelling tot de Poolse rechterlijke macht lijkt de Italiaanse w\u00e9l bereid om de verdachte uit te leveren aan Duitsland. Daar komt volgende maand definitieve zekerheid over, want dan dient het hoger beroep in de uitleveringszaak. In eerste aanleg keurde de rechter de overlevering al goed. <\/p>\n<p><a href=\"https:\/\/www.telegraaf.nl\/buitenland\/rechtbank-italie-beveelt-overlevering-nord-stream-verdachte\/90750001.html\" class=\"RelatedTeaser_related-teaser__pNEhJ RelatedTeaser_related-teaser--image__dk4DP read-more_withImage__1YJa_\" data-article-id=\"90750001\" rel=\"nofollow noopener\" target=\"_blank\"><\/p>\n<p>Rechtbank Itali\u00eb beveelt overlevering Nord Stream-verdachte<\/p>\n<p><\/a><\/p>\n<p class=\"Paragraph_paragraph__nQNQ9 Paragraph_paragraph--default-lg-default__2m2_h articleParagraph\">De Duitsers zijn er al helemaal klaar voor. Volgens de Wall Street Journal hebben ze zelfs al een vliegtuig klaarstaan om de Oekra\u00efner naar Hamburg te brengen, waar de rechtszaak zal dienen. De zakenkrant waarschuwt wel dat een eventuele rechtsgang gevolgen zal hebben voor de relatie tussen Berlijn en Kiev, en voor de kanselier Friedrich Merz. <\/p>\n<p>Kanselier Friedrich Merz zal in politiek zwaar weer terechtkomen als de Duitse Justitie de Oekra\u00efense betrokkenheid bij de sabotage van Nord Stream II weet te bewijzen. \u00a0\u00a9 ANP \/ EPA<\/p>\n<p>\u2019Merz kan storm weerstaan\u2019<\/p>\n<p class=\"Paragraph_paragraph__nQNQ9 Paragraph_paragraph--default-lg-default__2m2_h articleParagraph\">Duitsland is nu een van de belangrijkste financiers van Oekra\u00efne en levert allerhande wapentuig waar de Oekra\u00efense krijgsmacht afhankelijk van is. Vanuit radicaal-linkse en -rechtse hoek is daar forse kritiek op en die zal alleen maar toenemen wanneer Oekra\u00efne betrokken blijkt bij de sabotage van Nord Stream 2. De aanleg van die pijpleiding kostte miljarden. Bronnen rond Merz denken volgens de Wall Street Journal echter dat de kanselier deze storm zal kunnen weerstaan. <\/p>\n<p><a href=\"https:\/\/www.telegraaf.nl\/buitenland\/oekrane-in-ban-van-verrader-overgelopen-generaal-zaait-aan-russische-zijde-dood-en-verderf-in-zijn-eigen-geboortestreek\/103905190.html\" class=\"RelatedTeaser_related-teaser__pNEhJ RelatedTeaser_related-teaser--image__dk4DP read-more_withImage__1YJa_\" data-article-id=\"103905190\" rel=\"nofollow noopener\" target=\"_blank\"><\/p>\n<p>Oekra\u00efne in ban van verrader: overgelopen generaal zaait aan Russische zijde dood en verderf in zijn eigen geboortestreek<\/p>\n<p><\/a><\/p>\n<p class=\"Paragraph_paragraph__nQNQ9 Paragraph_paragraph--default-lg-default__2m2_h articleParagraph\">Tegelijkertijd had de Duitse regeringsleider het een stuk minder zwaar gehad als de Duitse rechercheurs niet zo hard hun best hadden gedaan, zeggen diezelfde bronnen. De Duitsers worden op die manier nu geplaagd door hun eigen Gr\u00fcndlichkeit. <\/p>\n","protected":false},"excerpt":{"rendered":"Dat kijkje is mogelijk dankzij de Wall Street Journal. Deze Amerikaanse krant heeft op basis van bronnen binnen&hellip;\n","protected":false},"author":2,"featured_media":50711,"comment_status":"","ping_status":"","sticky":false,"template":"","format":"standard","meta":{"footnotes":""},"categories":[15],"tags":[39,40,48,43,44,34,35,41,42,46,47,49,45,32,33,50,36,37,38,67,64,65,66],"class_list":{"0":"post-50710","1":"post","2":"type-post","3":"status-publish","4":"format-standard","5":"has-post-thumbnail","7":"category-wereld","8":"tag-breaking-news","9":"tag-breakingnews","10":"tag-dutch","11":"tag-featured-news","12":"tag-featurednews","13":"tag-headlines","14":"tag-hoofdpunten","15":"tag-latest-news","16":"tag-latestnews","17":"tag-nederland","18":"tag-nederlanden","19":"tag-nederlands","20":"tag-netherlands","21":"tag-news","22":"tag-nieuws","23":"tag-nl","24":"tag-top-stories","25":"tag-topstories","26":"tag-voorpaginanieuws","27":"tag-wereld","28":"tag-world","29":"tag-world-news","30":"tag-worldnews"},"share_on_mastodon":{"url":"https:\/\/pubeurope.com\/@nl\/115526283108485640","error":""},"_links":{"self":[{"href":"https:\/\/www.europesays.com\/nl\/wp-json\/wp\/v2\/posts\/50710","targetHints":{"allow":["GET"]}}],"collection":[{"href":"https:\/\/www.europesays.com\/nl\/wp-json\/wp\/v2\/posts"}],"about":[{"href":"https:\/\/www.europesays.com\/nl\/wp-json\/wp\/v2\/types\/post"}],"author":[{"embeddable":true,"href":"https:\/\/www.europesays.com\/nl\/wp-json\/wp\/v2\/users\/2"}],"replies":[{"embeddable":true,"href":"https:\/\/www.europesays.com\/nl\/wp-json\/wp\/v2\/comments?post=50710"}],"version-history":[{"count":0,"href":"https:\/\/www.europesays.com\/nl\/wp-json\/wp\/v2\/posts\/50710\/revisions"}],"wp:featuredmedia":[{"embeddable":true,"href":"https:\/\/www.europesays.com\/nl\/wp-json\/wp\/v2\/media\/50711"}],"wp:attachment":[{"href":"https:\/\/www.europesays.com\/nl\/wp-json\/wp\/v2\/media?parent=50710"}],"wp:term":[{"taxonomy":"category","embeddable":true,"href":"https:\/\/www.europesays.com\/nl\/wp-json\/wp\/v2\/categories?post=50710"},{"taxonomy":"post_tag","embeddable":true,"href":"https:\/\/www.europesays.com\/nl\/wp-json\/wp\/v2\/tags?post=50710"}],"curies":[{"name":"wp","href":"https:\/\/api.w.org\/{rel}","templated":true}]}}