{"id":51515,"date":"2025-11-11T11:44:10","date_gmt":"2025-11-11T11:44:10","guid":{"rendered":"https:\/\/www.europesays.com\/nl\/51515\/"},"modified":"2025-11-11T11:44:10","modified_gmt":"2025-11-11T11:44:10","slug":"argentinie-mist-drietal-in-angola-door-te-laat-verkregen-vaccin-tegen-gele-koorts","status":"publish","type":"post","link":"https:\/\/www.europesays.com\/nl\/51515\/","title":{"rendered":"Argentini\u00eb mist drietal in Angola door te laat verkregen vaccin tegen gele koorts"},"content":{"rendered":"<p><img alt=\"\" decoding=\"async\" loading=\"eager\" src=\"https:\/\/www.europesays.com\/nl\/wp-content\/uploads\/2025\/11\/1762861450_910_1024x576a.jpg\" class=\"sc-bcb3b750-1 cULYcE\"\/>ProShotsJuli\u00e1n \u00c1lvarez<\/p>\n<p>NOS Voetbal\u2022vandaag, 11:29<\/p>\n<p class=\"sc-2ea02837-0 fedhGB\" id=\"903981745432394\">Argentini\u00eb kan tijdens de oefenwedstrijd in en tegen Angola van aanstaande vrijdag niet beschikken over Atl\u00e9tico Madrid-spelers Juli\u00e1n \u00c1lvarez, Nahuel Molina en Giuliano Simeone. Het drietal is niet op tijd gevaccineerd tegen gele koorts.<\/p>\n<p class=\"sc-2ea02837-0 fedhGB\" id=\"943495652816984\">De inenting is nodig om Angola binnen te komen. Gele koorts is een infectieziekte die voorkomt in delen van Afrika en Zuid-Amerika. Het kan in verschillende gradaties toeslaan, van milde griep tot hoge koorts met bloedingen.<\/p>\n<p class=\"sc-2ea02837-0 fedhGB\" id=\"919407009027039\">Een woordvoerder van de Argentijnse voetbalbond laat weten dat \u00c1lvarez, Molina en Simeone de procedures met betrekking tot het verkrijgen van het vaccin niet op tijd hebben afgerond.<\/p>\n<ul data-sentry-element=\"Slides\" data-sentry-source-file=\"Carousel.tsx\" class=\"sc-e4f6708-5 hWPyLG\">\n<li data-testid=\"carousel-slide\" class=\"sc-e4f6708-0 bBoZaE\"><img alt=\"\" decoding=\"async\" loading=\"lazy\" src=\"https:\/\/www.europesays.com\/nl\/wp-content\/uploads\/2025\/11\/1762861450_910_768x576a.jpg\" class=\"sc-bcb3b750-1 cULYcE\"\/>ProShotsGiuliano Simeone<\/li>\n<li data-testid=\"carousel-slide\" class=\"sc-e4f6708-0 bBoZaE\"><img alt=\"\" decoding=\"async\" loading=\"lazy\" src=\"https:\/\/www.europesays.com\/nl\/wp-content\/uploads\/2025\/11\/1762861450_672_768x576a.jpg\" class=\"sc-bcb3b750-1 cULYcE\"\/>ProShotsNahuel Molina<\/li>\n<\/ul>\n<p>Vorige slide<\/p>\n<p>Volgende slide<\/p>\n<p class=\"sc-2ea02837-0 fedhGB\" id=\"683528482092321\">Regerend wereldkampioen Argentini\u00eb is al begonnen met de voorbereiding op het WK van volgend jaar in de Verenigde Staten, Canada en Mexico. De Argentijnen eindigen als nummer \u00e9\u00e9n in de kwalificatie van Zuid-Amerika met 38 punten uit achttien wedstrijden.<\/p>\n","protected":false},"excerpt":{"rendered":"ProShotsJuli\u00e1n \u00c1lvarez NOS Voetbal\u2022vandaag, 11:29 Argentini\u00eb kan tijdens de oefenwedstrijd in en tegen Angola van aanstaande vrijdag niet&hellip;\n","protected":false},"author":2,"featured_media":51516,"comment_status":"","ping_status":"","sticky":false,"template":"","format":"standard","meta":{"footnotes":""},"categories":[21],"tags":[48,46,47,49,45,50,92,91,167],"class_list":{"0":"post-51515","1":"post","2":"type-post","3":"status-publish","4":"format-standard","5":"has-post-thumbnail","7":"category-sport","8":"tag-dutch","9":"tag-nederland","10":"tag-nederlanden","11":"tag-nederlands","12":"tag-netherlands","13":"tag-nl","14":"tag-sport","15":"tag-sports","16":"tag-voetbal"},"share_on_mastodon":{"url":"https:\/\/pubeurope.com\/@nl\/115530895598923260","error":""},"_links":{"self":[{"href":"https:\/\/www.europesays.com\/nl\/wp-json\/wp\/v2\/posts\/51515","targetHints":{"allow":["GET"]}}],"collection":[{"href":"https:\/\/www.europesays.com\/nl\/wp-json\/wp\/v2\/posts"}],"about":[{"href":"https:\/\/www.europesays.com\/nl\/wp-json\/wp\/v2\/types\/post"}],"author":[{"embeddable":true,"href":"https:\/\/www.europesays.com\/nl\/wp-json\/wp\/v2\/users\/2"}],"replies":[{"embeddable":true,"href":"https:\/\/www.europesays.com\/nl\/wp-json\/wp\/v2\/comments?post=51515"}],"version-history":[{"count":0,"href":"https:\/\/www.europesays.com\/nl\/wp-json\/wp\/v2\/posts\/51515\/revisions"}],"wp:featuredmedia":[{"embeddable":true,"href":"https:\/\/www.europesays.com\/nl\/wp-json\/wp\/v2\/media\/51516"}],"wp:attachment":[{"href":"https:\/\/www.europesays.com\/nl\/wp-json\/wp\/v2\/media?parent=51515"}],"wp:term":[{"taxonomy":"category","embeddable":true,"href":"https:\/\/www.europesays.com\/nl\/wp-json\/wp\/v2\/categories?post=51515"},{"taxonomy":"post_tag","embeddable":true,"href":"https:\/\/www.europesays.com\/nl\/wp-json\/wp\/v2\/tags?post=51515"}],"curies":[{"name":"wp","href":"https:\/\/api.w.org\/{rel}","templated":true}]}}