{"id":51621,"date":"2025-11-11T13:27:07","date_gmt":"2025-11-11T13:27:07","guid":{"rendered":"https:\/\/www.europesays.com\/nl\/51621\/"},"modified":"2025-11-11T13:27:07","modified_gmt":"2025-11-11T13:27:07","slug":"meldingen-onderzocht-van-drones-bij-navo-hoofdkwartier-brunssum-en-vliegveld-maastricht","status":"publish","type":"post","link":"https:\/\/www.europesays.com\/nl\/51621\/","title":{"rendered":"Meldingen onderzocht van drones bij NAVO-hoofdkwartier Brunssum en vliegveld Maastricht"},"content":{"rendered":"<p>Er zouden ook drones zijn gespot bij de fabriek Chemelot in Geleen en de NAVO-vliegbasis in Geilenkirchen, net over de Duitse grens. Een woordvoerder van de Koninklijke Marechaussee bevestigt <a href=\"https:\/\/www.limburger.nl\/economie\/zwerm-grote-drones-gezien-bij-navo-hoofdkwartier-brunssum-chemelot-en-vliegveld-beek-politie-zet-helikopter-in\/104180525.html\" target=\"_blank\" rel=\"nofollow noopener\">berichtgeving hierover van De Limburger<\/a>.\u00a0<\/p>\n<p> Gezocht, maar niets gevonden <\/p>\n<p>&#8220;Een omstander heeft afgelopen vrijdag melding gedaan van mogelijke drones nabij de luchthaven Maastricht Aachen Airport&#8221;, zegt de woordvoerder tegen RTL Nieuws. &#8220;Er is onderzoek gedaan in de omgeving, maar er zijn geen drones of vliegende objecten waargenomen.&#8221;<\/p>\n<p>Er kwam vrijdag ook een melding binnen van drones bij het NAVO-commandocentrum in Brunssum, bevestigt de woordvoerder. Na een zoekactie werd daar &#8216;niets aangetroffen&#8217;.<\/p>\n<p>Ook de Limburgse politie kreeg meldingen binnen over drones boven Zuid-Limburg. Om hoeveel drones het ging, hield de politie niet bij.\u00a0<\/p>\n<p>Vaak gaat het volgens de politiewoordvoerder bij dit soort meldingen om drones van hobbyisten. Volgens haar is er geen reden voor paniek, maar is de politie wel alert.<\/p>\n<p>Eerdere meldingen <\/p>\n<p>Vorige week woensdag werd een melding gedaan van een <a href=\"https:\/\/www.rtl.nl\/nieuws\/buitenland\/artikel\/5537652\/koninklijke-marechaussee-over-drones-nu-geen-belgische-taferelen\" target=\"_blank\" rel=\"nofollow noopener\">drone bij vliegbasis Gilze-Rijen<\/a>, maar die zou volgens de marechaussee &#8216;niet lijken op de situatie in Belgi\u00eb&#8217;. Daar werd het vliegverkeer op Brussels Airport en het vliegveld van Luik stilgelegd nadat daar \u00e9\u00e9n of meer drones waren gesignaleerd.<\/p>\n<p>Zondagavond waren er waarnemingen van drones vlak over de <a href=\"https:\/\/www.rtl.nl\/nieuws\/buitenland\/artikel\/5538029\/drones-gezien-bij-kerncentrale-doel-vlak-over-nederlandse-grens\" target=\"_blank\" rel=\"nofollow noopener\">grens tussen Nederland en Belgi\u00eb,<\/a> onder meer boven de kerncentrale van Doel.<\/p>\n","protected":false},"excerpt":{"rendered":"Er zouden ook drones zijn gespot bij de fabriek Chemelot in Geleen en de NAVO-vliegbasis in Geilenkirchen, net&hellip;\n","protected":false},"author":2,"featured_media":51622,"comment_status":"","ping_status":"","sticky":false,"template":"","format":"standard","meta":{"footnotes":""},"categories":[5],"tags":[39,40,9429,962,48,43,44,34,35,41,42,1338,46,47,49,45,32,33,50,36,37,38],"class_list":{"0":"post-51621","1":"post","2":"type-post","3":"status-publish","4":"format-standard","5":"has-post-thumbnail","7":"category-hoofdpunten","8":"tag-breaking-news","9":"tag-breakingnews","10":"tag-brunssum","11":"tag-drones","12":"tag-dutch","13":"tag-featured-news","14":"tag-featurednews","15":"tag-headlines","16":"tag-hoofdpunten","17":"tag-latest-news","18":"tag-latestnews","19":"tag-limburg","20":"tag-nederland","21":"tag-nederlanden","22":"tag-nederlands","23":"tag-netherlands","24":"tag-news","25":"tag-nieuws","26":"tag-nl","27":"tag-top-stories","28":"tag-topstories","29":"tag-voorpaginanieuws"},"share_on_mastodon":{"url":"https:\/\/pubeurope.com\/@nl\/115531300453053719","error":""},"_links":{"self":[{"href":"https:\/\/www.europesays.com\/nl\/wp-json\/wp\/v2\/posts\/51621","targetHints":{"allow":["GET"]}}],"collection":[{"href":"https:\/\/www.europesays.com\/nl\/wp-json\/wp\/v2\/posts"}],"about":[{"href":"https:\/\/www.europesays.com\/nl\/wp-json\/wp\/v2\/types\/post"}],"author":[{"embeddable":true,"href":"https:\/\/www.europesays.com\/nl\/wp-json\/wp\/v2\/users\/2"}],"replies":[{"embeddable":true,"href":"https:\/\/www.europesays.com\/nl\/wp-json\/wp\/v2\/comments?post=51621"}],"version-history":[{"count":0,"href":"https:\/\/www.europesays.com\/nl\/wp-json\/wp\/v2\/posts\/51621\/revisions"}],"wp:featuredmedia":[{"embeddable":true,"href":"https:\/\/www.europesays.com\/nl\/wp-json\/wp\/v2\/media\/51622"}],"wp:attachment":[{"href":"https:\/\/www.europesays.com\/nl\/wp-json\/wp\/v2\/media?parent=51621"}],"wp:term":[{"taxonomy":"category","embeddable":true,"href":"https:\/\/www.europesays.com\/nl\/wp-json\/wp\/v2\/categories?post=51621"},{"taxonomy":"post_tag","embeddable":true,"href":"https:\/\/www.europesays.com\/nl\/wp-json\/wp\/v2\/tags?post=51621"}],"curies":[{"name":"wp","href":"https:\/\/api.w.org\/{rel}","templated":true}]}}