{"id":51732,"date":"2025-11-11T15:13:11","date_gmt":"2025-11-11T15:13:11","guid":{"rendered":"https:\/\/www.europesays.com\/nl\/51732\/"},"modified":"2025-11-11T15:13:11","modified_gmt":"2025-11-11T15:13:11","slug":"aandachtsbeluste-schoonpapa-andre-hazes-jr-grijpt-weer-zn-kans","status":"publish","type":"post","link":"https:\/\/www.europesays.com\/nl\/51732\/","title":{"rendered":"Aandachtsbeluste schoonpapa Andr\u00e9 Hazes jr. grijpt w\u00e9\u00e9r z\u2019n kans"},"content":{"rendered":"<p>O god, daar hebben we hem weer: de nieuwe aandachtsbeluste schoonvader van Andr\u00e9 Hazes jr. Hij zag gisteren zijn kans schoon om weer wat airtime te halen. \u201cEen huwelijk? Onvoorstelbaar leuk.\u201d<\/p>\n<p>        Door onze entertainmentredactie<\/p>\n<p>        <img fetchpriority=\"high\" decoding=\"async\" width=\"1280\" height=\"720\" src=\"https:\/\/www.europesays.com\/nl\/wp-content\/uploads\/2025\/11\/1111-Andre-Denny.jpg\" class=\"attachment-post-thumbnail size-post-thumbnail wp-post-image\" alt=\"Andr\u00e9 Hazes jr. Noa en Denny Braaf\"  \/>        \u00a9 Instagram, SBS    <\/p>\n<p>Het is ongelooflijk g\u00eanant: de nieuwe schoonvader van Andr\u00e9 Hazes jr., braderiezanger Denny Braaf, probeert niet eens te verbergen dat hij erop kickt dat zijn dochter een BN\u2019er aan de haak heeft geslagen. We zien hem nu al een half jaar <a href=\"https:\/\/www.mediacourant.nl\/2025\/07\/schoonvader-andre-hazes-jr-zoekt-zendtijd-relatie-is-blijvend\/\" rel=\"nofollow noopener\" target=\"_blank\">overal in de media opduiken<\/a> om het liefdesavontuur van dochter Noa Braaf met Andr\u00e9 te becommentari\u00ebren.<\/p>\n<p>Denny duikt op<\/p>\n<p>Denny vindt het heerlijk: die krijgt nu eindelijk de aandacht waar hij al zijn leven lang op wacht. En ook gisteren, toen Andr\u00e9 en Noa hun relatie Insta-official maakten, greep hij direct weer z\u2019n kans. Hij nodigde meteen een cameraploeg van <a href=\"https:\/\/www.kijk.nl\/programmas\/shownieuws\" rel=\"nofollow noopener\" target=\"_blank\">Shownieuws<\/a> uit om over de rug van Andr\u00e9 en Noa weer even lekker uitgebreid in beeld te komen.<\/p>\n<p>Showkenner Bart Ettekoven: \u201cHij heeft ons natuurlijk al eerder wat dingetjes verteld over deze liefde. Hij was hartstikke trots dat zijn dochter het hart had veroverd van d\u00e9 grote Andr\u00e9 Hazes. We hebben hem vandaag ook even gesproken over dit bijzondere moment, dat het nu eindelijk officieel is.\u201d<\/p>\n<p>Zachtaardig<\/p>\n<p>Denny loopt helemaal leeg. \u201cNoa is een ongelooflijk zachtaardig meisje, z\u00f3 ongelooflijk vrolijk en positief. Elke dag staat ze op met een smile. Ze is over d\u2019r oren. Ze zegt: \u2018Pap, wat ik hier meemaak\u2026 Ik had nooit gedacht dat ik dat ooit in m\u2019n leven zou voelen voor iemand. Ik weet nu pas wat gelukkig zijn is.\u2019 Ik zeg: \u2018Schat, ga er maar van genieten.\u2019\u201d<\/p>\n<p>En Andr\u00e9? Ook geweldig. \u201cAls hij binnenkomt, dan komt er meteen iemand binnen. Hij heeft ontzettend veel charisma. Ik vind het ook een knappe kerel. Goed gekleed, megagoede humor. Hij kan altijd zeer aandachtig luisteren. Ik ken hem gewoon als een hele lieve, oprechte jongen, die wel heel druk is in z\u2019n hoofd, maar wel het hart op de goede plek heeft.\u201d<\/p>\n<p>Gabbers<\/p>\n<p>Het is volgens Denny geweldig dat Noa nu ook op Andr\u00e9\u2019s Insta-pagina staat. \u201cDan kan Nederland ook echt zien dat wat er aan de hand is ook echt serieus is en het is ook heel erg leuk om te zien hoe die twee met elkaar omgaan. Ze halen bij elkaar op dit moment het leukste naar boven. Het zijn gabbers van elkaar, op z\u2019n Amsterdams gezegd.\u201d<\/p>\n<p>Gaan de twee trouwen? Hopelijk wel, aldus Denny. \u201cIk zou het onvoorstelbaar leuk vinden. Als dat op den duur in de toekomst zou gebeuren, dan zou ik daar heel trots op zijn.\u201d<\/p>\n<p>Belangrijker nog: dan zit Denny in elk geval geramd qua babbelzieke optredens in Shownieuws.<\/p>\n","protected":false},"excerpt":{"rendered":"O god, daar hebben we hem weer: de nieuwe aandachtsbeluste schoonvader van Andr\u00e9 Hazes jr. Hij zag gisteren&hellip;\n","protected":false},"author":2,"featured_media":51733,"comment_status":"","ping_status":"","sticky":false,"template":"","format":"standard","meta":{"footnotes":""},"categories":[25],"tags":[99,2497,12889,48,98,46,47,49,45,50],"class_list":{"0":"post-51732","1":"post","2":"type-post","3":"status-publish","4":"format-standard","5":"has-post-thumbnail","7":"category-amusement","8":"tag-amusement","9":"tag-andre-hazes-jr","10":"tag-denny-braaf","11":"tag-dutch","12":"tag-entertainment","13":"tag-nederland","14":"tag-nederlanden","15":"tag-nederlands","16":"tag-netherlands","17":"tag-nl"},"share_on_mastodon":{"url":"https:\/\/pubeurope.com\/@nl\/115531717242437700","error":""},"_links":{"self":[{"href":"https:\/\/www.europesays.com\/nl\/wp-json\/wp\/v2\/posts\/51732","targetHints":{"allow":["GET"]}}],"collection":[{"href":"https:\/\/www.europesays.com\/nl\/wp-json\/wp\/v2\/posts"}],"about":[{"href":"https:\/\/www.europesays.com\/nl\/wp-json\/wp\/v2\/types\/post"}],"author":[{"embeddable":true,"href":"https:\/\/www.europesays.com\/nl\/wp-json\/wp\/v2\/users\/2"}],"replies":[{"embeddable":true,"href":"https:\/\/www.europesays.com\/nl\/wp-json\/wp\/v2\/comments?post=51732"}],"version-history":[{"count":0,"href":"https:\/\/www.europesays.com\/nl\/wp-json\/wp\/v2\/posts\/51732\/revisions"}],"wp:featuredmedia":[{"embeddable":true,"href":"https:\/\/www.europesays.com\/nl\/wp-json\/wp\/v2\/media\/51733"}],"wp:attachment":[{"href":"https:\/\/www.europesays.com\/nl\/wp-json\/wp\/v2\/media?parent=51732"}],"wp:term":[{"taxonomy":"category","embeddable":true,"href":"https:\/\/www.europesays.com\/nl\/wp-json\/wp\/v2\/categories?post=51732"},{"taxonomy":"post_tag","embeddable":true,"href":"https:\/\/www.europesays.com\/nl\/wp-json\/wp\/v2\/tags?post=51732"}],"curies":[{"name":"wp","href":"https:\/\/api.w.org\/{rel}","templated":true}]}}