{"id":51850,"date":"2025-11-11T17:28:10","date_gmt":"2025-11-11T17:28:10","guid":{"rendered":"https:\/\/www.europesays.com\/nl\/51850\/"},"modified":"2025-11-11T17:28:10","modified_gmt":"2025-11-11T17:28:10","slug":"hij-is-niet-goed-bij-zn-hoofd","status":"publish","type":"post","link":"https:\/\/www.europesays.com\/nl\/51850\/","title":{"rendered":"&#8216;Hij is niet goed bij z&#8217;n hoofd!&#8217;"},"content":{"rendered":"<p class=\"intro\">Johan Derksen is geen fan van de suggestie van Erben Wennemars. De oud-schaatser stelde voor dat Ajax moet overwegen om Sarina Wiegman aan te stellen als nieuwe trainer. Onzin, aldus de opiniemaker.<\/p>\n<p>Nadat Wennemars een lijst van tien potenti\u00eble Heitinga-vervangers had gelezen in het Algemeen Dagblad, miste hij \u00e9\u00e9n naam: Sarina Wiegman. &#8220;Ik denk bij mezelf: die hele voetbalwereld is \u00e9\u00e9n grote opportunistische, ego\u00efstische, cynische, conservatieve, negatieve wereld. Dat is nou juist h\u00e9t probleem. Het moet een keer gebeuren. De enige echte oplossing voor Ajax is Sarina Wiegman&#8221;, stelde de oud-schaatser bij RTL Tonight.<\/p>\n<p>Bij Vandaag Inside werd lachend gereageerd bij het zien van de beelden, waarna Derksen een serieuze toon aansloeg. &#8220;Die is niet goed bij z&#8217;n hoofd. Niemand neemt die jongen serieus. Als die man het bij schaatsen houdt, dan hebben we daar vrede mee. Maar dit is lulkoek&#8221;, concludeert de opiniemaker.<\/p>\n<p>Wennemars heeft in het voetbal gewerkt bij PEC Zwolle, maar hier werd hij uiteindelijk de deur gewezen. Valentijn Driessen herinnert zich dat nog goed. &#8220;Binnen no time was hij afgeserveerd, hij praatte alleen maar onzin&#8221;, herinnert de journalist van De Telegraaf.<\/p>\n<p>Derksen heeft zich ook ge\u00ebrgerd aan Ron Jans en Peter Bosz, die het opnamen voor John Heitinga. Bekijk de video hieronder:<\/p>\n<p>Check de nieuwste VP&#8217;s Willem&amp;Wessel over de nieuwe Clasie bij Feyenoord, de ideale Ajax-trainer,\u00a0 een \u2018opgegeven\u2019 PSV\u2019 herrijst en v\u00e9\u00e9l meer!<\/p>\n<p>Bekijk Meer<\/p>\n","protected":false},"excerpt":{"rendered":"Johan Derksen is geen fan van de suggestie van Erben Wennemars. De oud-schaatser stelde voor dat Ajax moet&hellip;\n","protected":false},"author":2,"featured_media":44336,"comment_status":"","ping_status":"","sticky":false,"template":"","format":"standard","meta":{"footnotes":""},"categories":[5],"tags":[39,40,48,43,44,34,35,41,42,46,47,49,45,32,33,50,36,37,38],"class_list":{"0":"post-51850","1":"post","2":"type-post","3":"status-publish","4":"format-standard","5":"has-post-thumbnail","7":"category-hoofdpunten","8":"tag-breaking-news","9":"tag-breakingnews","10":"tag-dutch","11":"tag-featured-news","12":"tag-featurednews","13":"tag-headlines","14":"tag-hoofdpunten","15":"tag-latest-news","16":"tag-latestnews","17":"tag-nederland","18":"tag-nederlanden","19":"tag-nederlands","20":"tag-netherlands","21":"tag-news","22":"tag-nieuws","23":"tag-nl","24":"tag-top-stories","25":"tag-topstories","26":"tag-voorpaginanieuws"},"share_on_mastodon":{"url":"https:\/\/pubeurope.com\/@nl\/115532248147202535","error":""},"_links":{"self":[{"href":"https:\/\/www.europesays.com\/nl\/wp-json\/wp\/v2\/posts\/51850","targetHints":{"allow":["GET"]}}],"collection":[{"href":"https:\/\/www.europesays.com\/nl\/wp-json\/wp\/v2\/posts"}],"about":[{"href":"https:\/\/www.europesays.com\/nl\/wp-json\/wp\/v2\/types\/post"}],"author":[{"embeddable":true,"href":"https:\/\/www.europesays.com\/nl\/wp-json\/wp\/v2\/users\/2"}],"replies":[{"embeddable":true,"href":"https:\/\/www.europesays.com\/nl\/wp-json\/wp\/v2\/comments?post=51850"}],"version-history":[{"count":0,"href":"https:\/\/www.europesays.com\/nl\/wp-json\/wp\/v2\/posts\/51850\/revisions"}],"wp:featuredmedia":[{"embeddable":true,"href":"https:\/\/www.europesays.com\/nl\/wp-json\/wp\/v2\/media\/44336"}],"wp:attachment":[{"href":"https:\/\/www.europesays.com\/nl\/wp-json\/wp\/v2\/media?parent=51850"}],"wp:term":[{"taxonomy":"category","embeddable":true,"href":"https:\/\/www.europesays.com\/nl\/wp-json\/wp\/v2\/categories?post=51850"},{"taxonomy":"post_tag","embeddable":true,"href":"https:\/\/www.europesays.com\/nl\/wp-json\/wp\/v2\/tags?post=51850"}],"curies":[{"name":"wp","href":"https:\/\/api.w.org\/{rel}","templated":true}]}}