{"id":51912,"date":"2025-11-11T18:22:18","date_gmt":"2025-11-11T18:22:18","guid":{"rendered":"https:\/\/www.europesays.com\/nl\/51912\/"},"modified":"2025-11-11T18:22:18","modified_gmt":"2025-11-11T18:22:18","slug":"stijging-oekraiense-vluchtelingen-naar-eu-na-versoepeling-reisverbod-jonge-mannen","status":"publish","type":"post","link":"https:\/\/www.europesays.com\/nl\/51912\/","title":{"rendered":"Stijging Oekra\u00efense vluchtelingen naar EU na versoepeling reisverbod jonge mannen"},"content":{"rendered":"<p>Er zijn in september fors meer Oekra\u00efners naar EU-landen gevlucht dan de voorgaande maanden. Dat laten cijfers van het Europese statistiekbureau <a href=\"https:\/\/ec.europa.eu\/eurostat\/statistics-explained\/index.php?title=Temporary_protection_for_persons_fleeing_Ukraine_-_monthly_statistics\" rel=\"nofollow noopener\" target=\"_blank\">Eurostat<\/a> zien. In september maakten ruim 79.000 Oekra\u00efners gebruik van hun recht op tijdelijke bescherming in de Europese Unie. Dat is het hoogste aantal Oekra\u00efense vluchtelingen dat in een maand naar de EU kwam in twee jaar.\u00a0<\/p>\n<p>Eind augustus heeft Oekra\u00efne de reisbeperkingen voor jonge mannen <a href=\"https:\/\/www.kmu.gov.ua\/en\/news\/roziasnennia-mvs-shchodo-vyizdu-za-kordon-cholovikiv-vikom-18-22-rokiv-vkliuchno\" rel=\"nofollow noopener\" target=\"_blank\">versoepeld<\/a>, dat is een mogelijke reden van de stijging. Mannen tussen de 18 en 22 jaar hoeven vanwege deze versoepeling geen toestemming meer te vragen voor ze naar het buitenland reizen. Voor mannen tussen de 23 en de 60 jaar is het reisverbod dat Oekra\u00efne invoerde sinds de Russische invasie nog wel van kracht.\u00a0<\/p>\n<p>Van de Oekra\u00efners die in september naar EU-landen kwamen, was bijna de helft man. Een maand eerder was dat nog zo\u2019n 29 procent.<\/p>\n<p>In Nederland bleef een stijging in september overigens uit: er kwamen in deze maand 2.700 Oekra\u00efners aan, een vergelijkbaar aantal met eerdere maanden. In totaal vangt Nederland ruim 130.000 Oekra\u00efense vluchtelingen op. <\/p>\n<p>Sinds het uitbreken van de oorlog in februari 2022 zijn volgens Eurostat 4,3 miljoen Oekra\u00efners naar EU-landen gevlucht. Duitsland vangt de meeste Oekra\u00efners op: ruim 1,2 miljoen. Afgezet naar inwonertal verblijven de meeste vluchtelingen in Polen en Tsjechi\u00eb.<\/p>\n<p><a class=\"dmt-article-suggestion\" href=\"https:\/\/www.nrc.nl\/nieuws\/2025\/08\/19\/oekraineblog-19-aug-a4903434\" rel=\"nofollow noopener\" target=\"_blank\"><\/p>\n<p>\nLiveblog<br \/>\nOorlog in Oekra\u00efne\n<\/p>\n<p>                                VS geven Hongarije vrijstelling van sancties om Russisch gas te blijven importeren<\/p>\n<p><\/a><\/p>\n<p>Geef cadeau<\/p>\n<p>Deel<\/p>\n<p>Mail de redactie<\/p>\n<p>\nNIEUW: Geef dit artikel cadeau<br \/>\n\t\t\tAls NRC-abonnee kun je elke maand 10 artikelen cadeau geven aan iemand zonder NRC-abonnement. De ontvanger kan het artikel direct lezen, zonder betaalmuur.\n\t\t<\/p>\n","protected":false},"excerpt":{"rendered":"Er zijn in september fors meer Oekra\u00efners naar EU-landen gevlucht dan de voorgaande maanden. Dat laten cijfers van&hellip;\n","protected":false},"author":2,"featured_media":51913,"comment_status":"","ping_status":"","sticky":false,"template":"","format":"standard","meta":{"footnotes":""},"categories":[15],"tags":[39,40,48,43,44,34,35,41,42,46,47,49,45,32,33,50,36,37,38,67,64,65,66],"class_list":{"0":"post-51912","1":"post","2":"type-post","3":"status-publish","4":"format-standard","5":"has-post-thumbnail","7":"category-wereld","8":"tag-breaking-news","9":"tag-breakingnews","10":"tag-dutch","11":"tag-featured-news","12":"tag-featurednews","13":"tag-headlines","14":"tag-hoofdpunten","15":"tag-latest-news","16":"tag-latestnews","17":"tag-nederland","18":"tag-nederlanden","19":"tag-nederlands","20":"tag-netherlands","21":"tag-news","22":"tag-nieuws","23":"tag-nl","24":"tag-top-stories","25":"tag-topstories","26":"tag-voorpaginanieuws","27":"tag-wereld","28":"tag-world","29":"tag-world-news","30":"tag-worldnews"},"share_on_mastodon":{"url":"https:\/\/pubeurope.com\/@nl\/115532460438236063","error":""},"_links":{"self":[{"href":"https:\/\/www.europesays.com\/nl\/wp-json\/wp\/v2\/posts\/51912","targetHints":{"allow":["GET"]}}],"collection":[{"href":"https:\/\/www.europesays.com\/nl\/wp-json\/wp\/v2\/posts"}],"about":[{"href":"https:\/\/www.europesays.com\/nl\/wp-json\/wp\/v2\/types\/post"}],"author":[{"embeddable":true,"href":"https:\/\/www.europesays.com\/nl\/wp-json\/wp\/v2\/users\/2"}],"replies":[{"embeddable":true,"href":"https:\/\/www.europesays.com\/nl\/wp-json\/wp\/v2\/comments?post=51912"}],"version-history":[{"count":0,"href":"https:\/\/www.europesays.com\/nl\/wp-json\/wp\/v2\/posts\/51912\/revisions"}],"wp:featuredmedia":[{"embeddable":true,"href":"https:\/\/www.europesays.com\/nl\/wp-json\/wp\/v2\/media\/51913"}],"wp:attachment":[{"href":"https:\/\/www.europesays.com\/nl\/wp-json\/wp\/v2\/media?parent=51912"}],"wp:term":[{"taxonomy":"category","embeddable":true,"href":"https:\/\/www.europesays.com\/nl\/wp-json\/wp\/v2\/categories?post=51912"},{"taxonomy":"post_tag","embeddable":true,"href":"https:\/\/www.europesays.com\/nl\/wp-json\/wp\/v2\/tags?post=51912"}],"curies":[{"name":"wp","href":"https:\/\/api.w.org\/{rel}","templated":true}]}}