{"id":51993,"date":"2025-11-11T19:40:08","date_gmt":"2025-11-11T19:40:08","guid":{"rendered":"https:\/\/www.europesays.com\/nl\/51993\/"},"modified":"2025-11-11T19:40:08","modified_gmt":"2025-11-11T19:40:08","slug":"al-een-record-te-pakken-michael-maakt-nog-voor-de-release-veel-los-beste-keuze-ooit-film-nieuws","status":"publish","type":"post","link":"https:\/\/www.europesays.com\/nl\/51993\/","title":{"rendered":"Al een record te pakken? &#8216;Michael&#8217; maakt nog voor de release veel los: &#8216;Beste keuze ooit&#8217; | Film Nieuws"},"content":{"rendered":"<p>Nooit eerder werd de trailer van een muziekfilm z\u00f3 vaak aangeklikt binnen zo&#8217;n korte tijd. Het gebeurt bij <a href=\"https:\/\/www.moviemeter.nl\/..\/film\/1168138\" rel=\"nofollow noopener\" target=\"_blank\">Michael<\/a>; de langverwachte muzikale biopic over het leven van Michael Jackson. We moeten nog even wachten op de King of Pop-film van <a href=\"https:\/\/www.moviemeter.nl\/..\/personen\/20907\/antoine-fuqua\" rel=\"nofollow noopener\" target=\"_blank\">Antoine Fuqua<\/a>, maar de reacties voorspellen nu al een gigantisch succes!&#13;<br \/>\n                                                                    &#13;\n                                                                    <\/p>\n<p>Bob Dylan, Elton John, Freddie Mercury, Johnny Cash, Elvis Presley; zomaar wat namen die de afgelopen jaren een eigen muzikale biopic kregen. Volgens veel liefhebbers ontbreken er nog heel wat grote namen in dat rijtje. Volgend jaar komt daar w\u00e9l \u00e9\u00e9n van de grootste artiesten bij. De King of Pop krijgt zijn eigen film!&#13;<br \/>\n&#13;<br \/>\n&#13;<br \/>\n&#13;<br \/>\n&#13;\n                                                                    <\/p>\n<p>King of Pop<\/p>\n<p>Michael Jackson is een van de grootste artiesten aller tijden. Tot aan zijn dood in 2009 maakte de alleskunner verschrikkelijk veel indruk en wist hij stadion na stadion volledig uit te verkopen, met hysterie en veel lof als gevolg. Dat verdient uiteraard een film.\u00a0                                                                    <\/p>\n<p>&#13;<br \/>\n                                                                        Artikel gaat verder onder video&#13;<br \/>\n                                                                        &#13;\n                                                                    <\/p>\n<p>                                                                    Tegenslagen<\/p>\n<p>Daar is Antoine Fuqua (<a href=\"https:\/\/www.moviemeter.nl\/..\/film\/875\" rel=\"nofollow noopener\" target=\"_blank\">Training Day<\/a>) al lange tijd druk mee bezig. Michael, zoals de biopic heet, heeft in de afgelopen jaren een flinke dosis aan tegenslagen moeten doorstaan. De muziekfilm werd keer op keer uitgesteld. Nu lijkt het eindelijk zeker en vast: Michael moet op 24 april 2026 dan \u00e9cht uitkomen in de bioscoop.&#13;<br \/>\n                                                                    &#13;\n                                                                    <\/p>\n<p>                                                                                        <a class=\"js-overlay-start-nonpreroll\" data-url=\"https:\/\/www.youtube.com\/embed\/AuYmKbtnmEA\">&#13;<br \/>\n                                                                                            &#13;<br \/>\n                                                                                                &#13;<br \/>\n                                                                                                <img decoding=\"async\" src=\"https:\/\/www.europesays.com\/nl\/wp-content\/uploads\/2025\/11\/1762890008_189_sddefault.jpg\" alt=\"trailer\"\/>&#13;<br \/>\n                                                                                            &#13;<br \/>\n                                                                                        <\/a><br \/>\n                                                                                    Record voor trailer<\/p>\n<p>De trailer is inmiddels gedeeld en daarmee krijgen we eindelijk een eerste blik op Michael \u00e9n op <a href=\"https:\/\/www.moviemeter.nl\/..\/personen\/3898497\/jaafar-jackson\" rel=\"nofollow noopener\" target=\"_blank\">Jaafar Jackson<\/a> als zijn oom. Dat wordt ontzettend goed ontvangen. Michael zet zelfs n\u00fa al een record neer. De trailer van de biopic werd maar liefst meer dan 116 miljoen keer bekeken in 24 uur tijd. Nooit eerder werd de trailer van een muziekfilm z\u00f3 vaak aangeklikt binnen zo&#8217;n korte tijd.\u00a0<\/p>\n<p>&#8216;Nu al beste film van 2026&#8217;<\/p>\n<p>Ook de reacties zijn tot dusver alleen maar lovend. &#8220;Het was de beste keuze ooit om een Jackson d\u00e9 Michael Jackson te laten spelen&#8221;, valt te lezen onder de trailer. &#8220;Ik had nooit gedacht dat ik z\u00f3veel zin zou hebben in een biopic&#8221;, schrijft iemand anders over de film met ook <a href=\"https:\/\/www.moviemeter.nl\/..\/personen\/996701\/miles-teller\" rel=\"nofollow noopener\" target=\"_blank\">Miles Teller<\/a>, <a href=\"https:\/\/www.moviemeter.nl\/..\/personen\/91671\/colman-domingo\" rel=\"nofollow noopener\" target=\"_blank\">Colman Domingo<\/a> en <a href=\"https:\/\/www.moviemeter.nl\/..\/personen\/9781\/nia-long\" rel=\"nofollow noopener\" target=\"_blank\">Nia Long<\/a>. &#8220;Het is nog niet eens uit, maar het is n\u00fa al de grootste en beste film van 2026.&#8221;<\/p>\n<p>Michael kijk je vanaf 24 april 2026 in de bioscoop.\u00a0&#13;<br \/>\n                                                    &#13;<br \/>\n                                                    &#13;<br \/>\n                                                                                                        &#13;<br \/>\n                                                                                                        \t\t\t\t\t\t\t\t\t\t\t\t\t&#13;\n                                                    <\/p>\n","protected":false},"excerpt":{"rendered":"Nooit eerder werd de trailer van een muziekfilm z\u00f3 vaak aangeklikt binnen zo&#8217;n korte tijd. Het gebeurt bij&hellip;\n","protected":false},"author":2,"featured_media":51994,"comment_status":"","ping_status":"","sticky":false,"template":"","format":"standard","meta":{"footnotes":""},"categories":[26],"tags":[99,12931,12928,12933,48,98,102,583,103,12930,12929,12932,2249,12926,12924,12935,12925,101,46,47,49,45,12934,50,12936,12927,12937],"class_list":{"0":"post-51993","1":"post","2":"type-post","3":"status-publish","4":"format-standard","5":"has-post-thumbnail","7":"category-films","8":"tag-amusement","9":"tag-antoine-fuqua","10":"tag-beste-keuze-ooit","11":"tag-biopic-2025","12":"tag-dutch","13":"tag-entertainment","14":"tag-film","15":"tag-film-nieuws","16":"tag-films","17":"tag-jaafar-jackson","18":"tag-king-of-pop","19":"tag-lionsgate","20":"tag-michael-jackson","21":"tag-michael-jackson-biopic","22":"tag-michael-jackson-film","23":"tag-michael-jackson-nieuws","24":"tag-michael-trailer","25":"tag-movies","26":"tag-nederland","27":"tag-nederlanden","28":"tag-nederlands","29":"tag-netherlands","30":"tag-nieuwe-film-trailer","31":"tag-nl","32":"tag-popmuziek-film","33":"tag-record-trailer","34":"tag-the-jac"},"share_on_mastodon":{"url":"https:\/\/pubeurope.com\/@nl\/115532767201178164","error":""},"_links":{"self":[{"href":"https:\/\/www.europesays.com\/nl\/wp-json\/wp\/v2\/posts\/51993","targetHints":{"allow":["GET"]}}],"collection":[{"href":"https:\/\/www.europesays.com\/nl\/wp-json\/wp\/v2\/posts"}],"about":[{"href":"https:\/\/www.europesays.com\/nl\/wp-json\/wp\/v2\/types\/post"}],"author":[{"embeddable":true,"href":"https:\/\/www.europesays.com\/nl\/wp-json\/wp\/v2\/users\/2"}],"replies":[{"embeddable":true,"href":"https:\/\/www.europesays.com\/nl\/wp-json\/wp\/v2\/comments?post=51993"}],"version-history":[{"count":0,"href":"https:\/\/www.europesays.com\/nl\/wp-json\/wp\/v2\/posts\/51993\/revisions"}],"wp:featuredmedia":[{"embeddable":true,"href":"https:\/\/www.europesays.com\/nl\/wp-json\/wp\/v2\/media\/51994"}],"wp:attachment":[{"href":"https:\/\/www.europesays.com\/nl\/wp-json\/wp\/v2\/media?parent=51993"}],"wp:term":[{"taxonomy":"category","embeddable":true,"href":"https:\/\/www.europesays.com\/nl\/wp-json\/wp\/v2\/categories?post=51993"},{"taxonomy":"post_tag","embeddable":true,"href":"https:\/\/www.europesays.com\/nl\/wp-json\/wp\/v2\/tags?post=51993"}],"curies":[{"name":"wp","href":"https:\/\/api.w.org\/{rel}","templated":true}]}}