{"id":52481,"date":"2025-11-12T09:44:10","date_gmt":"2025-11-12T09:44:10","guid":{"rendered":"https:\/\/www.europesays.com\/nl\/52481\/"},"modified":"2025-11-12T09:44:10","modified_gmt":"2025-11-12T09:44:10","slug":"koolmees-adviseert-dat-d66-en-cda-samen-onderhandelen-voor-het-eerst-sinds-jaren-zonder-de-vvd","status":"publish","type":"post","link":"https:\/\/www.europesays.com\/nl\/52481\/","title":{"rendered":"Koolmees adviseert dat D66 en CDA samen onderhandelen. Voor het eerst sinds jaren z\u00f3nder de VVD"},"content":{"rendered":"<p>De impasse in politiek Den Haag, die de eerste fase van de formatie heeft getekend, is er nog  altijd. En dus moeten D66 en CDA \u2013 die samen 44 zetels hebben \u2013 de komende drie weken samen onderhandelen over een \u201eambitieuze agenda\u201d voor Nederland. Dat schrijft verkenner Wouter Koolmees (D66) in zijn rapport van dinsdagavond aan de Tweede Kamer.<\/p>\n<p>De twee centrumpartijen gaan praten over wonen, stikstof, economie, veiligheid en migratie: de vijf grote thema\u2019s die veel kiezers bezighouden en die tijdens de campagne vaak de boventoon voerden.\u00a0<\/p>\n<p>Wie n\u00ed\u00e9t mee mag doen is de VVD (22 zetels), terwijl die partij wel graag had meegepraat, blijkt ook uit het verkennersverslag. Dat is uitzonderlijk. Het is de eerste keer sinds 2006 dat de VVD niet mag meepraten tijdens een (fase van de) formatie. Partijleider Dilan Yesilg\u00f6z <a data-id=\"https:\/\/x.com\/DilanYesilgoz\/status\/1988314957038133447?s=20\" data-type=\"link\" href=\"https:\/\/x.com\/DilanYesilgoz\/status\/1988314957038133447?s=20\" rel=\"nofollow\">waarschuwt op X<\/a> voor \u201etijdrovende tussenstappen\u201d. Vanaf de zijlijn zegt ze dat de VVD klaarstaat om \u201emee te bouwen\u201d aan een kabinet m\u00e9t JA21.<\/p>\n<p>Volgens Koolmees kunnen D66 en CDA \u201evanuit het politieke centrum opereren, zowel linksom als rechtsom\u201d. Ze zijn bereid \u201eeen stap naar voren te zetten en inhoudelijke gesprekken met elkaar te voeren, compromissen te verkennen en daarmee op zoek te gaan naar de overeenkomsten in plaats van de verschillen\u201d.\u00a0<\/p>\n<p>Onverstandig<\/p>\n<p>Waarom de VVD niet mag meedoen? Omdat het blokkeren van GroenLinks-PvdA de mogelijkheden  voor een coalitie verkleint, legde Koolmees op zijn persconferentie uit. \u201eDat is onverstandig in deze fase.\u201d Op de achtergrond speelt mee dat D66 en CDA al sinds de campagne knarsetandend kijken naar de afwijzende houding van de VVD.\u00a0<\/p>\n<p>Dat D66 en CDA het nu al over de inhoud gaan hebben, is een noodgreep. Koolmees probeert daarmee de blokkades die de formatie tot nu toe tekenen naar de achtergrond te duwen. Voor de favoriete optie van de grootste partij D66: een kabinet met VVD, CDA en GroenLinks-PvdA, heeft Koolmees geen doorbraak weten te cre\u00ebren. En ook niet voor het voorstel van de VVD: een coalitie met D66, CDA en JA21.\u00a0<\/p>\n<p><img alt=\"\" data-description=\"Voorzitter van de Tweede Kamer Martin Bosma luistert toe terwijl verkenner Wouter Koolmees een toelichting geeft op zijn bevindingen na twee weken van gesprekken met partijleiders. \" data-open-in-lightbox=\"true\" src=\"https:\/\/www.europesays.com\/nl\/wp-content\/uploads\/2025\/11\/111125DEN_2022919662_extra.jpg\" src-medium=\"https:\/\/s3.eu-west-1.amazonaws.com\/static.nrc.nl\/wp-content\/uploads\/2025\/11\/11222002\/111125DEN_2022919662_extra.jpg\" decoding=\"async\" \/><\/p>\n<p>Zoom in<\/p>\n<p><img alt=\"\" data-description=\"Rob Jetten (D66) arriveert voor een gesprek met verkenner Wouter Koolmees. \" data-open-in-lightbox=\"true\" src=\"https:\/\/www.europesays.com\/nl\/wp-content\/uploads\/2025\/11\/111125DEN_2022919662_1.jpg\" src-medium=\"https:\/\/s3.eu-west-1.amazonaws.com\/static.nrc.nl\/wp-content\/uploads\/2025\/11\/11221638\/111125DEN_2022919662_1.jpg\" decoding=\"async\" \/><\/p>\n<p>Zoom in<\/p>\n<p class=\"caption\" slot=\"description\">Links: Martin Bosma luistert naar verkenner Koolmees. Rechts: Rob Jetten (D66) arriveert voor het gesprek.<\/p>\n<p>Foto Sem van der Wal \/ ANP, Foto Remko de Waal \/ ANP<\/p>\n<p>Opvallend is dat D66-leider Rob Jetten tegen de verkenner heeft gezegd dat hij bereid is te formeren met JA21, maar dan wel z\u00f3nder de VVD. Jetten wil niet met drie rechtse partijen onderhandelen. In het voorstel van Jetten zouden D66, CDA, GroenLinks-PvdA, JA21 en de ChristenUnie een coalitie moeten vormen. Inhoudelijk zijn de verschillen groot en de ChristenUnie wil niet meeregeren, dus deze route is nu niet realistisch. Bovenal lijkt het voorstel een dreigement richting de VVD: jullie zijn niet per se nodig.\u00a0<\/p>\n<p>Tegelijkertijd zullen Jetten en CDA-leider Henri Bontenbal de VVD en andere partijen juist moeten prikkelen bij het opstellen van inhoudelijke plannen. Jetten toonde zich dinsdagavond enthousiast over het  voorstel van Koolmees en verzekerde ook rekening te houden met andere partijen. Hij hoopt de VVD en anderen \u201ete verleiden samen te werken\u201d.<\/p>\n<p>Ambitieuze agenda<\/p>\n<p>Bontenbal heeft \u201ezin in een ambitieuze agenda\u201d, zei hij na Jetten. \u201eEen agenda die breder is dan deze twee partijen, in de hoop dat daar ook genoeg in zit voor andere partijen om later alsnog op de bagagedrager te springen.\u201d Snapt Bontenbal dat de VVD er buiten wordt gehouden? \u201eIk kan de redeneerlijn van de verkenner volgen.\u201d<\/p>\n<p>Maar dat de VVD in deze fase niet mag meepraten, betekent niet dat de partij ineens irrelevant is geworden in de formatie. Volgens Koolmees is er \u201ebrede steun\u201d in de Kamer voor een coalitie van in elk geval D66, CDA \u00e9n VVD.<\/p>\n<p>Verder noemde de verkenner zeker vijf keer de Eerste Kamer als een factor van belang. Daar, zegt Koolmees, zijn GroenLinks-PvdA (14 zetels) en de BBB (13 zetels)  de twee grootste fracties. Wil de toekomstige coalitie iets voor elkaar krijgen, dan moet die daar nu al rekening mee houden, benadrukt hij.  Ook Jetten en Bontenbal benoemden het belang van de senaat.\u00a0<\/p>\n<p>Bij GroenLinks-PvdA is te horen dat ze het plan van Koolmees verstandig vinden. Het betekent dat die partij in elk geval voor nu niet aan de kant wordt geschoven. Wanneer onderhandelingen over de inhoud in plaats van langs partijlijnen worden gevoerd, denken GroenLinks-PvdA\u2019ers, is er meer kans dat de VVD hen niet categorisch uitsluit.\u00a0<\/p>\n<p>Het plan om D66 en het CDA nu samen het voortouw te laten nemen, lijkt niet onlogisch. De twee centrumpartijen hebben best wat  overeenkomstige ambities op de vijf inhoudelijke thema\u2019s die door Koolmees zijn geformuleerd. <\/p>\n<p>Tijdens de verkiezingscampagne benadrukten beide partijen dat zij samenwerking belangrijk vinden, na de chaos van kabinet-Schoof.<\/p>\n<p>Niet onbelangrijk: Bontenbal en Jetten liggen elkaar goed. De twee kennen elkaar uit de tijd dat Jetten minister voor Klimaat en Energie was tijdens het kabinet-Rutte IV en Bontenbal energiewoordvoerder voor het CDA.<\/p>\n<p>Tijdens de verkiezingscampagne sloten beide lijsttrekkers geen partijen uit \u2013 op de PVV en FVD na. Dat uitsluiten zijn ze \u2018oude politiek\u2019 gaan noemen, een verwijt aan het adres van VVD-leider Yesilg\u00f6z, die juist breekpunten centraal stelde.  N\u00ed\u00e9t met GroenLinks-PvdA en g\u00e9\u00e9n veranderingen in de hypotheekrenteaftrek. Deze strategie van de VVD heeft  toe bijgedragen dat de partij het verlies uiteindelijk heeft weten te beperken, van 24 naar 22 zetels.\u00a0<\/p>\n<p>Maar ook na de verkiezingen heeft Yesilg\u00f6z nog geen enkele ruimte gecre\u00eberd om samenwerking met GroenLinks-PvdA toch mogelijk te maken.\u00a0In Den Haag verwacht niemand dat zij die blokkade zal opheffen v\u00f3\u00f3r de gemeenteraadsverkiezingen in maart, uit  angst afgestraft te worden door de kiezer. Of Yesilg\u00f6z daarna wel bereid is een draai te maken, d\u00e1\u00e1r durven ingewijden niet over te speculeren.<\/p>\n<p>Over de rechtse coalitie die de VVD wil, samen met D66, CDA en JA21, is Koolmees sceptisch. Die coalitie heeft 75 zetels en dus net geen meerderheid in de Tweede Kamer. Het is \u201egeen gegeven\u201d, zegt Koolmees, dat er geen Kamerleden tussentijds weglopen. Bij \u00e9\u00e9n  vertrek zou zo\u2019n rechtse coalitie al een minderheid hebben en weggestemd kunnen worden.<\/p>\n<p>Het advies van Koolmees is al met al vooral een manier om tijd te winnen. Hij denkt dat \u201enadat het stof van de verkiezingsstrijd is neergedaald\u201d, \u201emeer ruimte zal ontstaan\u201d voor een open gesprek.\u00a0<\/p>\n<p>Donderdag gaat de Kamer in debat over het rapport van Koolmees, de Kamer moet dan per motie zijn plan bekrachtigen. D66 zal ook met \u00e9\u00e9n of meer informateurs komen, Koolmees zelf is niet beschikbaar.<\/p>\n<p>Geef cadeau<\/p>\n<p>Deel<\/p>\n<p>Mail de redactie<\/p>\n<p>\nNIEUW: Geef dit artikel cadeau<br \/>\n\t\t\tAls NRC-abonnee kun je elke maand 10 artikelen cadeau geven aan iemand zonder NRC-abonnement. De ontvanger kan het artikel direct lezen, zonder betaalmuur.\n\t\t<\/p>\n","protected":false},"excerpt":{"rendered":"De impasse in politiek Den Haag, die de eerste fase van de formatie heeft getekend, is er nog&hellip;\n","protected":false},"author":2,"featured_media":52482,"comment_status":"","ping_status":"","sticky":false,"template":"","format":"standard","meta":{"footnotes":""},"categories":[17],"tags":[73,74,48,46,47,49,45,50,75],"class_list":{"0":"post-52481","1":"post","2":"type-post","3":"status-publish","4":"format-standard","5":"has-post-thumbnail","7":"category-zakelijk","8":"tag-business","9":"tag-commercial","10":"tag-dutch","11":"tag-nederland","12":"tag-nederlanden","13":"tag-nederlands","14":"tag-netherlands","15":"tag-nl","16":"tag-zakelijk"},"share_on_mastodon":{"url":"https:\/\/pubeurope.com\/@nl\/115536085827475641","error":""},"_links":{"self":[{"href":"https:\/\/www.europesays.com\/nl\/wp-json\/wp\/v2\/posts\/52481","targetHints":{"allow":["GET"]}}],"collection":[{"href":"https:\/\/www.europesays.com\/nl\/wp-json\/wp\/v2\/posts"}],"about":[{"href":"https:\/\/www.europesays.com\/nl\/wp-json\/wp\/v2\/types\/post"}],"author":[{"embeddable":true,"href":"https:\/\/www.europesays.com\/nl\/wp-json\/wp\/v2\/users\/2"}],"replies":[{"embeddable":true,"href":"https:\/\/www.europesays.com\/nl\/wp-json\/wp\/v2\/comments?post=52481"}],"version-history":[{"count":0,"href":"https:\/\/www.europesays.com\/nl\/wp-json\/wp\/v2\/posts\/52481\/revisions"}],"wp:featuredmedia":[{"embeddable":true,"href":"https:\/\/www.europesays.com\/nl\/wp-json\/wp\/v2\/media\/52482"}],"wp:attachment":[{"href":"https:\/\/www.europesays.com\/nl\/wp-json\/wp\/v2\/media?parent=52481"}],"wp:term":[{"taxonomy":"category","embeddable":true,"href":"https:\/\/www.europesays.com\/nl\/wp-json\/wp\/v2\/categories?post=52481"},{"taxonomy":"post_tag","embeddable":true,"href":"https:\/\/www.europesays.com\/nl\/wp-json\/wp\/v2\/tags?post=52481"}],"curies":[{"name":"wp","href":"https:\/\/api.w.org\/{rel}","templated":true}]}}