{"id":52529,"date":"2025-11-12T11:00:19","date_gmt":"2025-11-12T11:00:19","guid":{"rendered":"https:\/\/www.europesays.com\/nl\/52529\/"},"modified":"2025-11-12T11:00:19","modified_gmt":"2025-11-12T11:00:19","slug":"dit-zijn-de-populairste-reisbestemmingen-van-2026-volgens-booking-com","status":"publish","type":"post","link":"https:\/\/www.europesays.com\/nl\/52529\/","title":{"rendered":"Dit zijn de populairste reisbestemmingen van 2026 volgens Booking.com"},"content":{"rendered":"<p>Waar gaan we naar toe volgend jaar? Booking.com heeft de topbestemmingen voor 2026 bekendgemaakt. Het lijstje laat zien dat reizigers meer dan ooit op zoek zijn naar unieke plekken buiten de gebaande paden. Zo staat het Vietnamese M\u0169i N\u00e9 op de lijst, een relaxed vissersdorp op vier uur rijden van Ho Chi Minhstad, populair bij windsurfers. Ook M\u00fcnster in Duitsland blijkt een verrassende favoriet: een fietsvriendelijke stad met historische charme, sfeervolle biergartens langs de rivier en een vleugje Amsterdamse allure, aldus Booking.<\/p>\n<p>Statista laat de top tien zien op onderstaande wereldkaart:<\/p>\n<p><img decoding=\"async\" width=\"500\" height=\"280\" loading=\"lazy\" src=\"https:\/\/www.europesays.com\/nl\/wp-content\/uploads\/2025\/11\/35412-69136f36371d3.jpeg@webp.webp\" class=\"w-auto h-auto\" alt=\"35412\"\/><\/p>\n","protected":false},"excerpt":{"rendered":"Waar gaan we naar toe volgend jaar? Booking.com heeft de topbestemmingen voor 2026 bekendgemaakt. Het lijstje laat zien&hellip;\n","protected":false},"author":2,"featured_media":52530,"comment_status":"","ping_status":"","sticky":false,"template":"","format":"standard","meta":{"footnotes":""},"categories":[15],"tags":[39,40,48,43,44,34,35,41,42,46,47,49,45,32,33,50,36,37,38,67,64,65,66],"class_list":{"0":"post-52529","1":"post","2":"type-post","3":"status-publish","4":"format-standard","5":"has-post-thumbnail","7":"category-wereld","8":"tag-breaking-news","9":"tag-breakingnews","10":"tag-dutch","11":"tag-featured-news","12":"tag-featurednews","13":"tag-headlines","14":"tag-hoofdpunten","15":"tag-latest-news","16":"tag-latestnews","17":"tag-nederland","18":"tag-nederlanden","19":"tag-nederlands","20":"tag-netherlands","21":"tag-news","22":"tag-nieuws","23":"tag-nl","24":"tag-top-stories","25":"tag-topstories","26":"tag-voorpaginanieuws","27":"tag-wereld","28":"tag-world","29":"tag-world-news","30":"tag-worldnews"},"share_on_mastodon":{"url":"https:\/\/pubeurope.com\/@nl\/115536384797655174","error":""},"_links":{"self":[{"href":"https:\/\/www.europesays.com\/nl\/wp-json\/wp\/v2\/posts\/52529","targetHints":{"allow":["GET"]}}],"collection":[{"href":"https:\/\/www.europesays.com\/nl\/wp-json\/wp\/v2\/posts"}],"about":[{"href":"https:\/\/www.europesays.com\/nl\/wp-json\/wp\/v2\/types\/post"}],"author":[{"embeddable":true,"href":"https:\/\/www.europesays.com\/nl\/wp-json\/wp\/v2\/users\/2"}],"replies":[{"embeddable":true,"href":"https:\/\/www.europesays.com\/nl\/wp-json\/wp\/v2\/comments?post=52529"}],"version-history":[{"count":0,"href":"https:\/\/www.europesays.com\/nl\/wp-json\/wp\/v2\/posts\/52529\/revisions"}],"wp:featuredmedia":[{"embeddable":true,"href":"https:\/\/www.europesays.com\/nl\/wp-json\/wp\/v2\/media\/52530"}],"wp:attachment":[{"href":"https:\/\/www.europesays.com\/nl\/wp-json\/wp\/v2\/media?parent=52529"}],"wp:term":[{"taxonomy":"category","embeddable":true,"href":"https:\/\/www.europesays.com\/nl\/wp-json\/wp\/v2\/categories?post=52529"},{"taxonomy":"post_tag","embeddable":true,"href":"https:\/\/www.europesays.com\/nl\/wp-json\/wp\/v2\/tags?post=52529"}],"curies":[{"name":"wp","href":"https:\/\/api.w.org\/{rel}","templated":true}]}}