{"id":52651,"date":"2025-11-12T13:35:09","date_gmt":"2025-11-12T13:35:09","guid":{"rendered":"https:\/\/www.europesays.com\/nl\/52651\/"},"modified":"2025-11-12T13:35:09","modified_gmt":"2025-11-12T13:35:09","slug":"handbalcoach-signell-kiest-met-abbingh-polman-en-malestein-voor-ervaring-op-wk","status":"publish","type":"post","link":"https:\/\/www.europesays.com\/nl\/52651\/","title":{"rendered":"Handbalcoach Signell kiest met Abbingh, Polman en Malestein voor ervaring op WK"},"content":{"rendered":"<p><img alt=\"\" decoding=\"async\" loading=\"eager\" src=\"https:\/\/www.europesays.com\/nl\/wp-content\/uploads\/2025\/11\/1762954509_11_1024x576a.jpg\" class=\"sc-bcb3b750-1 cULYcE\"\/>ANPEstavana Polman<\/p>\n<p>NOS Sport\u2022vandaag, 12:37<\/p>\n<p class=\"sc-2ea02837-0 fedhGB\" id=\"549030925552580\">Handbalbondscoach Henrik Signell kiest met Lois Abbingh, Estavana Polman en Angela Malestein voor ervaren krachten in zijn selectie voor het WK in eigen land. Kelly Vollebregt is de verrassende naam in de selectie van zestien speelsters.<\/p>\n<p class=\"sc-2ea02837-0 fedhGB\" id=\"859226284275028\">Vollebregt, speelster van het Duitse Borussia Dortmund, werd vorig jaar nog gepasseerd voor het EK. Toen koos de Zweedse coach voor Sarah Dekker op de rechterhoek.<\/p>\n<p class=\"sc-2ea02837-0 fedhGB\" id=\"49914283554355\">Zeker voor Estavana Polman, tijdens het gewonnen WK van 2019 verkozen tot beste speelster van het toernooi, was de uitverkiezing niet vanzelfsprekend. De 33-jarige speelster van CS Rapid Bucuresti werd vorig najaar door Signell <a data-tracking=\"elementType=page|elementId=https:\/\/nos.nl\/artikel\/2540738-nieuwe-handbalcoach-laat-polman-32-en-van-der-heijden-34-buiten-selectie|eventType=navigation|eventName=open\" target=\"_self\" href=\"https:\/\/nos.nl\/artikel\/2540738-nieuwe-handbalcoach-laat-polman-32-en-van-der-heijden-34-buiten-selectie\" rel=\"nofollow noopener\">buiten de selectie gelaten<\/a> om jongere speelsters de kans te geven.<\/p>\n<p>Halve finale het doel<\/p>\n<p class=\"sc-2ea02837-0 fedhGB\" id=\"854180552354973\">Signell zegt er veel vertrouwen in te hebben dat zijn team goed voor de dag zal komen op het WK. &#8220;Het is een goede mix van ervaren en jonge spelers die hebben laten zien dat ze klaar zijn om te presteren. We verwachten dat we zullen strijden om een plek in het finaleweekend: ons streven is de halve finale.&#8221;<\/p>\n<p><img alt=\"\" decoding=\"async\" loading=\"lazy\" src=\"https:\/\/www.europesays.com\/nl\/wp-content\/uploads\/2025\/11\/1762954509_505_1024x576a.jpg\" class=\"sc-bcb3b750-1 cULYcE\"\/>EPABondscoach Henrik Signell en Angela Malestein<\/p>\n<p class=\"sc-2ea02837-0 fedhGB\" id=\"65807438817078\">Het WK vindt plaats van 27 november tot en met 14 december en wordt gehouden in Nederland en Duitsland. Oranje neemt het in de groepsfase op tegen Argentini\u00eb, Egypte en Oostenrijk.<\/p>\n<p>Selectie Nederland voor WK<\/p>\n<p class=\"sc-2ea02837-0 fedhGB sc-7b5c2765-1 fybOMJ\">Lois Abbingh, Rinka Duijndam, Kelly Dulfer, Merel Freriks, Judith van der Helm, Yara ten Holte, Dione Housheer, Rom\u00e9e Maarschalkerweerd, Angela Malestein, Alieke van Maurik, Larissa N\u00fcsser, Estavana Polman, Zo\u00eb Sprengers, Nikita van der Vliet, Kelly Vollebregt, Bo van Wetering<\/p>\n","protected":false},"excerpt":{"rendered":"ANPEstavana Polman NOS Sport\u2022vandaag, 12:37 Handbalbondscoach Henrik Signell kiest met Lois Abbingh, Estavana Polman en Angela Malestein voor&hellip;\n","protected":false},"author":2,"featured_media":52652,"comment_status":"","ping_status":"","sticky":false,"template":"","format":"standard","meta":{"footnotes":""},"categories":[21],"tags":[48,2500,46,47,49,45,50,92,91],"class_list":{"0":"post-52651","1":"post","2":"type-post","3":"status-publish","4":"format-standard","5":"has-post-thumbnail","7":"category-sport","8":"tag-dutch","9":"tag-handbal","10":"tag-nederland","11":"tag-nederlanden","12":"tag-nederlands","13":"tag-netherlands","14":"tag-nl","15":"tag-sport","16":"tag-sports"},"share_on_mastodon":{"url":"https:\/\/pubeurope.com\/@nl\/115536994348395231","error":""},"_links":{"self":[{"href":"https:\/\/www.europesays.com\/nl\/wp-json\/wp\/v2\/posts\/52651","targetHints":{"allow":["GET"]}}],"collection":[{"href":"https:\/\/www.europesays.com\/nl\/wp-json\/wp\/v2\/posts"}],"about":[{"href":"https:\/\/www.europesays.com\/nl\/wp-json\/wp\/v2\/types\/post"}],"author":[{"embeddable":true,"href":"https:\/\/www.europesays.com\/nl\/wp-json\/wp\/v2\/users\/2"}],"replies":[{"embeddable":true,"href":"https:\/\/www.europesays.com\/nl\/wp-json\/wp\/v2\/comments?post=52651"}],"version-history":[{"count":0,"href":"https:\/\/www.europesays.com\/nl\/wp-json\/wp\/v2\/posts\/52651\/revisions"}],"wp:featuredmedia":[{"embeddable":true,"href":"https:\/\/www.europesays.com\/nl\/wp-json\/wp\/v2\/media\/52652"}],"wp:attachment":[{"href":"https:\/\/www.europesays.com\/nl\/wp-json\/wp\/v2\/media?parent=52651"}],"wp:term":[{"taxonomy":"category","embeddable":true,"href":"https:\/\/www.europesays.com\/nl\/wp-json\/wp\/v2\/categories?post=52651"},{"taxonomy":"post_tag","embeddable":true,"href":"https:\/\/www.europesays.com\/nl\/wp-json\/wp\/v2\/tags?post=52651"}],"curies":[{"name":"wp","href":"https:\/\/api.w.org\/{rel}","templated":true}]}}