{"id":52919,"date":"2025-11-12T18:07:13","date_gmt":"2025-11-12T18:07:13","guid":{"rendered":"https:\/\/www.europesays.com\/nl\/52919\/"},"modified":"2025-11-12T18:07:13","modified_gmt":"2025-11-12T18:07:13","slug":"column-het-echte-lijden-van-yesilgoz-en-klaver-moet-nog-komen","status":"publish","type":"post","link":"https:\/\/www.europesays.com\/nl\/52919\/","title":{"rendered":"Column | Het echte lijden van Yesilg\u00f6z en Klaver moet nog komen"},"content":{"rendered":"<p class=\"has-drop-cap\">Twee weken na de verkiezingen heeft verkenner Koolmees de VVD en in mindere mate ook GL-PvdA verder in het nauw gedreven. Beide partijen doen er even niet meer toe. Pas als Jetten en Bontenbal hun eerste beleidsmatige onderhandelingen hebben afgerond, horen ze van D66 en CDA of en hoe ze zich nog verdienstelijk kunnen maken voor het vaderland.<\/p>\n<p>Een logische stap van de verkenner. Net als GL-PvdA \u2013 een  die, schrijft ervaringsdeskundige Melkert in een interne mail aan geestverwanten van zijn club RoodVooruit, een \u201etime out\u201d in de fusie moet nemen omdat de PvdA eerst terug moet naar de \u201ekeukentafel\u201d om daar te luisteren naar de \u201esociaal conservatieve\u201d medemens \u2013 maakt ook de VVD nu immers water. Maar de aard van de problemen in beide partijen verschilt wel.<\/p>\n<p>De ellende van GL-PvdA gaat dieper, omdat de electorale crisis geheel klassiek links omvat. Met twintig zetels is GL-PvdA teruggeworpen  \u2013 naar de tijd van Troelstra, v\u00f3\u00f3r het algemeen kiesrecht.  bij de kleinere linkse partijen. Het confessionele Denk buiten beschouwing latend \u2013 deze verzuilde partij is spiegelbeeldig aan de SGP \u2013 hebben de flankpartijen PvdD en SP nu even weinig zetels als\u2019 in 1977. Deze teloorgang kent zijn weerga niet. Maar paradoxaal genoeg heeft fractievoorzitter Klaver in deze peilloze diepte van links tijdens de formatie minder te verliezen dan die andere .<\/p>\n<p>De problemen van de VVD zijn namelijk complexer, omdat de liberalen sinds Rutte de controle op rechts kwijt zijn. Dankzij de polarisatiestrategie van Yesilg\u00f6z is de neergang van de VVD beperkt tot het peil van v\u00f3\u00f3r het kabinet-Den Uyl \u2013 ook ik voorzag <a href=\"https:\/\/www.nrc.nl\/nieuws\/2025\/10\/02\/de-vvd-sleurt-het-land-mee-in-haar-val-a4908167\" rel=\"nofollow noopener\" target=\"_blank\">anderhalve maand<\/a> geleden groter verlies, ten onrechte, waarvoor excuses \u2013 maar de schijn van deze beperkte nederlaag bedriegt.<\/p>\n<p>Binnen het (radicaal-) rechtse blok is de VVD voor de tweede keer op rij tot een bescheiden minderheid (een derde) gereduceerd. Onder het mom dat PVV, VVD, JA21, FVD en BBB samen bijna drie keer sterker zijn dan links en de VVD nog steeds de stem van de rede wil zijn, doet Yesilg\u00f6z alsof ze namens de kiezers van dit machtsblok kan spreken. Ondertussen wordt ze echter van alle kanten bedreigd. Dat was met Wiegel in 1972 niet zo.<\/p>\n<blockquote class=\"dmt-quote dmt-quote--type-streamer\" data-styled=\"false\">\n<p>Dankzij het vernuft van Koolmees staan VVD en GL-PvdA voorlopig buitenspel<\/p>\n<\/blockquote>\n<p>Deze tweefrontenstrijd, niet alleen tegen links maar ook binnen rechts, heeft Yesilg\u00f6z verlamd. Door GL-PvdA ideologisch te blijven cancelen, heeft ze zich in een hoek geschilderd, zo liet verkenner Koolmees dinsdag doorschemeren in zijn <a href=\"https:\/\/www.kabinetsformatie2025.nl\/site\/binaries\/site-content\/collections\/documents\/2025\/11\/11\/eindverslag-verkenner-koolmees\/eindverslag-verkenner-11-november-2025.pdf\" rel=\"nofollow noopener\" target=\"_blank\">verslag aan de Tweede Kamer<\/a>, daar waar Klaver door zijn open houding juist manoeuvreerruimte heeft\u00a0behouden en mogelijk nieuwe vrienden kan gaan maken.<\/p>\n<p>Dankzij het vernuft van Koolmees staan beiden voorlopig buitenspel. Maar als Jetten en Bontenbal er komende weken in slagen een politieke basis voor hun kleine coalitie te leggen \u2013 waarom niet \u2013 dan moeten voor een grote coalitie alsnog de nieren van Yesilg\u00f6z en\/of Klaver worden geproefd. Zoals in de gepolariseerde jaren zeventig D66 \u201emet het pistool op de borst\u201d moest kiezen (voor de PvdA, was de lijn van partijleider Van Mierlo toen), zo kunnen tegen die tijd VVD en GL-PvdA onder schot worden genomen.<\/p>\n<p>GL-PvdA moet het kleinere kwaad afwegen: regeringsverantwoordelijkheid dragen, ook al berokkent het zichzelf zo schade, of het advies van Melkert overnemen en een paar jaartjes \u201evan onderop\u201d evalueren en analyseren?<\/p>\n<p>Op de tweesprong van landsbelang c.q. macht of rechtse zuiverheid en oppositie staat Yesilg\u00f6z voor de keuze tussen zijn of niet-zijn. Ik vermoed dat het dilemma voor Yesilg\u00f6z pijnlijker zal worden dan voor Klaver.<\/p>\n<p>Geef cadeau<\/p>\n<p>Deel<\/p>\n<p>Mail de redactie<\/p>\n<p>\nNIEUW: Geef dit artikel cadeau<br \/>\n\t\t\tAls NRC-abonnee kun je elke maand 10 artikelen cadeau geven aan iemand zonder NRC-abonnement. De ontvanger kan het artikel direct lezen, zonder betaalmuur.\n\t\t<\/p>\n","protected":false},"excerpt":{"rendered":"Twee weken na de verkiezingen heeft verkenner Koolmees de VVD en in mindere mate ook GL-PvdA verder in&hellip;\n","protected":false},"author":2,"featured_media":11645,"comment_status":"","ping_status":"","sticky":false,"template":"","format":"standard","meta":{"footnotes":""},"categories":[5],"tags":[39,40,48,43,44,34,35,41,42,46,47,49,45,32,33,50,36,37,38],"class_list":{"0":"post-52919","1":"post","2":"type-post","3":"status-publish","4":"format-standard","5":"has-post-thumbnail","7":"category-hoofdpunten","8":"tag-breaking-news","9":"tag-breakingnews","10":"tag-dutch","11":"tag-featured-news","12":"tag-featurednews","13":"tag-headlines","14":"tag-hoofdpunten","15":"tag-latest-news","16":"tag-latestnews","17":"tag-nederland","18":"tag-nederlanden","19":"tag-nederlands","20":"tag-netherlands","21":"tag-news","22":"tag-nieuws","23":"tag-nl","24":"tag-top-stories","25":"tag-topstories","26":"tag-voorpaginanieuws"},"share_on_mastodon":{"url":"https:\/\/pubeurope.com\/@nl\/115538063846380258","error":""},"_links":{"self":[{"href":"https:\/\/www.europesays.com\/nl\/wp-json\/wp\/v2\/posts\/52919","targetHints":{"allow":["GET"]}}],"collection":[{"href":"https:\/\/www.europesays.com\/nl\/wp-json\/wp\/v2\/posts"}],"about":[{"href":"https:\/\/www.europesays.com\/nl\/wp-json\/wp\/v2\/types\/post"}],"author":[{"embeddable":true,"href":"https:\/\/www.europesays.com\/nl\/wp-json\/wp\/v2\/users\/2"}],"replies":[{"embeddable":true,"href":"https:\/\/www.europesays.com\/nl\/wp-json\/wp\/v2\/comments?post=52919"}],"version-history":[{"count":0,"href":"https:\/\/www.europesays.com\/nl\/wp-json\/wp\/v2\/posts\/52919\/revisions"}],"wp:featuredmedia":[{"embeddable":true,"href":"https:\/\/www.europesays.com\/nl\/wp-json\/wp\/v2\/media\/11645"}],"wp:attachment":[{"href":"https:\/\/www.europesays.com\/nl\/wp-json\/wp\/v2\/media?parent=52919"}],"wp:term":[{"taxonomy":"category","embeddable":true,"href":"https:\/\/www.europesays.com\/nl\/wp-json\/wp\/v2\/categories?post=52919"},{"taxonomy":"post_tag","embeddable":true,"href":"https:\/\/www.europesays.com\/nl\/wp-json\/wp\/v2\/tags?post=52919"}],"curies":[{"name":"wp","href":"https:\/\/api.w.org\/{rel}","templated":true}]}}