{"id":53077,"date":"2025-11-12T20:53:13","date_gmt":"2025-11-12T20:53:13","guid":{"rendered":"https:\/\/www.europesays.com\/nl\/53077\/"},"modified":"2025-11-12T20:53:13","modified_gmt":"2025-11-12T20:53:13","slug":"alcoholverbod-op-straat-in-het-centrum-komende-winter","status":"publish","type":"post","link":"https:\/\/www.europesays.com\/nl\/53077\/","title":{"rendered":"alcoholverbod op straat in het centrum komende winter"},"content":{"rendered":"<p>S\u00f6lden staat bekend om het moderne skigebied waar je heerlijk kunt ski\u00ebn en ook om de gezellige apr\u00e8s-ski. Die combinatie van sport en gezelligheid trekt jaarlijks duizenden wintersporters. Maar aan dat laatste, het drinken in de openbare ruimte, wordt komende winter paal en perk gesteld. De gemeente S\u00f6lden kondigt een alcoholverbod af voor de belangrijkste straten in het dorp.<\/p>\n<p>Ski\u00ebn \u00e9n apr\u00e8s-ski\u00ebn in S\u00f6lden<\/p>\n<p>S\u00f6lden is een van de modernste en bekendste skigebieden van Oostenrijk. De infrastructuur is top, de pistes reiken tot grote hoogte en de berghutten zijn kwalitatief en gezellig. Na het ski\u00ebn barst in de hoofdstraat, de Dorfstra\u00dfe, het feest los in de vele bars en discotheken.<\/p>\n<p>Blijkbaar zorgt die feestvreugde, en met name het alcoholgebruik \u00f3p straat, voor de nodige overlast. Wij waren er zelf vorige week nog en hebben daar eerlijk gezegd niets van meegekregen (we lagen natuurlijk braaf op tijd in bed \ud83d\ude09), maar het is duidelijk een thema in het dorp. De gemeente trekt nu een duidelijke lijn om \u201cmeer rust, veiligheid en levenskwaliteit\u201d te garanderen voor zowel gasten als inwoners.<\/p>\n<p>Wat houdt het alcoholverbod in S\u00f6lden in?<\/p>\n<p>Vanaf 1 december 2025 tot en met 19 april 2026 geldt er een \u2018alkoholfreie Zone\u2019 in de openbare ruimte. De maatregel is deze herfst door de gemeenteraad aangenomen om vooral nachtelijke ruhestoringen te verminderen. Concreet betekent dit dat zowel het consumeren van alcohol als het meevoeren van geopende flessen, blikjes of bekers met alcohol op straat verboden is.<\/p>\n<p><img data-lazyloaded=\"1\" fetchpriority=\"high\" decoding=\"async\" width=\"1024\" height=\"576\" src=\"https:\/\/www.europesays.com\/nl\/wp-content\/uploads\/2025\/11\/marco-solden-1024x576.jpeg.webp.webp\" alt=\"\" class=\"wp-image-267586\"  data-\/>Het was vorige week nog ouderwets gezellig in de apr\u00e8s-ski in S\u00f6lden en dat gaat niet veranderen.Waar geldt het verbod precies?<\/p>\n<p>Het verbod dekt de complete feest-as van het dorp. De zone strekt zich uit over de S\u00f6lder Dorfstra\u00dfe, van de Giggijochbahn tot aan de Gaislachkoglbahn.<\/p>\n<p>Daarnaast vallen ook de omliggende openbare plekken onder het verbod, waaronder:<\/p>\n<ul class=\"wp-block-list\">\n<li>De pleinen rond de Freizeit Arena<\/li>\n<li>Het Sozialzentrum<\/li>\n<li>Het Waldele<\/li>\n<li>Bij de Zentrumsshuttle<\/li>\n<\/ul>\n<p>Betekent dit het einde van de apr\u00e8s-ski in S\u00f6lden?<\/p>\n<p>Zeker niet. De gemeente benadrukt dat het verbod specifiek geldt voor de openbare ruimte. Het consumeren van alcohol in de bars, restaurants, de afgebakende terrassen (Gastg\u00e4rten) en bij goedgekeurde evenementen blijft uiteraard gewoon toegestaan. Je kunt dus nog steeds een biertje drinken bij de Schirmbar of bij de Marco\u2019s, maar je mag deze niet mee de straat opnemen.<\/p>\n<p>\ud83d\udece\ufe0f <a href=\"https:\/\/www.summittravel.nl\/wintersportvakantie\/?tt=23669_12_69126_20251112-Alcoholverbod&amp;r=%2Fwintersport%2Fsolden\" rel=\"nofollow noopener\" target=\"_blank\">Bekijk het aanbod wintersportvakanties naar S\u00f6lden<\/a> (Summit Travel)<\/p>\n<p>In navolging van andere bekende skidorpen<\/p>\n<p>Stewards van de gemeentelijke handhaving zullen toezien op de naleving. Volgens de gemeente is het doel niet primair om te straffen, maar om \u201cbewustwording en wederzijds respect\u201d te cre\u00ebren. S\u00f6lden is overigens niet het eerste skidorp dat deze stap zet. Ervaringen in andere toeristische hotspots, zoals Ischgl en Fiss, hebben volgens de gemeente aangetoond dat duidelijke regels zorgen voor een positiever dorpsbeeld. Vorig jaar werden ook al <a href=\"https:\/\/skiinformatie.nl\/strengere-regels-en-controles-rond-apres-ski-in-dit-oostenrijkse-dorp-in-tirol\/\" rel=\"nofollow noopener\" target=\"_blank\">maatregelen aangekondigd in S\u00f6lden<\/a> en daar is afgelopen winter al op gehandhaafd.<\/p>\n<p>\u27a1\ufe0f <a href=\"https:\/\/skiinformatie.nl\/alcoholverbod-in-centrum-van-bekend-skidorp-in-oostenrijk\/\" rel=\"nofollow noopener\" target=\"_blank\">Lees meer over het alcoholverbod in Fiss<\/a><\/p>\n<p>Dit moet je weten over het alcoholverbod in S\u00f6lden<\/p>\n<p class=\"advgb-infobox-text\">Wat: Verbod op het drinken en meedragen van geopende alcoholische dranken op straat.<br \/>Waar: In de hoofdstraat (Dorfstra\u00dfe) tussen de Giggijochbahn en Gaislachkoglbahn, plus omliggende pleinen (o.a. Freizeit Arena).<br \/>Wanneer: Het hele winterseizoen, van 1 december 2025 tot 19 april 2026.<br \/>Uitzondering: Consumptie in de horeca (bars, restaurants, terrassen) en bij evenementen mag wel.<br \/>Doel: Meer rust, veiligheid en minder (geluids)overlast in het centrum.<\/p>\n<p>De offici\u00eble aankondiging vind je op de <a href=\"https:\/\/www.soelden.gv.at\/aktuelles\/alkoholverbot\/\" rel=\"nofollow noopener\" target=\"_blank\">website van de gemeente S\u00f6lden<\/a><\/p>\n","protected":false},"excerpt":{"rendered":"S\u00f6lden staat bekend om het moderne skigebied waar je heerlijk kunt ski\u00ebn en ook om de gezellige apr\u00e8s-ski.&hellip;\n","protected":false},"author":2,"featured_media":53078,"comment_status":"","ping_status":"","sticky":false,"template":"","format":"standard","meta":{"footnotes":""},"categories":[15],"tags":[39,40,48,43,44,34,35,41,42,46,47,49,45,32,33,50,13185,36,37,38,67,64,65,66],"class_list":{"0":"post-53077","1":"post","2":"type-post","3":"status-publish","4":"format-standard","5":"has-post-thumbnail","7":"category-wereld","8":"tag-breaking-news","9":"tag-breakingnews","10":"tag-dutch","11":"tag-featured-news","12":"tag-featurednews","13":"tag-headlines","14":"tag-hoofdpunten","15":"tag-latest-news","16":"tag-latestnews","17":"tag-nederland","18":"tag-nederlanden","19":"tag-nederlands","20":"tag-netherlands","21":"tag-news","22":"tag-nieuws","23":"tag-nl","24":"tag-solden","25":"tag-top-stories","26":"tag-topstories","27":"tag-voorpaginanieuws","28":"tag-wereld","29":"tag-world","30":"tag-world-news","31":"tag-worldnews"},"share_on_mastodon":{"url":"https:\/\/pubeurope.com\/@nl\/115538716597662560","error":""},"_links":{"self":[{"href":"https:\/\/www.europesays.com\/nl\/wp-json\/wp\/v2\/posts\/53077","targetHints":{"allow":["GET"]}}],"collection":[{"href":"https:\/\/www.europesays.com\/nl\/wp-json\/wp\/v2\/posts"}],"about":[{"href":"https:\/\/www.europesays.com\/nl\/wp-json\/wp\/v2\/types\/post"}],"author":[{"embeddable":true,"href":"https:\/\/www.europesays.com\/nl\/wp-json\/wp\/v2\/users\/2"}],"replies":[{"embeddable":true,"href":"https:\/\/www.europesays.com\/nl\/wp-json\/wp\/v2\/comments?post=53077"}],"version-history":[{"count":0,"href":"https:\/\/www.europesays.com\/nl\/wp-json\/wp\/v2\/posts\/53077\/revisions"}],"wp:featuredmedia":[{"embeddable":true,"href":"https:\/\/www.europesays.com\/nl\/wp-json\/wp\/v2\/media\/53078"}],"wp:attachment":[{"href":"https:\/\/www.europesays.com\/nl\/wp-json\/wp\/v2\/media?parent=53077"}],"wp:term":[{"taxonomy":"category","embeddable":true,"href":"https:\/\/www.europesays.com\/nl\/wp-json\/wp\/v2\/categories?post=53077"},{"taxonomy":"post_tag","embeddable":true,"href":"https:\/\/www.europesays.com\/nl\/wp-json\/wp\/v2\/tags?post=53077"}],"curies":[{"name":"wp","href":"https:\/\/api.w.org\/{rel}","templated":true}]}}