{"id":53083,"date":"2025-11-12T20:56:16","date_gmt":"2025-11-12T20:56:16","guid":{"rendered":"https:\/\/www.europesays.com\/nl\/53083\/"},"modified":"2025-11-12T20:56:16","modified_gmt":"2025-11-12T20:56:16","slug":"nooit-alleen-de-kerstboom-opzetten","status":"publish","type":"post","link":"https:\/\/www.europesays.com\/nl\/53083\/","title":{"rendered":"&#8216;Nooit alleen de kerstboom opzetten&#8217;"},"content":{"rendered":"\n<p>&#8220;Ik vind het heerlijk om alle kerstdozen tevoorschijn te rukken en de boel flink op te tuigen&#8221;<\/p>\n<p>De ene heeft eind oktober al Mariah Carey op repeat staan, de ander komt pas op 24 december uit z&#8217;n kerstcomateuze sluimerstand. Maar Chantal? Die zit er lekker tussenin. De presentatrice tuigt de kerstboom pas na Sinterklaas op, omdat haar jongste zoon Bobby nog gelooft in de goedheiligman.<\/p>\n<p>&#8216;Maar daarna&#8230; mag alles los&#8217;, schrijft Chantal. &#8216;Lichtjes, ballen, slingers&#8230; Ik vind het heerlijk om alle kerstdozen tevoorschijn te rukken en de boel flink op te tuigen.&#8217; Zelfs de kinderen ontkomen niet aan de kerstgekte en krijgen een eigen kerstboom op hun kamer. Maar er zit wel een houdbaarheidsdatum op. &#8216;Zodra het 1 januari is, wil ik de hele rommel het huis uit.&#8217;<\/p>\n<p>Daarbij is er een ding waar niemand aan mag tornen, ook puber James niet: de kerstboom optuigen gebeurt samen. &#8216;Ik zal nooit de kerstboom alleen opzetten&#8217;, schrijft de presentatrice met hoofdletters. &#8216;Al is James zestien, al heeft-ie er geen zin in, hij is erbij.&#8217; Ook als de kinderen snel afhaken. &#8216;Tradities zijn er om te koesteren. Of in ieder geval om half af te maken.&#8217;<\/p>\n<p>Naast versiering hoort er ook een flinke dosis gluren bij de buren bij. &#8216;Wat voor mij ook bij kerst hoort? Wandelen. Altijd een frisse neus halen met z&#8217;n allen, het liefst na het eten.&#8217; En uiteraard staat ook in huize Janzen-Geeratz Home Alone aan met de feestdagen. Maar ook de cadeautjes zijn voor Chantal onmisbaar.\u00a0<\/p>\n<p>Wat niet meer hoeft? &#8216;De alles-en-iedereen-op-\u00e9\u00e9n-plek-kerst&#8217;. &#8216;Klink ideaal, was het niet&#8217;, schrijft ze over het idee om beide families onder \u00e9\u00e9n dak samen te brengen. Inmiddels is het &#8216;eilandhoppen&#8217; in Limburg geworden, met veel autoritten, maar uiteindelijk toch blijdschap. &#8216;Want het is en blijft bijzonder dat we bij elkaar kunnen zijn.&#8217;<\/p>\n","protected":false},"excerpt":{"rendered":"&#8220;Ik vind het heerlijk om alle kerstdozen tevoorschijn te rukken en de boel flink op te tuigen&#8221; De&hellip;\n","protected":false},"author":2,"featured_media":53084,"comment_status":"","ping_status":"","sticky":false,"template":"","format":"standard","meta":{"footnotes":""},"categories":[31],"tags":[99,147,2564,48,98,46,47,49,45,50],"class_list":{"0":"post-53083","1":"post","2":"type-post","3":"status-publish","4":"format-standard","5":"has-post-thumbnail","7":"category-celebrities","8":"tag-amusement","9":"tag-celebrities","10":"tag-chantal-janzen","11":"tag-dutch","12":"tag-entertainment","13":"tag-nederland","14":"tag-nederlanden","15":"tag-nederlands","16":"tag-netherlands","17":"tag-nl"},"share_on_mastodon":{"url":"https:\/\/pubeurope.com\/@nl\/115538728218202991","error":""},"_links":{"self":[{"href":"https:\/\/www.europesays.com\/nl\/wp-json\/wp\/v2\/posts\/53083","targetHints":{"allow":["GET"]}}],"collection":[{"href":"https:\/\/www.europesays.com\/nl\/wp-json\/wp\/v2\/posts"}],"about":[{"href":"https:\/\/www.europesays.com\/nl\/wp-json\/wp\/v2\/types\/post"}],"author":[{"embeddable":true,"href":"https:\/\/www.europesays.com\/nl\/wp-json\/wp\/v2\/users\/2"}],"replies":[{"embeddable":true,"href":"https:\/\/www.europesays.com\/nl\/wp-json\/wp\/v2\/comments?post=53083"}],"version-history":[{"count":0,"href":"https:\/\/www.europesays.com\/nl\/wp-json\/wp\/v2\/posts\/53083\/revisions"}],"wp:featuredmedia":[{"embeddable":true,"href":"https:\/\/www.europesays.com\/nl\/wp-json\/wp\/v2\/media\/53084"}],"wp:attachment":[{"href":"https:\/\/www.europesays.com\/nl\/wp-json\/wp\/v2\/media?parent=53083"}],"wp:term":[{"taxonomy":"category","embeddable":true,"href":"https:\/\/www.europesays.com\/nl\/wp-json\/wp\/v2\/categories?post=53083"},{"taxonomy":"post_tag","embeddable":true,"href":"https:\/\/www.europesays.com\/nl\/wp-json\/wp\/v2\/tags?post=53083"}],"curies":[{"name":"wp","href":"https:\/\/api.w.org\/{rel}","templated":true}]}}