{"id":53139,"date":"2025-11-12T22:15:11","date_gmt":"2025-11-12T22:15:11","guid":{"rendered":"https:\/\/www.europesays.com\/nl\/53139\/"},"modified":"2025-11-12T22:15:11","modified_gmt":"2025-11-12T22:15:11","slug":"ziyech-en-el-ghazi-onderschrijven-brief-aan-uefa-met-boodschap-voor-israel","status":"publish","type":"post","link":"https:\/\/www.europesays.com\/nl\/53139\/","title":{"rendered":"Ziyech en El Ghazi onderschrijven brief aan UEFA met boodschap voor Isra\u00ebl"},"content":{"rendered":"<p class=\"intro\">Vele atleten, waaronder Anwar el Ghazi en Hakim Ziyech, hebben op donderdag een brief ondertekend voor de groep Athletes 4 Peace, gericht aan de UEFA. Zij vragen om uitsluiting van Isra\u00ebl van Europese competities.<\/p>\n<p>&#8216;Wij roepen de UEFA op om per direct Isra\u00ebl van alle competities te schorsen tot zij zich houden aan internationaal recht en stoppen met het doden van burgers en kinderen&#8217;, schrijft <a target=\"_blank\" href=\"https:\/\/www.athletes4peace.org\/\" rel=\"nofollow noopener\">de brief<\/a>, die ondertekend is door meer dan zeventig atleten.<\/p>\n<p>Onder deze atleten behoren naast Ziyech en El Ghazi ook andere bekenden voor Nederlandse voetbalfans. Said Bakari, Boy Waterman en Halil Dervisoglu steunen de brief en de inhoud.<\/p>\n<p>De druk op UEFA neemt de laatste maanden steeds meer toe. Vorige week riep de <a target=\"_self\" href=\"https:\/\/www.voetbalprimeur.nl\/nieuws\/1710110\/ierse-voetbalbond-wil-dat-isra-l-per-direct-wordt-uitgesloten.html\" rel=\"nofollow noopener\">Ierse bond<\/a> al op voor een schorsing van Isra\u00ebl, nadat dit eerder ook al was gedaan door Turkije en Noorwegen. Wedstrijden van de Isra\u00eblische ploeg zorgen ook voor veel commotie, zo werden wedstrijden in Noorwegen en Itali\u00eb gehouden met grote protesten en demonstraties buiten het stadion.<\/p>\n<p>Dit was ook het geval bij meerdere uitwedstrijden in Europese competities van Maccabi Tel Aviv. Waar er meerdere malen geweld over en weer was met Isra\u00eblische fans. Het bekendste incident vond plaats in Amsterdam na de wedstrijd tegen Ajax (5-0).<\/p>\n<p>&#8216;Stil blijven is het accepteren dat sommige levens minder waard zijn dan anderen. Wij geloven in een standaard voor alle landen en mensen, gerechtigheid zonder een dubbele standaard&#8217;, be\u00ebindigt de groep haar brief.<\/p>\n<p>Of de UEFA echt iets gaat doen is nog sterk de vraag. Wel lijkt het zeker dat met de toenemende internationale druk, de UEFA erg blij is dat Isra\u00ebl zich niet meer kan plaatsen voor het WK.<\/p>\n<p>Bekijk Meer<\/p>\n","protected":false},"excerpt":{"rendered":"Vele atleten, waaronder Anwar el Ghazi en Hakim Ziyech, hebben op donderdag een brief ondertekend voor de groep&hellip;\n","protected":false},"author":2,"featured_media":53140,"comment_status":"","ping_status":"","sticky":false,"template":"","format":"standard","meta":{"footnotes":""},"categories":[21],"tags":[48,46,47,49,45,50,92,91],"class_list":{"0":"post-53139","1":"post","2":"type-post","3":"status-publish","4":"format-standard","5":"has-post-thumbnail","7":"category-sport","8":"tag-dutch","9":"tag-nederland","10":"tag-nederlanden","11":"tag-nederlands","12":"tag-netherlands","13":"tag-nl","14":"tag-sport","15":"tag-sports"},"share_on_mastodon":{"url":"https:\/\/pubeurope.com\/@nl\/115539038905446108","error":""},"_links":{"self":[{"href":"https:\/\/www.europesays.com\/nl\/wp-json\/wp\/v2\/posts\/53139","targetHints":{"allow":["GET"]}}],"collection":[{"href":"https:\/\/www.europesays.com\/nl\/wp-json\/wp\/v2\/posts"}],"about":[{"href":"https:\/\/www.europesays.com\/nl\/wp-json\/wp\/v2\/types\/post"}],"author":[{"embeddable":true,"href":"https:\/\/www.europesays.com\/nl\/wp-json\/wp\/v2\/users\/2"}],"replies":[{"embeddable":true,"href":"https:\/\/www.europesays.com\/nl\/wp-json\/wp\/v2\/comments?post=53139"}],"version-history":[{"count":0,"href":"https:\/\/www.europesays.com\/nl\/wp-json\/wp\/v2\/posts\/53139\/revisions"}],"wp:featuredmedia":[{"embeddable":true,"href":"https:\/\/www.europesays.com\/nl\/wp-json\/wp\/v2\/media\/53140"}],"wp:attachment":[{"href":"https:\/\/www.europesays.com\/nl\/wp-json\/wp\/v2\/media?parent=53139"}],"wp:term":[{"taxonomy":"category","embeddable":true,"href":"https:\/\/www.europesays.com\/nl\/wp-json\/wp\/v2\/categories?post=53139"},{"taxonomy":"post_tag","embeddable":true,"href":"https:\/\/www.europesays.com\/nl\/wp-json\/wp\/v2\/tags?post=53139"}],"curies":[{"name":"wp","href":"https:\/\/api.w.org\/{rel}","templated":true}]}}