{"id":53461,"date":"2025-11-13T08:33:09","date_gmt":"2025-11-13T08:33:09","guid":{"rendered":"https:\/\/www.europesays.com\/nl\/53461\/"},"modified":"2025-11-13T08:33:09","modified_gmt":"2025-11-13T08:33:09","slug":"mensen-met-ernstige-psychiatrische-aandoeningen-maken-na-vaccinaties-minder-antistoffen-aan","status":"publish","type":"post","link":"https:\/\/www.europesays.com\/nl\/53461\/","title":{"rendered":"\u2018Mensen met ernstige psychiatrische aandoeningen maken na vaccinaties minder antistoffen aan\u2019"},"content":{"rendered":"<p class=\"has-drop-cap\">Deze kans krijg ik maar \u00e9\u00e9n keer, dacht psychiater en onderzoeker Livia De Picker (37) toen haar pati\u00ebnten aan de beurt waren voor de coronavaccinaties in mei 2021. De pandemie was in volle gang, en ze werkte nog maar pas in het Universitair Psychiatrisch Centrum Duffel in Belgi\u00eb. Uit China kwamen berichten dat mentaal kwetsbare mensen ernstiger ziek worden van het virus en er vaker aan overlijden dan mensen zonder die problemen. Ze had met succes campagne gevoerd om psychiatrische pati\u00ebnten voorrang te geven bij de Europese vaccinatie-uitrol.<\/p>\n<p>Al langer vermoedde ze dat het immuunsysteem bij psychiatrische pati\u00ebnten verstoord is. En nu kon ze dat testen.<\/p>\n<p>In \u00e9\u00e9n van de modernere gebouwen op het terrein van de kliniek midden in Duffel, waar haar lab huist, zet De Picker in haar kantoor het stabureau wat lager. Ze vertelt over de studie die ze in de pandemie opzette. \u201eWe namen bij de pati\u00ebnten en bij het personeel bloed af v\u00f3\u00f3r en na de eerste vaccinatie, en voor en na de tweede vaccinatie. En wat bleek: mensen met ernstige psychiatrische aandoeningen, zoals zware depressie, schizofrenie of een psychose, maken minder antistoffen aan na vaccinaties. Hun afweersysteem lijkt ontregeld.\u201d<\/p>\n<p>De Picker promoveerde in 2020 op onderzoek naar psychose en ontsteking. \u201eToen was ik nog sceptisch over de relatie, maar toen ik hier als psychiater aan de slag ging, zag ik steeds duidelijker verbanden bij mijn pati\u00ebnten. Er is bijvoorbeeld een subtype van depressie, dat immuungedreven lijkt.\u201d Haar onderzoek is in september bekroond met een prijs van het populair-wetenschappelijke tijdschrift EOS Psyche &amp; Brein.<\/p>\n<p>Wat is er verstoord in de afweer van mensen met psychiatrische aandoeningen?<\/p>\n<p>\u201eIn onze studie zagen we dat bij psychiatrische pati\u00ebnten de eerste linie van het immuunsysteem overactief is. Dat is de aangeboren afweer, de snelle, brede verdediging tegen infecties. De tweede verdedigingslinie, die enkele weken later op gang komt, is juist zwakker. Dat is de verworven afweer, met specifiek op de ziekteverwekker gerichte antistoffen.\u201d<\/p>\n<p>Is een psychiatrische aandoening een oorzaak of een gevolg van een verstoord immuunsysteem?<\/p>\n<p>\u201eHet kan in beide richtingen gaan. Ik ben ondertussen redelijk zeker van een causaal effect. Een verstoord immuunsysteem kan depressie veroorzaken. Dat weten we uit grote langlopende studies, maar ook dankzij behandelingen. Als je vroeger mensen bijvoorbeeld tegen hepatitis C behandelde met interferon om hun immuunsysteem aan te wakkeren, kreeg ongeveer een derde depressie.<\/p>\n<p>\u201eWe zien een subgroep bij depressie, met atypische klachten. Bij deze pati\u00ebnten domineert een uitgesproken vermoeidheid. Ze kunnen het niet opbrengen om iets te gaan doen. Anders dan bij andere vormen van depressie is bij hen de eetlust juist toegenomen, hun gewicht neemt toe, ze hebben opmerkelijk meer nood aan slaap. En behandeling met antidepressiva helpt bij hen niet goed.<\/p>\n<p>\u201eBij dit subtype is er vermoedelijk een immunologische ontregeling, het hangt samen met verhoogde ontstekingswaarden. De groep van hoogleraar psychiatrische epidemiologie Brenda Penninx in Amsterdam heeft hier veel onderzoek aan gedaan. Een derde van de mensen met een depressie valt in deze subgroep.\u201d<\/p>\n<p><img alt=\"Livia De Picker.\" data-lightbox-highres=\"https:\/\/images.nrc.nl\/A5svS7sdTGVm-AnWask3phS_Hjs=\/1920x\/filters:no_upscale()\/s3\/static.nrc.nl\/wp-content\/uploads\/2025\/11\/06085441\/161125WET_2019485691_LiviaDePicker_2.jpg\" data-lightbox-highres-webp=\"https:\/\/images.nrc.nl\/DdJihkXShIFD9vz7d_uIixUx5yw=\/1920x\/filters:no_upscale():format(webp)\/s3\/static.nrc.nl\/wp-content\/uploads\/2025\/11\/06085441\/161125WET_2019485691_LiviaDePicker_2.jpg\" data-lightbox-zoom=\"https:\/\/images.nrc.nl\/A5svS7sdTGVm-AnWask3phS_Hjs=\/1920x\/filters:no_upscale()\/s3\/static.nrc.nl\/wp-content\/uploads\/2025\/11\/06085441\/161125WET_2019485691_LiviaDePicker_2.jpg\" data-lightbox-zoom-webp=\"https:\/\/images.nrc.nl\/DdJihkXShIFD9vz7d_uIixUx5yw=\/1920x\/filters:no_upscale():format(webp)\/s3\/static.nrc.nl\/wp-content\/uploads\/2025\/11\/06085441\/161125WET_2019485691_LiviaDePicker_2.jpg\" data-open-in-lightbox=\"true\" decoding=\"async\" height=\"4724\" loading=\"lazy\" src=\"https:\/\/www.europesays.com\/nl\/wp-content\/uploads\/2025\/11\/161125WET_2019485691_LiviaDePicker_2.jpg\"  width=\"3151\"\/><\/p>\n<p class=\"caption\" id=\"figcaption-1\">Livia De Picker.<\/p>\n<p>Foto Ans Brys<\/p>\n<p>Zoom in<\/p>\n<p>Hoe leidt zo\u2019n ontregeling tot psychische klachten?<\/p>\n<p>\u201eVan de stoffen die de cellen in de eerste verdedigingslinie uitscheiden, cytokines, worden mensen moe, hangerig, down. Dat ziektegedrag is gunstig bij een infectie, zo kan het lichaam alle energie gebruiken voor de afweer. Normaal gesproken kalmeert die tak van de afweer als de infectie bedwongen is. Er zijn aanwijzingen dat bij sommige psychiatrische pati\u00ebnten dit deel van de afweer overactief blijft, en een chronische, laaggradige ontsteking in stand houdt.<\/p>\n<p>\u201eOntstekingsstoffen activeren in de hersenen de lokale immuuncellen, microglia. Die richten zich dan minder op het dagelijkse herstel en onderhoud van hersencellen. Ze be\u00efnvloeden ook de productie van belangrijke signaalstoffen die een rol spelen bij energie, motivatie en stemming, zoals dopamine en serotonine.\u201d<\/p>\n<p>Waardoor raakt de afweer zo verstoord?<\/p>\n<p>\u201eDat kan door allerlei dingen komen. Door een slechte leefstijl bijvoorbeeld. Of door een auto-immuun\u00adaandoening. Mensen met bijvoorbeeld psoriasis, diabetes type 1 of reuma lopen een hoger risico op psychiatrische aandoeningen, zoals depressie. En andersom: als we die auto-immuunziekte behandelen, vermindert de depressie vaak.<\/p>\n<p>\u201eEen derde route zijn infecties. Dat werd heel duidelijk bij covid. En dat zien we bij alle infecties, een groep mensen die langdurige klachten zoals depressie, angst of slaapproblemen houdt. Ongeveer 1 op 3 mensen is daar gevoelig voor, denken we. De grote fout bij het chronisch vermoeidheidssyndroom, ME\/CVS, is dat men te lang op zoek was naar het \u00e9ne virus dat het veroorzaakt. Maar elke infectie kan dat triggeren. Of wellicht een herhaaldelijke blootstelling aan infecties. Mensen die als kind vaak met infecties in het ziekenhuis lagen, hebben later een hoger risico op een psychiatrische aandoening, blijkt uit een grote Scandinavische studie.\u201d<\/p>\n<blockquote class=\"dmt-quote\" data-styled=\"false\">\n<p>De helft van de proefpersonen lieten we een stresstest doen: hardop moeilijke hoofdrekensommen maken tegenover drie streng kijkende onderzoekers in witte jassen<\/p>\n<\/blockquote>\n<p>Speelt stress ook een rol bij die immuundepressie?<\/p>\n<p>\u201eStress kan een depressie tijdelijk aanwakkeren. Wij denken doordat het interfereert met die eerste linie van de afweerreactie.\u00a0 Wij hebben een studie gedaan met mensen die in het verleden een depressie hadden, en vrijwilligers zonder depressieverleden. Zij kregen een vaccinatie tegen tyfus, om hun immuunreactie te prikkelen, \u00f3f een placebo. De helft van de proefpersonen lieten we daarna direct een stresstest doen: hardop moeilijke hoofdrekensommen maken tegenover drie streng kijkende onderzoekers in witte jassen.<\/p>\n<p>\u201eEnkel bij de mensen met een voorgeschiedenis van depressie zagen we na die dosis stress na de vaccinatie, de tijdelijke immuunactivatie, een tijdelijke dip in stemming. Je kunt je voorstellen dat als die immuunactivatie chronisch aanwezig is, dat blijvend invloed op de stemming kan hebben, telkens wanneer je met stress te maken krijgt.\u201d<\/p>\n<p>Moeten mensen met deze vorm van depressie ontstekingsremmers slikken?<\/p>\n<p>\u201eWe hebben nog niet genoeg wetenschappelijk bewijs om dit op grote schaal toe te passen. Wij <a href=\"https:\/\/www.sinapsduffel.com\/insta-md\" rel=\"nofollow noopener\" target=\"_blank\">doen nu een studie<\/a> met 240 pati\u00ebnten met depressie, we zoeken nog deelnemers. We delen hen in op basis van een ontstekingsmaat in het bloed: het eiwit CRP. Het is al eerder gezien dat mensen met depressie bij wie het CRP verhoogd is, minder goed reageren op een behandeling met antidepressiva. Elke deelnemer krijgt, zonder dat ze weten welke, een van drie behandelingen toegewezen: met celecoxib, een ontstekingsremmende pijnstiller. Met minocycline, een antibioticum dat immuuncellen in het brein stabiliseert. Of met een placebo. Vanaf 2028 zullen we de resultaten hebben. In Amsterdam <a href=\"https:\/\/immunometaboledepressie.nl\" rel=\"nofollow noopener\" target=\"_blank\">loopt een vergelijkbare studie<\/a>.\u201d<\/p>\n<p>Hoe reageren psychiaters op uw bevindingen?<\/p>\n<p>\u201eOp congressen zit de zaal vol als ik lezingen geef, zeker jonge collega\u2019s zijn enthousiast. Maar andere psychiaters en psychologen zijn nog sceptisch. Vanuit hun optiek domineren ofwel psychologische oorzaken, of sociale of biologische. Maar in realiteit be\u00efnvloeden natuurlijk bij elke psychiatrische aandoening al die dingen elkaar. \u00a0Omgekeerd sturen neurologen en internisten pati\u00ebnten met klachten bij wie ze niets kunnen vinden vaak te snel door naar psychiaters omdat ze denken dat het dan psychisch is.\u201d<\/p>\n<p>En wat vinden pati\u00ebnten ervan?<\/p>\n<p>\u201eDie zijn heel positief; er is eindelijk een mogelijke biologische verklaring voor wat ze ervaren. Een collega in het Verenigd Koninkrijk, die een immuunbehandeling voor psychiatrische problemen aanbiedt, wordt zelfs overstelpt door pati\u00ebnten. Begrijpelijk, er rust nog altijd een stigma op psychiatrische aandoeningen. Het wordt vaak gezien als een zwakte, een persoonlijk falen. Een ontregeld immuunsysteem als mogelijke oorzaak maakt het in hun ogen een \u00e9cht medisch probleem. Terwijl natuurlijk alle psychiatrische aandoeningen echt zijn, of ze nu aan het immuunsysteem te wijten zijn of niet.\u201d<\/p>\n<p>Wat doet u zelf om mentaal gezond te blijven?<\/p>\n<p>\u201eIk werk altijd aan een stabureau. En ik ben sinds de pandemie begonnen met krachttraining en hardlopen \u2013 niet te intensief hoor, rondjes van vijf, tien kilometer. Na lopen ben ik moe, maar na een ronde gewichtheffen heb ik m\u00e9\u00e9r energie dan ervoor!<\/p>\n<p>\u201eEn ik heb nog iets belangrijks aangepast. Als ik een infectie doormaak, al is het een verkoudheid, neem ik het bij het eerste signaal onmiddellijk rust, tot ik voel dat die moemakende afweerreactie helemaal verdwenen is. Dat lethargische gevoel is de boodschap van je immuunsysteem: spaar je energie, die heb ik nu nodig. Niet de schouders eronder en doorbijten. Luisteren naar je lichaam.\u201d<\/p>\n<p><img alt=\"\" data-lightbox-highres=\"https:\/\/images.nrc.nl\/YRRo8wEQSrZekSx4Xg7Eaz33tsc=\/1920x\/filters:no_upscale()\/s3\/static.nrc.nl\/wp-content\/uploads\/2025\/11\/06085451\/161125WET_2019485691_LiviaDePicker_4.jpg\" data-lightbox-highres-webp=\"https:\/\/images.nrc.nl\/qYVOQH2Id9x8ust_kZHOIqFqmGw=\/1920x\/filters:no_upscale():format(webp)\/s3\/static.nrc.nl\/wp-content\/uploads\/2025\/11\/06085451\/161125WET_2019485691_LiviaDePicker_4.jpg\" data-lightbox-zoom=\"https:\/\/images.nrc.nl\/YRRo8wEQSrZekSx4Xg7Eaz33tsc=\/1920x\/filters:no_upscale()\/s3\/static.nrc.nl\/wp-content\/uploads\/2025\/11\/06085451\/161125WET_2019485691_LiviaDePicker_4.jpg\" data-lightbox-zoom-webp=\"https:\/\/images.nrc.nl\/qYVOQH2Id9x8ust_kZHOIqFqmGw=\/1920x\/filters:no_upscale():format(webp)\/s3\/static.nrc.nl\/wp-content\/uploads\/2025\/11\/06085451\/161125WET_2019485691_LiviaDePicker_4.jpg\" data-open-in-lightbox=\"true\" decoding=\"async\" height=\"3151\" loading=\"lazy\" src=\"https:\/\/www.europesays.com\/nl\/wp-content\/uploads\/2025\/11\/161125WET_2019485691_LiviaDePicker_4.jpg\"  width=\"4724\"\/>Foto Ans Brys<\/p>\n<p>Zoom in<\/p>\n<p>\t\t\t\t\tSchrijf je in voor de nieuwsbrief NRC Wetenschap<\/p>\n<p class=\"dmt-signup__description\">\n\t\t\t\tOp de hoogte van kleine ontdekkingen, wilde theorie\u00ebn, onverwachte inzichten en alles daar tussenin\n\t\t\t<\/p>\n<p>Inschrijven<br \/>\nUitschrijven<\/p>\n<p>Geef cadeau<\/p>\n<p>Deel<\/p>\n<p>Mail de redactie<\/p>\n<p>\nNIEUW: Geef dit artikel cadeau<br \/>\n\t\t\tAls NRC-abonnee kun je elke maand 10 artikelen cadeau geven aan iemand zonder NRC-abonnement. De ontvanger kan het artikel direct lezen, zonder betaalmuur.\n\t\t<\/p>\n","protected":false},"excerpt":{"rendered":"Deze kans krijg ik maar \u00e9\u00e9n keer, dacht psychiater en onderzoeker Livia De Picker (37) toen haar pati\u00ebnten&hellip;\n","protected":false},"author":2,"featured_media":53462,"comment_status":"","ping_status":"","sticky":false,"template":"","format":"standard","meta":{"footnotes":""},"categories":[23],"tags":[48,94,93,46,47,49,45,50],"class_list":{"0":"post-53461","1":"post","2":"type-post","3":"status-publish","4":"format-standard","5":"has-post-thumbnail","7":"category-gezondheid","8":"tag-dutch","9":"tag-gezondheid","10":"tag-health","11":"tag-nederland","12":"tag-nederlanden","13":"tag-nederlands","14":"tag-netherlands","15":"tag-nl"},"share_on_mastodon":{"url":"https:\/\/pubeurope.com\/@nl\/115541469143698910","error":""},"_links":{"self":[{"href":"https:\/\/www.europesays.com\/nl\/wp-json\/wp\/v2\/posts\/53461","targetHints":{"allow":["GET"]}}],"collection":[{"href":"https:\/\/www.europesays.com\/nl\/wp-json\/wp\/v2\/posts"}],"about":[{"href":"https:\/\/www.europesays.com\/nl\/wp-json\/wp\/v2\/types\/post"}],"author":[{"embeddable":true,"href":"https:\/\/www.europesays.com\/nl\/wp-json\/wp\/v2\/users\/2"}],"replies":[{"embeddable":true,"href":"https:\/\/www.europesays.com\/nl\/wp-json\/wp\/v2\/comments?post=53461"}],"version-history":[{"count":0,"href":"https:\/\/www.europesays.com\/nl\/wp-json\/wp\/v2\/posts\/53461\/revisions"}],"wp:featuredmedia":[{"embeddable":true,"href":"https:\/\/www.europesays.com\/nl\/wp-json\/wp\/v2\/media\/53462"}],"wp:attachment":[{"href":"https:\/\/www.europesays.com\/nl\/wp-json\/wp\/v2\/media?parent=53461"}],"wp:term":[{"taxonomy":"category","embeddable":true,"href":"https:\/\/www.europesays.com\/nl\/wp-json\/wp\/v2\/categories?post=53461"},{"taxonomy":"post_tag","embeddable":true,"href":"https:\/\/www.europesays.com\/nl\/wp-json\/wp\/v2\/tags?post=53461"}],"curies":[{"name":"wp","href":"https:\/\/api.w.org\/{rel}","templated":true}]}}