{"id":53942,"date":"2025-11-13T17:03:12","date_gmt":"2025-11-13T17:03:12","guid":{"rendered":"https:\/\/www.europesays.com\/nl\/53942\/"},"modified":"2025-11-13T17:03:12","modified_gmt":"2025-11-13T17:03:12","slug":"jan-uit-asten-heusden-wordt-gezocht-na-het-mishandelen-van-twee-meisjes","status":"publish","type":"post","link":"https:\/\/www.europesays.com\/nl\/53942\/","title":{"rendered":"&#8216;Jan uit Asten-Heusden&#8217; wordt gezocht na het mishandelen van twee meisjes"},"content":{"rendered":"<p>De politie is dringend op zoek naar &#8216;Jan uit Asten-Heusden&#8217;. In de nacht van 4 augustus heeft hij in Zeilberg twee tienermeisjes mishandeld en \u00e9\u00e9n van hen is ook door hem aangerand. De verdachte krijgt een week de tijd om zich te melden bij de politie, anders wordt er een foto van zijn gezicht verspreid.<\/p>\n<p><a tabindex=\"-1\" class=\"author_avatar__Tohc5\" href=\"https:\/\/www.omroepbrabant.nl\/wieiswie\/123\/redactie\" rel=\"nofollow noopener\" target=\"_blank\"><img decoding=\"async\" class=\"author_avatar__image___pU92\" src=\"https:\/\/www.europesays.com\/nl\/wp-content\/uploads\/2025\/11\/e46fde87e6444f8f9cdd51ac3bc69be5.jpg\" alt=\"Profielfoto van Redactie\" loading=\"lazy\"\/><\/a><\/p>\n<p>De jongeman ontmoet de meiden eerder op de avond in een caf\u00e9 aan de Blasiusweg en stelt zich daar voor als &#8216;Jan&#8217;. Of dit zijn echte naam is, weet de politie niet. In het caf\u00e9 is hij tegenover \u00e9\u00e9n van de meisjes al handtastelijk, waarna het slachtoffer aangeeft dit niet fijn te vinden en van hem wegloopt. <\/p>\n<p>Aanranding<br \/>De twee meiden komen rond 03.00 uur buiten en worden opnieuw door dezelfde man aangesproken. Ook is hij weer handtastelijk. E\u00e9n van de meiden wordt ook door de verdachte aangerand en valt samen met hem op de grond. <\/p>\n<p>Toen het meisje zich samen met haar vriendin verzette tegen de man, begon hij te trappen en te slaan. Als omstanders naderen, pakt hij zijn fiets en gaat hij er vandoor.<\/p>\n<p>Nog geen 5 tot 10 minuten later komt de verdachte alleen weer naar de meiden teruggefietst en begint hij tegen ze te praten. Zij vragen hem meteen om weg te gaan, terwijl omstanders de politie bellen en de man op een filmpje vastleggen. Dit zorgt ervoor dat de verdachte uiteindelijk echt weg gaat.<\/p>\n<p>Signalement verdachte:<\/p>\n<ul>\n<li>Geslacht: man<\/li>\n<li>Postuur: normaal<\/li>\n<li>Huidskleur: licht<\/li>\n<li>Haar: donker<\/li>\n<li>Leeftijd: 26 (naar eigen zeggen)<\/li>\n<li>Shirt: lichtgekleurd met verm. apenkop op linkerborst<\/li>\n<li>Broek: bruin\/beige<\/li>\n<li>Bijzonderheden: noemt zich &#8216;Jan uit Asten-Heusden&#8217;<\/li>\n<\/ul>\n","protected":false},"excerpt":{"rendered":"De politie is dringend op zoek naar &#8216;Jan uit Asten-Heusden&#8217;. In de nacht van 4 augustus heeft hij&hellip;\n","protected":false},"author":2,"featured_media":53943,"comment_status":"","ping_status":"","sticky":false,"template":"","format":"standard","meta":{"footnotes":""},"categories":[12],"tags":[163,39,40,48,43,44,34,35,41,42,46,47,49,45,32,33,50,36,37,38],"class_list":{"0":"post-53942","1":"post","2":"type-post","3":"status-publish","4":"format-standard","5":"has-post-thumbnail","7":"category-nederland","8":"tag-163","9":"tag-breaking-news","10":"tag-breakingnews","11":"tag-dutch","12":"tag-featured-news","13":"tag-featurednews","14":"tag-headlines","15":"tag-hoofdpunten","16":"tag-latest-news","17":"tag-latestnews","18":"tag-nederland","19":"tag-nederlanden","20":"tag-nederlands","21":"tag-netherlands","22":"tag-news","23":"tag-nieuws","24":"tag-nl","25":"tag-top-stories","26":"tag-topstories","27":"tag-voorpaginanieuws"},"share_on_mastodon":{"url":"https:\/\/pubeurope.com\/@nl\/115543474532284929","error":""},"_links":{"self":[{"href":"https:\/\/www.europesays.com\/nl\/wp-json\/wp\/v2\/posts\/53942","targetHints":{"allow":["GET"]}}],"collection":[{"href":"https:\/\/www.europesays.com\/nl\/wp-json\/wp\/v2\/posts"}],"about":[{"href":"https:\/\/www.europesays.com\/nl\/wp-json\/wp\/v2\/types\/post"}],"author":[{"embeddable":true,"href":"https:\/\/www.europesays.com\/nl\/wp-json\/wp\/v2\/users\/2"}],"replies":[{"embeddable":true,"href":"https:\/\/www.europesays.com\/nl\/wp-json\/wp\/v2\/comments?post=53942"}],"version-history":[{"count":0,"href":"https:\/\/www.europesays.com\/nl\/wp-json\/wp\/v2\/posts\/53942\/revisions"}],"wp:featuredmedia":[{"embeddable":true,"href":"https:\/\/www.europesays.com\/nl\/wp-json\/wp\/v2\/media\/53943"}],"wp:attachment":[{"href":"https:\/\/www.europesays.com\/nl\/wp-json\/wp\/v2\/media?parent=53942"}],"wp:term":[{"taxonomy":"category","embeddable":true,"href":"https:\/\/www.europesays.com\/nl\/wp-json\/wp\/v2\/categories?post=53942"},{"taxonomy":"post_tag","embeddable":true,"href":"https:\/\/www.europesays.com\/nl\/wp-json\/wp\/v2\/tags?post=53942"}],"curies":[{"name":"wp","href":"https:\/\/api.w.org\/{rel}","templated":true}]}}