{"id":54177,"date":"2025-11-13T22:03:17","date_gmt":"2025-11-13T22:03:17","guid":{"rendered":"https:\/\/www.europesays.com\/nl\/54177\/"},"modified":"2025-11-13T22:03:17","modified_gmt":"2025-11-13T22:03:17","slug":"tzum-nieuws-nrc-de-volkskrant-en-trouw-wilden-lale-gul-niet-als-columnist","status":"publish","type":"post","link":"https:\/\/www.europesays.com\/nl\/54177\/","title":{"rendered":"Tzum | Nieuws: NRC, de Volkskrant en Trouw wilden Lale G\u00fcl niet als columnist"},"content":{"rendered":"<p>In de documentaire Lale G\u00fcl, ik leef mijn eigen leven onthult Lale G\u00fcl dat ze haar column in de Amsterdamse krant Het Parool graag naar een landelijk platform wilde brengen. Ze gaat uiteindelijk naar De Telegraaf, maar dat was niet haar eerste keuze.<\/p>\n<blockquote>\n<p>Ik heb de vrijheid om alles op te schrijven wat ik wil. Dat kan ook een hele progressieve mening zijn. Misschien ben ik de luis in de pels daar, weet je wel. Ik wilde al een tijdje naar een landelijke krant. Ik heb ook NRC benaderd, maar die wilde me niet. Volkskrant ook niet, Trouw ook niet, dus dan ga je automatisch naar een krant die wel wil.<\/p>\n<\/blockquote>\n<p>Lale G\u00fcl is dankzij De Telegraaf verbonden aan het SBS6-programma Nieuws van de Dag en is vaste gast bij RTL Tonight.<\/p>\n<p>De complete documentaire is <a href=\"https:\/\/npo.nl\/start\/serie\/npo-doc_1\/afleveringen\/seizoen-1\/lale-gul-ik-leef-mijn-eigen-leven\/afspelen\" target=\"_blank\" rel=\"nofollow noopener\">hier<\/a> terug te zien.<\/p>\n","protected":false},"excerpt":{"rendered":"In de documentaire Lale G\u00fcl, ik leef mijn eigen leven onthult Lale G\u00fcl dat ze haar column in&hellip;\n","protected":false},"author":2,"featured_media":54178,"comment_status":"","ping_status":"","sticky":false,"template":"","format":"standard","meta":{"footnotes":""},"categories":[25],"tags":[99,48,98,5712,46,47,49,45,50],"class_list":{"0":"post-54177","1":"post","2":"type-post","3":"status-publish","4":"format-standard","5":"has-post-thumbnail","7":"category-amusement","8":"tag-amusement","9":"tag-dutch","10":"tag-entertainment","11":"tag-lale-gul","12":"tag-nederland","13":"tag-nederlanden","14":"tag-nederlands","15":"tag-netherlands","16":"tag-nl"},"share_on_mastodon":{"url":"https:\/\/pubeurope.com\/@nl\/115544654027082441","error":""},"_links":{"self":[{"href":"https:\/\/www.europesays.com\/nl\/wp-json\/wp\/v2\/posts\/54177","targetHints":{"allow":["GET"]}}],"collection":[{"href":"https:\/\/www.europesays.com\/nl\/wp-json\/wp\/v2\/posts"}],"about":[{"href":"https:\/\/www.europesays.com\/nl\/wp-json\/wp\/v2\/types\/post"}],"author":[{"embeddable":true,"href":"https:\/\/www.europesays.com\/nl\/wp-json\/wp\/v2\/users\/2"}],"replies":[{"embeddable":true,"href":"https:\/\/www.europesays.com\/nl\/wp-json\/wp\/v2\/comments?post=54177"}],"version-history":[{"count":0,"href":"https:\/\/www.europesays.com\/nl\/wp-json\/wp\/v2\/posts\/54177\/revisions"}],"wp:featuredmedia":[{"embeddable":true,"href":"https:\/\/www.europesays.com\/nl\/wp-json\/wp\/v2\/media\/54178"}],"wp:attachment":[{"href":"https:\/\/www.europesays.com\/nl\/wp-json\/wp\/v2\/media?parent=54177"}],"wp:term":[{"taxonomy":"category","embeddable":true,"href":"https:\/\/www.europesays.com\/nl\/wp-json\/wp\/v2\/categories?post=54177"},{"taxonomy":"post_tag","embeddable":true,"href":"https:\/\/www.europesays.com\/nl\/wp-json\/wp\/v2\/tags?post=54177"}],"curies":[{"name":"wp","href":"https:\/\/api.w.org\/{rel}","templated":true}]}}