{"id":54254,"date":"2025-11-13T23:15:14","date_gmt":"2025-11-13T23:15:14","guid":{"rendered":"https:\/\/www.europesays.com\/nl\/54254\/"},"modified":"2025-11-13T23:15:14","modified_gmt":"2025-11-13T23:15:14","slug":"frankrijk-plaatst-zich-voor-wk-portugal-nog-niet-na-rode-kaart-ronaldo","status":"publish","type":"post","link":"https:\/\/www.europesays.com\/nl\/54254\/","title":{"rendered":"Frankrijk plaatst zich voor WK, Portugal nog niet na rode kaart Ronaldo"},"content":{"rendered":"<p><img alt=\"\" decoding=\"async\" loading=\"eager\" src=\"https:\/\/www.europesays.com\/nl\/wp-content\/uploads\/2025\/11\/1763075711_404_1024x576a.jpg\" class=\"sc-bcb3b750-1 cULYcE\"\/>ReutersMbapp\u00e9 en Ronaldo tijdens hun WK-kwalificatiewedstrijden<\/p>\n<p>NOS Voetbal\u2022gisteren, 23:06<\/p>\n<p class=\"sc-2ea02837-0 fedhGB\" id=\"357400947951437\">Frankrijk heeft zich als tweede Europese land geplaatst voor het WK voetbal van 2026. In het Parc des Princes wonnen de Fransen met 4-0 van Oekra\u00efne.<\/p>\n<p class=\"sc-2ea02837-0 fedhGB\" id=\"273552671887265\">Portugal kon zich ook kwalificeren, maar ging door twee doelpunten van AZ-spits Troy Parrott met 2-0 onderuit bij Ierland. Cristiano Ronaldo kreeg een rode kaart wegens een elleboogstoot.<\/p>\n<p>Minuut stilte in Parijs<\/p>\n<p class=\"sc-2ea02837-0 fedhGB\" id=\"257469746178986\">De wedstrijd tussen Frankrijk en Oekra\u00efne stond vooral in het teken van het herdenken van de slachtoffers van de terreuraanslagen in Parijs. Op 13 november 2015 kwamen, verspreid over meerdere locaties, 130 mensen om het leven. Frankrijk speelde op dat moment een oefeninterland tegen Duitsland in het Stade de France.<\/p>\n<p class=\"sc-2ea02837-0 fedhGB\" id=\"726833370427625\">De hele dag waren er in Parijs herdenkingen en ook in het stadion werd er stilgestaan bij de gebeurtenissen. Met een minuut stilte en diverse spandoeken werden de slachtoffers herdacht.<\/p>\n<p><img alt=\"\" decoding=\"async\" loading=\"lazy\" src=\"https:\/\/www.europesays.com\/nl\/wp-content\/uploads\/2025\/11\/1763075712_491_1024x576a.jpg\" class=\"sc-bcb3b750-1 cULYcE\"\/>ReutersHet moment van stilte voor de wedstrijd tussen Frankrijk en Oekra\u00efne<\/p>\n<p class=\"sc-2ea02837-0 fedhGB\" id=\"864830514022248\">Frankrijk, dat bij de laatste twee edities van het WK de finale haalde, nam na rust afstand van Oekra\u00efne. Eerst kregen de Fransen een penalty, nadat Taras Mykhavko op de voet had gestaan van Michael Olise. Kylian Mbapp\u00e9 benutte de strafschop met een panenka.<\/p>\n<p class=\"sc-2ea02837-0 fedhGB\" id=\"878858261644065\">Uiteindelijk liep de score nog flink op. Olise maakte er op aangeven van N&#8217;Golo Kant\u00e9 2-0 van en met een intikker was Mbapp\u00e9 goed voor de derde Franse treffer. In de slotfase pikte invaller Hugo Ekitik\u00e9 ook nog een doelpunt mee.<\/p>\n<p><img alt=\"\" decoding=\"async\" loading=\"lazy\" src=\"https:\/\/www.europesays.com\/nl\/wp-content\/uploads\/2025\/11\/1763075712_416_1024x576a.jpg\" class=\"sc-bcb3b750-1 cULYcE\"\/>ReutersDe Franse ploeg viert de plaatsing voor het WK 2026<\/p>\n<p class=\"sc-2ea02837-0 fedhGB\" id=\"250970928246115\">Portugal had zich met een overwinning ook kunnen verzekeren van een WK-ticket, maar in een stadion vol enthousiaste Ieren werd er in Dublin met 2-0 verloren. Troy Parrott, die dit seizoen al dertien keer scoorde in veertien wedstrijden voor AZ, maakte beide goals.<\/p>\n<p class=\"sc-2ea02837-0 fedhGB\" id=\"114839107297893\">Zondag kan Portugal zich in de thuiswedstrijd tegen Armeni\u00eb alsnog plaatsen.<\/p>\n<p><img alt=\"\" decoding=\"async\" loading=\"lazy\" src=\"https:\/\/www.europesays.com\/nl\/wp-content\/uploads\/2025\/11\/1763075713_172_1024x576a.jpg\" class=\"sc-bcb3b750-1 cULYcE\"\/>ReutersParrott viert een doelpunt tegen Portugal<\/p>\n<p class=\"sc-2ea02837-0 fedhGB\" id=\"86057950372049\">Ierland kon zich geen nederlaag permitteren om de hoop op een WK-ticket nog levend te houden en zoals altijd knokten de Ieren voor wat ze waard waren. Na ruim een kwartier veroverde Parrott bijna de bal van Portugal-doelman Diogo Costa. Het leverde een hoekschop op en daaruit scoorde de Ier alsnog: een verre voorzet werd teruggekopt en Parrott kon van dichtbij binnenkoppen.<\/p>\n<p class=\"sc-2ea02837-0 fedhGB\" id=\"137447636337186\">De Portugezen waren veel beter en Ierland overleefde enkele hachelijke momenten. Vlak voor rust viel echter plots de 2-0 en weer was Parrott de doelpuntenmaker. De spits trok naar binnen en vond, door de benen van R\u00faben Neves, op knappe wijze de korte hoek.<\/p>\n<p>Rood Ronaldo<\/p>\n<p class=\"sc-2ea02837-0 fedhGB\" id=\"933743005615021\">Na rust hield Ierland dapper stand. De frustratie nam toe bij Ronaldo die zonder dat de bal in de buurt was een elleboogstoot uitdeelde aan zijn mandekker. Op aanraden van de videoscheidsrechter Pol van Boekel kreeg de Portugees, die al vijf WK&#8217;s meemaakte, een rode kaart.<\/p>\n<p><img alt=\"\" decoding=\"async\" loading=\"lazy\" src=\"https:\/\/www.europesays.com\/nl\/wp-content\/uploads\/2025\/11\/1763075713_730_1024x576a.jpg\" class=\"sc-bcb3b750-1 cULYcE\"\/>ReutersRonaldo steekt cynisch twee duimen op naar het Ierse publiek<\/p>\n<p class=\"sc-2ea02837-0 fedhGB\" id=\"69521031519545\">Engeland, dat al zeker was van WK-deelname, won ook zijn zevende kwalificatieduel en heeft nog altijd geen enkel tegendoelpunt. Op Wembley werd Servi\u00eb met 2-0 verslagen. Na een klein half uur zette Bukayo Sak\u00e9 de Engelsen op voorsprong en in de laatste minuut besliste Eberechi Eze het duel met een fraai schot in de bovenhoek. <\/p>\n<p class=\"sc-2ea02837-0 fedhGB\" id=\"793779437600804\">Servi\u00eb eindigt door de nederlaag als derde in de poule en dus werd er feest gevierd door aartsrivaal Albani\u00eb, dat zelf met 1-0 won bij Andorra en als nummer twee aan de play-offs mag gaan deelnemen.<\/p>\n<ul data-sentry-element=\"Slides\" data-sentry-source-file=\"Carousel.tsx\" class=\"sc-e4f6708-5 hWPyLG\">\n<li data-testid=\"carousel-slide\" class=\"sc-e4f6708-0 bBEeSN\"><img alt=\"\" decoding=\"async\" loading=\"lazy\" src=\"https:\/\/www.europesays.com\/nl\/wp-content\/uploads\/2025\/11\/1763075713_190_1024x576a.jpg\" class=\"sc-bcb3b750-1 cULYcE\"\/>NOSDeze landen zijn al geplaatst voor het WK 2026<\/li>\n<li data-testid=\"carousel-slide\" class=\"sc-e4f6708-0 bBEeSN\"><img alt=\"\" decoding=\"async\" loading=\"lazy\" src=\"https:\/\/www.europesays.com\/nl\/wp-content\/uploads\/2025\/11\/1763075713_124_1024x576a.jpg\" class=\"sc-bcb3b750-1 cULYcE\"\/>NOSDe geplaatste landen voor het WK 2026 na de wedstrijden van 13 november<\/li>\n<\/ul>\n<p>Vorige slide<\/p>\n<p>Volgende slide<\/p>\n","protected":false},"excerpt":{"rendered":"ReutersMbapp\u00e9 en Ronaldo tijdens hun WK-kwalificatiewedstrijden NOS Voetbal\u2022gisteren, 23:06 Frankrijk heeft zich als tweede Europese land geplaatst voor&hellip;\n","protected":false},"author":2,"featured_media":54255,"comment_status":"","ping_status":"","sticky":false,"template":"","format":"standard","meta":{"footnotes":""},"categories":[21],"tags":[48,46,47,49,45,50,92,91,167,4398],"class_list":{"0":"post-54254","1":"post","2":"type-post","3":"status-publish","4":"format-standard","5":"has-post-thumbnail","7":"category-sport","8":"tag-dutch","9":"tag-nederland","10":"tag-nederlanden","11":"tag-nederlands","12":"tag-netherlands","13":"tag-nl","14":"tag-sport","15":"tag-sports","16":"tag-voetbal","17":"tag-wk-kwalificatie"},"share_on_mastodon":{"url":"https:\/\/pubeurope.com\/@nl\/115544937206821321","error":""},"_links":{"self":[{"href":"https:\/\/www.europesays.com\/nl\/wp-json\/wp\/v2\/posts\/54254","targetHints":{"allow":["GET"]}}],"collection":[{"href":"https:\/\/www.europesays.com\/nl\/wp-json\/wp\/v2\/posts"}],"about":[{"href":"https:\/\/www.europesays.com\/nl\/wp-json\/wp\/v2\/types\/post"}],"author":[{"embeddable":true,"href":"https:\/\/www.europesays.com\/nl\/wp-json\/wp\/v2\/users\/2"}],"replies":[{"embeddable":true,"href":"https:\/\/www.europesays.com\/nl\/wp-json\/wp\/v2\/comments?post=54254"}],"version-history":[{"count":0,"href":"https:\/\/www.europesays.com\/nl\/wp-json\/wp\/v2\/posts\/54254\/revisions"}],"wp:featuredmedia":[{"embeddable":true,"href":"https:\/\/www.europesays.com\/nl\/wp-json\/wp\/v2\/media\/54255"}],"wp:attachment":[{"href":"https:\/\/www.europesays.com\/nl\/wp-json\/wp\/v2\/media?parent=54254"}],"wp:term":[{"taxonomy":"category","embeddable":true,"href":"https:\/\/www.europesays.com\/nl\/wp-json\/wp\/v2\/categories?post=54254"},{"taxonomy":"post_tag","embeddable":true,"href":"https:\/\/www.europesays.com\/nl\/wp-json\/wp\/v2\/tags?post=54254"}],"curies":[{"name":"wp","href":"https:\/\/api.w.org\/{rel}","templated":true}]}}