{"id":54278,"date":"2025-11-13T23:43:11","date_gmt":"2025-11-13T23:43:11","guid":{"rendered":"https:\/\/www.europesays.com\/nl\/54278\/"},"modified":"2025-11-13T23:43:11","modified_gmt":"2025-11-13T23:43:11","slug":"paniek-astronomisch-bedrag-voor-kees-smit","status":"publish","type":"post","link":"https:\/\/www.europesays.com\/nl\/54278\/","title":{"rendered":"&#8216;Paniek: astronomisch bedrag voor Kees Smit&#8217;"},"content":{"rendered":"<p><a href=\"https:\/\/www.soccernews.nl\/speler\/kees-smit\/\" rel=\"nofollow noopener\" target=\"_blank\">Kees Smit<\/a> heeft half Europa achter zich aanzitten. En dat sterkt de onderhandelingspositie van zijn werkgever <a href=\"https:\/\/www.soccernews.nl\/team\/az\/\" rel=\"nofollow noopener\" target=\"_blank\">AZ<\/a> natuurlijk. De Alkmaarders zouden wel gek zijn om genoegen te nemen met een appel en een ei.<\/p>\n<p>\u2018AZ moet paniekerig Newcastle United helemaal uitknijpen\u2019<\/p>\n<p>Volgens The Daily Mail heeft <a href=\"https:\/\/www.soccernews.nl\/team\/newcastle-united\/\" rel=\"nofollow noopener\" target=\"_blank\">Newcastle United<\/a> de naam van de middenvelder met rood omcirkeld op zijn shortlist, en The Magpies zijn sinds de overname van het Public Investment Fund (PIF) uit Saudi-Arabi\u00eb \u00e9\u00e9n van de rijkste clubs ter wereld. Daarnaast speelt er nog iets mee: Newcastle presteert dit seizoen helemaal niet zo goed, het elftal van manager Eddie Howe staat momenteel veertiende in de Premier League, met maar twaalf punten uit elf wedstrijden.<\/p>\n<p>Op St. James\u2019 Park is men dus in paniek, en als een club als Newcastle United in paniek is wordt de portemonnee getrokken. Het bovengenoemde dagblad schrijft dat The Magpies verwachten zo\u2019n twintig miljoen pond (23 miljoen euro) af te moeten tikken voor Smit, maar scheidend technisch directeur Max Huiberts is natuurlijk niet van gisteren. De naam van de hoofdrolspeler in dit verhaal staat \u00f3\u00f3k op de verlanglijstjes van grootmachten als Real Madrid en FC Barcelona, dus de genoemde prijs is slechts een \u2018fooi\u2019.<\/p>\n<p>De nieuwe Pedri<\/p>\n<p>Onlangs zei bondscoach Ronald Koeman van het Nederlands elftal over Smit: \u201cIk heb ooit Pedri meegemaakt als trainer van Barcelona. En nu zie ik dingen bij Smit die ik bij Pedri ook zag. Dan gaat het om tweebenigheid en het scannen. Als Smit ook maar de helft krijgt van de carri\u00e8re van Pedri, dan zijn we al heel blij in Nederland. Verder zeg ik niet te veel, want dan raken mensen misschien in de war.\u201d<\/p>\n<p>Het AZ-supertalent reageerde: \u201cIk raak er niet door in de war. Maar ik snap wel dat mensen het misschien een beetje een rare vergelijking vonden. Ik had het niet verwacht, maar ik vond het wel mooie woorden.\u201d Is hij de nieuwe Pedri? \u201cDat moeten andere mensen maar beoordelen. Ik vind hem echt heel goed, dus ik zou eigenlijk zeggen van niet. Maar als andere mensen zeggen van wel, dan vind ik dat mooi om te horen.\u201d<\/p>\n<p>Ook Frenkie de Jong (\u00e9\u00e9n van Smits voorbeelden) wilde wel wat kwijt over de middenvelder: \u201cIk denk dat hij heel veel talent heeft, maar ik denk niet dat het slim is om daar nu al dingen over te zeggen.\u201d<\/p>\n<p>        Hoeveel moet AZ vragen?    <\/p>\n<ul class=\"bc-poll__options gap-4 list-unstyled bc-poll__voted-remove\">\n<li class=\"bc-poll__option fs-8 fw-bold p-2 mb-4 bg-black text-white text-success-hover\" data-bc-option-id=\"1\" data-bc-selected-classes=\"text-success\" data-bc-icon-name-default=\"square-fill\" data-bc-icon-name-selected=\"check-square\" data-bc-icon-name-selected-classes=\"text-success me-2\">\n<p>                                Meer dan 30 miljoen            <\/li>\n<li class=\"bc-poll__option fs-8 fw-bold p-2 mb-4 bg-black text-white text-success-hover\" data-bc-option-id=\"2\" data-bc-selected-classes=\"text-success\" data-bc-icon-name-default=\"square-fill\" data-bc-icon-name-selected=\"check-square\" data-bc-icon-name-selected-classes=\"text-success me-2\">\n<p>                                Minder dan 30 miljoen            <\/li>\n<\/ul>\n<ul class=\"bc-poll__results list-unstyled\">\n<li class=\"bc-poll__result justify-content-between p-4 bg-color-4 d-flex fs-7 p-2 text-white mb-4 bg-light\" data-bc-selected-classes=\"bg-black\">\n<p>                        Meer dan 30 miljoen                    <\/p>\n<\/li>\n<li class=\"bc-poll__result justify-content-between p-4 bg-color-4 d-flex fs-7 p-2 text-white mb-4 bg-light\" data-bc-selected-classes=\"bg-black\">\n<p>                        Minder dan 30 miljoen                    <\/p>\n<\/li>\n<\/ul>\n<p class=\"bc-poll__results-count-wrapper text-white fw-bold\">\n            0 Votes        <\/p>\n","protected":false},"excerpt":{"rendered":"Kees Smit heeft half Europa achter zich aanzitten. En dat sterkt de onderhandelingspositie van zijn werkgever AZ natuurlijk.&hellip;\n","protected":false},"author":2,"featured_media":54279,"comment_status":"","ping_status":"","sticky":false,"template":"","format":"standard","meta":{"footnotes":""},"categories":[21],"tags":[48,46,47,49,45,50,92,91],"class_list":{"0":"post-54278","1":"post","2":"type-post","3":"status-publish","4":"format-standard","5":"has-post-thumbnail","7":"category-sport","8":"tag-dutch","9":"tag-nederland","10":"tag-nederlanden","11":"tag-nederlands","12":"tag-netherlands","13":"tag-nl","14":"tag-sport","15":"tag-sports"},"share_on_mastodon":{"url":"https:\/\/pubeurope.com\/@nl\/115545047240135820","error":""},"_links":{"self":[{"href":"https:\/\/www.europesays.com\/nl\/wp-json\/wp\/v2\/posts\/54278","targetHints":{"allow":["GET"]}}],"collection":[{"href":"https:\/\/www.europesays.com\/nl\/wp-json\/wp\/v2\/posts"}],"about":[{"href":"https:\/\/www.europesays.com\/nl\/wp-json\/wp\/v2\/types\/post"}],"author":[{"embeddable":true,"href":"https:\/\/www.europesays.com\/nl\/wp-json\/wp\/v2\/users\/2"}],"replies":[{"embeddable":true,"href":"https:\/\/www.europesays.com\/nl\/wp-json\/wp\/v2\/comments?post=54278"}],"version-history":[{"count":0,"href":"https:\/\/www.europesays.com\/nl\/wp-json\/wp\/v2\/posts\/54278\/revisions"}],"wp:featuredmedia":[{"embeddable":true,"href":"https:\/\/www.europesays.com\/nl\/wp-json\/wp\/v2\/media\/54279"}],"wp:attachment":[{"href":"https:\/\/www.europesays.com\/nl\/wp-json\/wp\/v2\/media?parent=54278"}],"wp:term":[{"taxonomy":"category","embeddable":true,"href":"https:\/\/www.europesays.com\/nl\/wp-json\/wp\/v2\/categories?post=54278"},{"taxonomy":"post_tag","embeddable":true,"href":"https:\/\/www.europesays.com\/nl\/wp-json\/wp\/v2\/tags?post=54278"}],"curies":[{"name":"wp","href":"https:\/\/api.w.org\/{rel}","templated":true}]}}