{"id":5454,"date":"2025-09-26T09:29:05","date_gmt":"2025-09-26T09:29:05","guid":{"rendered":"https:\/\/www.europesays.com\/nl\/5454\/"},"modified":"2025-09-26T09:29:05","modified_gmt":"2025-09-26T09:29:05","slug":"we-zijn-er-bijna-bestaat-15-jaar-ga-mee-terug-in-de-tijd","status":"publish","type":"post","link":"https:\/\/www.europesays.com\/nl\/5454\/","title":{"rendered":"We zijn er Bijna! bestaat 15 jaar, ga mee terug in de tijd"},"content":{"rendered":"<p>                <a class=\"ccm_message_link\" href=\"#\">Accepteer<\/a> de cookies om dit element te weergeven.            <\/p>\n<p class=\"post-date\">Publicatiedatum: 26 september 2025<\/p>\n<p>Het 14e seizoen van We zijn er Bijna! zit erop. Presentator Martine van Os heeft aangegeven <a href=\"https:\/\/www.maxvandaag.nl\/sessies\/themas\/reizen-verkeer\/martine-van-os-stopt-met-we-zijn-er-bijna-de-beslissing-om-te-stoppen-heb-ik-niet-licht-genomen-maar-soms-is-het-tijd-voor-verandering\/\" target=\"_blank\" rel=\"noopener nofollow\">dat dit haar laatste seizoen<\/a> is geweest. Sinds de start in 2011 is zij h\u00e9t gezicht van het programma. Daarom zijn we in het archief gedoken en hebben we 15 jaar aan mooie momenten bij elkaar gezocht.<\/p>\n<p>Al die jaren al hetzelfde team<\/p>\n<p>Al 15 jaar gaat Martine met hetzelfde team op pad. Televisiemaker Claudine Everaert komt met het programmavoorstel bij Omroep MAX. Martine kent Claudine al, omdat ze eerder programma\u2019s samen hebben gemaakt. Ze noemt het echt een MAX-programma.<\/p>\n<p>De presentatie komt in haar handen te liggen. \u201cHet past wel bij mij, om met mensen op stap te zijn. Ik ben \u00e9cht ge\u00efnteresseerd in mensen, dat vind ik heel erg leuk. Ik ben ge\u00efnteresseerd in hun verhalen. En ik hou van mensen. Als je dat niet in je hebt, moet je dit programma ook zeker niet gaan presenteren.\u201d<\/p>\n<p><a href=\"https:\/\/www.maxvandaag.nl\/sessies\/themas\/reizen-verkeer\/martine-van-os-stopt-met-we-zijn-er-bijna-de-beslissing-om-te-stoppen-heb-ik-niet-licht-genomen-maar-soms-is-het-tijd-voor-verandering\/\" rel=\"nofollow noopener\" target=\"_blank\"><img decoding=\"async\" src=\"https:\/\/www.europesays.com\/nl\/wp-content\/uploads\/2025\/09\/We-zijn-er-bijna-2024-Martine-en-groep-MAX-1200-667jpg-135x75.jpg\" alt=\"Martine van Os in We zijn er Bijna! door Spanje en Portugal\" title=\"We zijn er bijna-2024-Martine en groep-MAX-1200-667jpg\"\/><\/p>\n<p>Lees ook: Martine van Os stopt met We zijn er Bijna! \u2018De beslissing om te stoppen heb ik niet licht genomen, maar soms is het tijd voor verandering\u2019<\/p>\n<p>                <\/a><br \/>\nVan liters pannenkoekenbeslag maken tot prachtige uitzichten<\/p>\n<p>In al die jaren maakt Martine een hoop mee. Van liters pannenkoekenbeslag maken voor de hele kampeergroep, tot tips om de wc in de caravan schoon te houden. Van de weg vragen in het Duits tot een Jeepsafari langs diepe afgronden. Maar ook genieten van mooie groene bergtoppen tot oog voor de kleinste diertjes op de grond. Op de foto voor Chinezen, die de caravan heel interessant vinden.<\/p>\n<p>Veel mooie gesprekken en jeu de boules<\/p>\n<p>Een hoop mooie, persoonlijke gesprekken voert ze in al die jaren. Maar er wordt ook gedanst, lekker gegeten en natuurlijk jeu de boules gespeeld. Bekijk de video boven het artikel om te zien wat Martine allemaal meegemaakt heeft.<\/p>\n<p><a href=\"https:\/\/www.maxvandaag.nl\/sessies\/themas\/reizen-verkeer\/we-zijn-er-bijna-2025-reisleiders-ger-en-evelyne-blikken-terug-op-de-reis-het-hing-van-hoogtepunten-aan-elkaar\/\" rel=\"nofollow noopener\" target=\"_blank\"><img decoding=\"async\" src=\"https:\/\/www.europesays.com\/nl\/wp-content\/uploads\/2025\/09\/wzeb-terugblik-ger-evelyne-1200x667-1-135x75.jpg\" alt=\"Reisleiders Ger en Evelyne blikken terug op de reis.\" title=\"wzeb-terugblik-ger-evelyne-1200\u00d7667\"\/><\/p>\n<p>Lees ook: We zijn er Bijna! 2025: reisleiders Ger en Evelyne blikken terug op de reis: \u201cHet hing van hoogtepunten aan elkaar\u201d<\/p>\n<p>                <\/a><br \/>\nPuzzel Martine weer compleet<\/p>\n<p>De week van 22 tot en met 28 september 2025 verschijnt er elke dag een puzzel met een foto van Martine uit 15 jaar We zijn er Bijna! hier op MAX Vandaag. <a href=\"https:\/\/www.maxvandaag.nl\/prijsvraag\/\" target=\"_blank\" rel=\"noopener nofollow\">Die kunt u hier vinden<\/a> (even naar beneden scrollen).<\/p>\n<p>Wilt u alles van het afgelopen seizoen van We zijn er Bijna! nog eens rustig nalezen? <a href=\"https:\/\/www.maxvandaag.nl\/programmas\/tv\/we-zijn-er-bijna\/\" target=\"_blank\" rel=\"noopener nofollow\">Dat kan op deze pagina<\/a>. Het seizoen terugkijken kan via <a href=\"https:\/\/npo.nl\/start\/serie\/we-zijn-er-bijna\" target=\"_blank\" rel=\"noopener nofollow\">NPO Start<\/a>.<\/p>\n<p>(Foto: MAX)<\/p>\n","protected":false},"excerpt":{"rendered":"Accepteer de cookies om dit element te weergeven. Publicatiedatum: 26 september 2025 Het 14e seizoen van We zijn&hellip;\n","protected":false},"author":2,"featured_media":5455,"comment_status":"","ping_status":"","sticky":false,"template":"","format":"standard","meta":{"footnotes":""},"categories":[28],"tags":[99,48,98,361,46,47,49,45,50,124,492],"class_list":{"0":"post-5454","1":"post","2":"type-post","3":"status-publish","4":"format-standard","5":"has-post-thumbnail","7":"category-tv","8":"tag-amusement","9":"tag-dutch","10":"tag-entertainment","11":"tag-martine-van-os","12":"tag-nederland","13":"tag-nederlanden","14":"tag-nederlands","15":"tag-netherlands","16":"tag-nl","17":"tag-tv","18":"tag-we-zijn-er-bijna-2025"},"share_on_mastodon":{"url":"","error":""},"_links":{"self":[{"href":"https:\/\/www.europesays.com\/nl\/wp-json\/wp\/v2\/posts\/5454","targetHints":{"allow":["GET"]}}],"collection":[{"href":"https:\/\/www.europesays.com\/nl\/wp-json\/wp\/v2\/posts"}],"about":[{"href":"https:\/\/www.europesays.com\/nl\/wp-json\/wp\/v2\/types\/post"}],"author":[{"embeddable":true,"href":"https:\/\/www.europesays.com\/nl\/wp-json\/wp\/v2\/users\/2"}],"replies":[{"embeddable":true,"href":"https:\/\/www.europesays.com\/nl\/wp-json\/wp\/v2\/comments?post=5454"}],"version-history":[{"count":0,"href":"https:\/\/www.europesays.com\/nl\/wp-json\/wp\/v2\/posts\/5454\/revisions"}],"wp:featuredmedia":[{"embeddable":true,"href":"https:\/\/www.europesays.com\/nl\/wp-json\/wp\/v2\/media\/5455"}],"wp:attachment":[{"href":"https:\/\/www.europesays.com\/nl\/wp-json\/wp\/v2\/media?parent=5454"}],"wp:term":[{"taxonomy":"category","embeddable":true,"href":"https:\/\/www.europesays.com\/nl\/wp-json\/wp\/v2\/categories?post=5454"},{"taxonomy":"post_tag","embeddable":true,"href":"https:\/\/www.europesays.com\/nl\/wp-json\/wp\/v2\/tags?post=5454"}],"curies":[{"name":"wp","href":"https:\/\/api.w.org\/{rel}","templated":true}]}}