{"id":54639,"date":"2025-11-14T10:07:17","date_gmt":"2025-11-14T10:07:17","guid":{"rendered":"https:\/\/www.europesays.com\/nl\/54639\/"},"modified":"2025-11-14T10:07:17","modified_gmt":"2025-11-14T10:07:17","slug":"militariseert-de-samenleving-bij-gebrek-aan-debat-daarover-probeert-duits-onderzoek-houvast-te-bieden","status":"publish","type":"post","link":"https:\/\/www.europesays.com\/nl\/54639\/","title":{"rendered":"Militariseert de samenleving? Bij gebrek aan debat daarover probeert Duits onderzoek houvast te bieden"},"content":{"rendered":"<p>Een defensiebudget dat een steeds groter deel van de overheidsuitgaven opslorpt.  Een\u00a0leger dat moet groeien van 80.000 naar 200.000 militairen. Natuur die wijkt voor kazernes en schietbanen. Bedrijven die steeds meer werknemers uitlenen aan defensie. Hoger onderwijs dat zijn studenten <a data-id=\"https:\/\/www.nrc.nl\/nieuws\/2025\/11\/02\/op-zoek-naar-extra-reservisten-marcheert-defensie-het-onderwijs-in-a4911165\" data-type=\"link\" href=\"https:\/\/www.nrc.nl\/nieuws\/2025\/11\/02\/op-zoek-naar-extra-reservisten-marcheert-defensie-het-onderwijs-in-a4911165\" rel=\"nofollow noopener\" target=\"_blank\">studiepunten geeft<\/a> voor een militaire training.<\/p>\n<p>De invloed van militairen op samenleving en bestuur groeit, maar het politiek debat daarover groeit niet mee. Tijdens de laatste verkiezingscampagne ontbrak defensie grotendeels als verkiezingsthema. De campagne werd gedomineerd door onderwerpen als woningnood,. Defensie bleef vooral een financieel onderwerp. Dat terwijl de explosief stijgende defensie-uitgaven en navenant groeiende militaire ambities zowel politiek als maatschappij voor scherpe keuzes plaatsen. Hoever moet de militaire invloed gaan? In hoeverre gaan de stijgende defensie-uitgaven ten koste van basisvoorzieningen als de zorg?  <a href=\"https:\/\/nieuwevredesbeweging.nl\/2025\/05\/12\/tegen-de-oorlogsmachine\/\" rel=\"nofollow noopener\" target=\"_blank\">spreken<\/a>\u00a0inmiddels van \u201eeen sluipende militarisering van de hele samenleving\u201d.<\/p>\n<blockquote class=\"dmt-quote\" data-styled=\"false\">\n<p>De Global Militarisation Index kan helpen om een ge\u00efnformeerd debat te voeren over de vraag waar je met je samenleving naartoe wilt. In hoeverre wil je de verzorgingsstaat ten koste laten gaan van de enorme groei aan militaire uitgaven?<\/p>\n<p>Marc von Boemcken<br \/>\nhoofd onderzoek bij het Bonn International Center for Conflict Studies<\/p>\n<\/blockquote>\n<p>Marc von Boemcken is een Duitse wetenschapper die deze \u2018militarisering\u2019 onderzoekt. \u201eJullie zijn niet het enige land waar een behoorlijk defensiedebat ontbreekt\u201d, vertelt hij via een Teams-verbinding. \u201eOok bij de campagne voor de Bondsdagverkiezingen, begin dit jaar,\u00a0was defensie geen prominent onderwerp.\u201d\u00a0Wel is de Duitse politiek inmiddels steeds meer in discussie over herinvoering van de militaire dienstplicht.<\/p>\n<p>Von Boemcken is <a data-id=\"https:\/\/www.bicc.de\/Staff\/Marc-von-Boemcken~s12498\" data-type=\"link\" href=\"https:\/\/www.bicc.de\/Staff\/Marc-von-Boemcken~s12498\" rel=\"nofollow noopener\" target=\"_blank\">hoofd onderzoek<\/a> bij het Bonn International Center for Conflict Studies (BICC); eerder was hij reservist bij de Bundeswehr (Duitse krijgsmacht). Bij het BICC houdt hij sinds 2009 met andere wetenschappers een database bij. Die wordt zowel\u00a0door media en wetenschappers als door de Duitse en Amerikaanse overheid geregeld geraadpleegd.\u00a0<\/p>\n<p><a class=\"dmt-article-suggestion\" href=\"https:\/\/www.nrc.nl\/nieuws\/2025\/10\/28\/defensie-moet-burgers-beter-informeren-over-de-milieueffecten-van-haar-uitbreidingen-a4911007\" rel=\"nofollow noopener\" target=\"_blank\"><\/p>\n<p>\n\t\t\t\tLees ook\n\t\t\t<\/p>\n<p>\u2018Defensie moet burgers beter informeren over de milieueffecten van haar uitbreidingen\u2019<\/p>\n<p><img decoding=\"async\" alt=\"Een oefening van defensie op het Artillerie Schietkamp in 't Harde.\" class=\"dmt-article-suggestion__image\" src=\"https:\/\/www.europesays.com\/nl\/wp-content\/uploads\/2025\/11\/281025DEN_2021213942_defensie.jpg\"\/><br \/>\n<\/a><br \/>\nTanks<\/p>\n<p>De database wordt gevoed met cijfers van het Stockholm Peace Research Institute (SIPRI) en laat zien hoeveel landen uitgeven aan militairen en hun wapenarsenaal. De Duitse wetenschappers relateren die vervolgens aan het bruto nationaal product en de uitgaven voor de volksgezondheid. Ook de hoeveelheid militairen, de hoeveelheid zorgpersoneel en de omvang van de bevolking worden met elkaar vergeleken. Er is nog een derde categorie: de hoeveelheid zware wapens (tanks, raketsystemen) waarover een land beschikt.\u00a0<\/p>\n<p>Op basis hiervan ontwikkelden de Duitse wetenschappers de zogeheten <a data-id=\"https:\/\/gmi.bicc.de\/#rank@2023\" data-type=\"link\" href=\"https:\/\/gmi.bicc.de\/#rank@2023\" rel=\"nofollow noopener\" target=\"_blank\">Global Militarisation Index<\/a> (GMI), over de verhouding tussen overheidsinvesteringen in de\u00a0militaire en civiele sector. Hoe meer wapens, defensie-uitgaven en militairen ten opzichte van uitgaven voor zorg en de hoeveelheid zorgpersoneel, hoe hoger de plek op de GMI-ranglijst. \u201eZulke cijfers kunnen helpen om een ge\u00efnformeerd debat te voeren over de vraag waar je met je samenleving naartoe wilt\u201d, aldus Von Boemcken. \u201eBijvoorbeeld: ?\u201d Voor Nederland stijgen die van de huidige 21 miljard euro naar 38 miljard in 2030. Extra belastingen en bijlenen op de internationale kapitaalmarkt (met bijbehorende rentelast) bieden volgens de Duitse expert onvoldoende soelaas.<\/p>\n<p>De weigering van GroenLinks-PvdA om zich te committeren aan omvangrijke investeringen in de krijgsmacht op de lange termijn om ruimte te houden voor de financiering van de almaar stijgende zorgkosten, vindt Von Boemcken een goed voorbeeld van een stellingname die tot meer bewustzijn kan leiden. VVD, CDA en D66 leverden kritiek op de keuze; de partij van \u2013 toen nog \u2013 politiek leider Frans Timmermans zou daarmee niet voluit voor de veiligheid van het land kiezen.\u00a0<\/p>\n<p>Kaalslag<\/p>\n<p>Zoals de vlag er nu bij hangt, zegt de Duitse onderzoeker, gaat het Westen de krachtmeting met Rusland over defensie-uitgaven met gemak winnen. \u201eNu al geven de Europese landen opgeteld meer dan drie keer zoveel uit aan bewapening dan Rusland.\u201d Waarom dan nog risico lopen dat er in het Westen flink moet worden bezuinigd op voorzieningen in onderwijs, zorg of sociale zekerheid? \u201eHet zijn bij uitstek populisten die electoraal profiteren van die dan dreigt. Diezelfde populisten leunen tegen Rusland aan, zoals in Duitsland de AfD. Het kan dus straks goed zo zijn dat het Westen de strijd met Rusland militair wint, maar politiek verliest.\u201d<\/p>\n<p>Slogans over militarisering worden door uiteenlopende partijen wel erg gemakkelijk in de mond genomen, zegt Von Boemcken. \u201eHet begrip heeft meestal een simpele, negatieve lading. Die willen wij met ons project juist vermijden. Enige mate van militarisering kan juist goed zijn. Landen die weinig uitgeven aan defensie en geen behoorlijke krijgsmacht hebben, lopen het risico de speelbal te worden van externe krachten of intern geweld dat niet beteugeld kan worden.\u201d Als voorbeelden noemt hij landen zoals Papoea-Nieuw-Guinea, dat sterk onder invloed staat van Indonesi\u00eb, en Ha\u00efti, dat wordt geteisterd door bendeoorlogen.\u00a0<\/p>\n<blockquote class=\"dmt-quote\" data-styled=\"false\">\n<p> Kiezers zouden de ontzaglijke verspilling binnen de huidige Europese defensie-industrie niet moeten accepteren<\/p>\n<p>Marc von Boemcken<br \/>\nhoofd onderzoek bij het Bonn International Center for Conflict Studies<\/p>\n<\/blockquote>\n<p>Collega\u2019s van Von Boemcken bij het BICC in Bonn probeerden het begrip militarisering nog meer inhoud te geven en de invloed van militairen op bestuur en samenleving ook kwalitatief te meten. Ze wogen factoren als: Is er een militaire dienstplicht? Hoeveel politici en bestuurders van een land hebben een militaire achtergrond, zoals in Nederland staatssecretaris Gijs Tuinman (Defensie, BBB)? In welke landen staan leden van de krijgsmacht\u00a0(deels) boven de wet? (impunity). Eist de krijgsmacht grondstoffen en delen van het productieapparaat voor zich op? <\/p>\n<p>\u201eEen hele lijst\u201d, zegt Von Boemcken, \u201een dan gaat het nog niet eens over militaire invloed op zaken als onderwijs en ruimtelijke ordening.\u201d De informatie over de \u2018<a data-id=\"https:\/\/m3-militarization.com\/\" data-type=\"link\" href=\"https:\/\/m3-militarization.com\/\" rel=\"nofollow noopener\" target=\"_blank\">multidimensionele graden van militarisering<\/a>\u2018 werd echter bijgehouden tot 2020, en is volgens de Duitse wetenschapper daarom minder bruikbaar voor het huidige debat.\u00a0<\/p>\n<p><img alt=\"Marc von Boemcken: \u201eKiezers zouden de ontzaglijke verspilling binnen de huidige Europese defensie-industrie niet moeten accepteren.\u201d\" data-lightbox-highres=\"https:\/\/images.nrc.nl\/LhJNMC-KHUfAbCbUCNPxLI4kLHI=\/1920x\/filters:no_upscale()\/s3\/static.nrc.nl\/wp-content\/uploads\/2025\/11\/13112953\/131125BIN_2023025412_boemcken.jpg\" data-lightbox-highres-webp=\"https:\/\/images.nrc.nl\/hemBEPfcTiie3zTr3wu4eECSKew=\/1920x\/filters:no_upscale():format(webp)\/s3\/static.nrc.nl\/wp-content\/uploads\/2025\/11\/13112953\/131125BIN_2023025412_boemcken.jpg\" data-lightbox-zoom=\"https:\/\/images.nrc.nl\/LhJNMC-KHUfAbCbUCNPxLI4kLHI=\/1920x\/filters:no_upscale()\/s3\/static.nrc.nl\/wp-content\/uploads\/2025\/11\/13112953\/131125BIN_2023025412_boemcken.jpg\" data-lightbox-zoom-webp=\"https:\/\/images.nrc.nl\/hemBEPfcTiie3zTr3wu4eECSKew=\/1920x\/filters:no_upscale():format(webp)\/s3\/static.nrc.nl\/wp-content\/uploads\/2025\/11\/13112953\/131125BIN_2023025412_boemcken.jpg\" data-open-in-lightbox=\"true\" decoding=\"async\" height=\"1969\" loading=\"lazy\" src=\"https:\/\/www.europesays.com\/nl\/wp-content\/uploads\/2025\/11\/131125BIN_2023025412_boemcken.jpg\"  width=\"2950\"\/><\/p>\n<p class=\"caption\" id=\"figcaption-1\">Marc von Boemcken: \u201eKiezers zouden de ontzaglijke verspilling binnen de huidige Europese defensie-industrie niet moeten accepteren.\u201d<\/p>\n<p>Foto Bonn International Centre for Conflict Studies<\/p>\n<p>Zoom in<\/p>\n<p>Fregatten<\/p>\n<p>De getalsmatige vergelijking van uitgaven voor defensie met de uitgaven voor zorg (de GMI) is simpeler en recenter; ze\u00a0loopt <a data-id=\"https:\/\/gmi.bicc.de\/publications\/gmi-2024\/GMI_2024_EN.pdf\" data-type=\"link\" href=\"https:\/\/gmi.bicc.de\/publications\/gmi-2024\/GMI_2024_EN.pdf\" rel=\"nofollow noopener\" target=\"_blank\">tot en met 2024<\/a>. Nederland bezette daarin, net als Duitsland, een \u201egezonde middenpositie\u201d, zoals de politicoloog het noemt. Zowel<a data-id=\"https:\/\/gmi.bicc.de\/ranking-table\" data-type=\"link\" href=\"https:\/\/gmi.bicc.de\/ranking-table\" rel=\"nofollow noopener\" target=\"_blank\"> in 2023<\/a> als in 2024 eindigde ons land op plaats 86, dit op een totaal van 149 landen. Daarmee bevond het zich tussen Guinee en El Salvador. Landen als Oekra\u00efne en Isra\u00ebl voeren de GMI-lijst al enige jaren aan. Onderaan staan eerder genoemde landen als Papoea-Nieuw-Guinea en Ha\u00efti. Duitsland, Von Boemckens thuisland, stond in 2024 op plek 94, tussen Bolivia en Nicaragua.<\/p>\n<p>Gezien de hoge militaire uitgaven die gepland staan (van 21 miljard naar 38 miljard euro over vijf jaar), zal de middenklassering voor Nederland en Duitsland geen stand houden, verwacht de defensie-expert uit Bonn.\u00a0Dat maakt een volwassen debat over de groei van de defensiesector in zijn ogen des te noodzakelijker.<\/p>\n<p>Waar zou dat debat over moeten gaan? Von Boemcken noemt twee onderwerpen. \u201eKiezers zouden de ontzaglijke verspilling binnen de huidige Europese defensie-industrie niet moeten accepteren. Waarom kan Europa niet  maken, zoals de VS dat kan, in plaats van veel verschillende? Dezelfde Europese versplintering geldt voor de bouw van fregatten of jachtvliegtuigen. Dit getuigt van een schokkende ineffici\u00ebntie. Die kun je echt niet meer aan de belastingbetaler verkopen die de rekening van defensie moet betalen.\u201d\u00a0<\/p>\n<p>Ten tweede\u00a0wordt bij het afschrikkingsdenken veel te veel op \u00e9\u00e9n hoop gegooid. \u201eMilitairen en politici zeggen nu steeds dat de afschrikking op orde moet zijn om vrede te behouden. Daarover worden ze zelden kritisch bevraagd. Wat is daarvoor per se nodig, wat minder?\u201d\u00a0Je hebt, zegt Von Boemcken, enerzijds massieve afschrikking met onder meer een kernwapenarsenaal om alle steden in Rusland plat te kunnen gooien. \u201eDat kunnen we nu al.\u201d Anderzijds heb je ook een goed uitgeruste, beweeglijke NAVO-krijgsmacht nodig die snel kan reageren als Rusland iets onderneemt tegen bijvoorbeeld de Baltische staten.<\/p>\n<p>\u201eOok dat kan afschrikwekkend werken, maar is aanzienlijk minder offensief van aard dan die nucleaire raketmacht. Laten we vooral op die defensieve afschrikking de nadruk leggen en kritisch kijken wat daarvoor nodig is. Dan zou kunnen blijken dat defensie veel minder geld nodig heeft dan de grote sommen die onze toekomst gaan bepalen.\u201d<\/p>\n<p><a class=\"dmt-article-suggestion\" href=\"https:\/\/www.nrc.nl\/nieuws\/2025\/05\/15\/nederlanders-overwegend-voor-defensie-uitbreidingen-ook-in-eigen-leefomgeving-a4893316\" rel=\"nofollow noopener\" target=\"_blank\"><\/p>\n<p>\n\t\t\t\tLees ook\n\t\t\t<\/p>\n<p>\u2018Nederlanders overwegend voor defensie-uitbreidingen, ook in eigen leefomgeving\u2019<\/p>\n<p><img decoding=\"async\" alt=\"Nederlanders hebben weinig problemen met kazernes in de eigen leefomgeving, maar zijn veel vaker tegenstanders van oefengebieden voor explosieven in de eigen buurt.\" class=\"dmt-article-suggestion__image\" src=\"https:\/\/www.europesays.com\/nl\/wp-content\/uploads\/2025\/11\/web-1505BINdefensie.jpg\"\/><br \/>\n<\/a><\/p>\n<p>Geef cadeau<\/p>\n<p>Deel<\/p>\n<p>Mail de redactie<\/p>\n<p>\nNIEUW: Geef dit artikel cadeau<br \/>\n\t\t\tAls NRC-abonnee kun je elke maand 10 artikelen cadeau geven aan iemand zonder NRC-abonnement. De ontvanger kan het artikel direct lezen, zonder betaalmuur.\n\t\t<\/p>\n","protected":false},"excerpt":{"rendered":"Een defensiebudget dat een steeds groter deel van de overheidsuitgaven opslorpt. Een\u00a0leger dat moet groeien van 80.000 naar&hellip;\n","protected":false},"author":2,"featured_media":54640,"comment_status":"","ping_status":"","sticky":false,"template":"","format":"standard","meta":{"footnotes":""},"categories":[15],"tags":[39,40,48,43,44,34,35,41,42,46,47,49,45,32,33,50,36,37,38,67,64,65,66],"class_list":{"0":"post-54639","1":"post","2":"type-post","3":"status-publish","4":"format-standard","5":"has-post-thumbnail","7":"category-wereld","8":"tag-breaking-news","9":"tag-breakingnews","10":"tag-dutch","11":"tag-featured-news","12":"tag-featurednews","13":"tag-headlines","14":"tag-hoofdpunten","15":"tag-latest-news","16":"tag-latestnews","17":"tag-nederland","18":"tag-nederlanden","19":"tag-nederlands","20":"tag-netherlands","21":"tag-news","22":"tag-nieuws","23":"tag-nl","24":"tag-top-stories","25":"tag-topstories","26":"tag-voorpaginanieuws","27":"tag-wereld","28":"tag-world","29":"tag-world-news","30":"tag-worldnews"},"share_on_mastodon":{"url":"https:\/\/pubeurope.com\/@nl\/115547501030832429","error":""},"_links":{"self":[{"href":"https:\/\/www.europesays.com\/nl\/wp-json\/wp\/v2\/posts\/54639","targetHints":{"allow":["GET"]}}],"collection":[{"href":"https:\/\/www.europesays.com\/nl\/wp-json\/wp\/v2\/posts"}],"about":[{"href":"https:\/\/www.europesays.com\/nl\/wp-json\/wp\/v2\/types\/post"}],"author":[{"embeddable":true,"href":"https:\/\/www.europesays.com\/nl\/wp-json\/wp\/v2\/users\/2"}],"replies":[{"embeddable":true,"href":"https:\/\/www.europesays.com\/nl\/wp-json\/wp\/v2\/comments?post=54639"}],"version-history":[{"count":0,"href":"https:\/\/www.europesays.com\/nl\/wp-json\/wp\/v2\/posts\/54639\/revisions"}],"wp:featuredmedia":[{"embeddable":true,"href":"https:\/\/www.europesays.com\/nl\/wp-json\/wp\/v2\/media\/54640"}],"wp:attachment":[{"href":"https:\/\/www.europesays.com\/nl\/wp-json\/wp\/v2\/media?parent=54639"}],"wp:term":[{"taxonomy":"category","embeddable":true,"href":"https:\/\/www.europesays.com\/nl\/wp-json\/wp\/v2\/categories?post=54639"},{"taxonomy":"post_tag","embeddable":true,"href":"https:\/\/www.europesays.com\/nl\/wp-json\/wp\/v2\/tags?post=54639"}],"curies":[{"name":"wp","href":"https:\/\/api.w.org\/{rel}","templated":true}]}}