{"id":54755,"date":"2025-11-14T12:38:24","date_gmt":"2025-11-14T12:38:24","guid":{"rendered":"https:\/\/www.europesays.com\/nl\/54755\/"},"modified":"2025-11-14T12:38:24","modified_gmt":"2025-11-14T12:38:24","slug":"portugal-nog-niet-naar-wk-na-rode-kaart-ronaldo-frankrijk-wel-geplaatst","status":"publish","type":"post","link":"https:\/\/www.europesays.com\/nl\/54755\/","title":{"rendered":"Portugal nog niet naar WK na rode kaart Ronaldo, Frankrijk wel geplaatst"},"content":{"rendered":"<p><img alt=\"\" decoding=\"async\" loading=\"eager\" src=\"https:\/\/www.europesays.com\/nl\/wp-content\/uploads\/2025\/11\/1763123900_205_1024x576a.jpg\" class=\"sc-bcb3b750-1 cULYcE\"\/>Pro Shots<\/p>\n<p>NOS Voetbal\u2022gisteren, 23:06<\/p>\n<p class=\"sc-2ea02837-0 fedhGB\" id=\"549800997638283\">Portugal is er nog niet in geslaagd om zich te kwalificeren voor het WK voetbal van 2026. Door twee doelpunten van AZ-spits Troy Parrott was Ierland met 2-0 te sterk. Cristiano Ronaldo kreeg een rode kaart wegens een elleboogstoot.<\/p>\n<p class=\"sc-2ea02837-0 fedhGB\" id=\"619215037056899\">Frankrijk plaatste zich al wel voor het WK. In het Parc des Princes wonnen de Fransen met 4-0 van Oekra\u00efne.<\/p>\n<p class=\"sc-2ea02837-0 fedhGB\" id=\"155472899769343\">Portugal had zich met een overwinning kunnen verzekeren van een WK-ticket, maar in een stadion vol enthousiaste Ieren werd er in Dublin met 2-0 verloren. Troy Parrott, die dit seizoen al dertien keer scoorde in veertien wedstrijden voor AZ, maakte beide goals.<\/p>\n<p class=\"sc-2ea02837-0 fedhGB\" id=\"605250852051703\">Zondag kan Portugal zich in de thuiswedstrijd tegen Armeni\u00eb alsnog plaatsen. Ronaldo zal dat duel missen door een schorsing. Als de FIFA besluit hem voor meer dan \u00e9\u00e9n wedstrijd te schorsen, dan mist de sterspeler ook de eerste duels van Portugal op het WK, mits de ploeg zich weet te plaatsen.<\/p>\n<p><img alt=\"\" decoding=\"async\" loading=\"lazy\" src=\"https:\/\/www.europesays.com\/nl\/wp-content\/uploads\/2025\/11\/1763123900_216_1024x576a.jpg\" class=\"sc-bcb3b750-1 cULYcE\"\/>ReutersParrott viert een doelpunt tegen Portugal<\/p>\n<p class=\"sc-2ea02837-0 fedhGB\" id=\"127817112147889\">Ierland kon zich geen nederlaag permitteren om de hoop op een WK-ticket nog levend te houden en zoals altijd knokten de Ieren voor wat ze waard waren. Na ruim een kwartier veroverde Parrott bijna de bal van Portugal-doelman Diogo Costa. Het leverde een hoekschop op en daaruit scoorde de Ier alsnog: een verre voorzet werd teruggekopt en Parrott kon van dichtbij binnenkoppen.<\/p>\n<p class=\"sc-2ea02837-0 fedhGB\" id=\"35962844967032\">De Portugezen waren veel beter en Ierland overleefde enkele hachelijke momenten. Vlak voor rust viel echter plots de 2-0 en weer was Parrott de doelpuntenmaker. De spits trok naar binnen en vond, door de benen van R\u00faben Neves, op knappe wijze de korte hoek.<\/p>\n<p>Rood Ronaldo<\/p>\n<p class=\"sc-2ea02837-0 fedhGB\" id=\"195398909791128\">Na rust hield Ierland dapper stand. De frustratie nam toe bij Ronaldo die zonder dat de bal in de buurt was een elleboogstoot uitdeelde aan zijn mandekker. Op aanraden van de videoscheidsrechter Pol van Boekel kreeg de Portugees, die al vijf WK&#8217;s meemaakte, een rode kaart.<\/p>\n<p><img alt=\"\" decoding=\"async\" loading=\"lazy\" src=\"https:\/\/www.europesays.com\/nl\/wp-content\/uploads\/2025\/11\/1763075713_730_1024x576a.jpg\" class=\"sc-bcb3b750-1 cULYcE\"\/>ReutersRonaldo steekt cynisch twee duimen op naar het Ierse publiek<\/p>\n<p>Minuut stilte in Parijs<\/p>\n<p class=\"sc-2ea02837-0 fedhGB\" id=\"710798198866104\">De wedstrijd tussen Frankrijk en Oekra\u00efne stond vooral in het teken van het herdenken van de slachtoffers van de terreuraanslagen in Parijs. Op 13 november 2015 kwamen, verspreid over meerdere locaties, 130 mensen om het leven. Frankrijk speelde op dat moment een oefeninterland tegen Duitsland in het Stade de France.<\/p>\n<p class=\"sc-2ea02837-0 fedhGB\" id=\"585681178527484\">De hele dag waren er in Parijs herdenkingen en ook in het stadion werd er stilgestaan bij de gebeurtenissen. Met een minuut stilte en diverse spandoeken werden de slachtoffers herdacht.<\/p>\n<p><img alt=\"\" decoding=\"async\" loading=\"lazy\" src=\"https:\/\/www.europesays.com\/nl\/wp-content\/uploads\/2025\/11\/1763075712_491_1024x576a.jpg\" class=\"sc-bcb3b750-1 cULYcE\"\/>ReutersHet moment van stilte voor de wedstrijd tussen Frankrijk en Oekra\u00efne<\/p>\n<p class=\"sc-2ea02837-0 fedhGB\" id=\"982107017489319\">Frankrijk, dat bij de laatste twee edities van het WK de finale haalde, nam na rust afstand van Oekra\u00efne. Eerst kregen de Fransen een penalty, nadat Taras Mykhavko op de voet had gestaan van Michael Olise. Kylian Mbapp\u00e9 benutte de strafschop met een panenka.<\/p>\n<p class=\"sc-2ea02837-0 fedhGB\" id=\"39860766147517\">Uiteindelijk liep de score nog flink op. Olise maakte er op aangeven van N&#8217;Golo Kant\u00e9 2-0 van en met een intikker was Mbapp\u00e9 goed voor de derde Franse treffer. In de slotfase pikte invaller Hugo Ekitik\u00e9 ook nog een doelpunt mee.<\/p>\n<p><img alt=\"\" decoding=\"async\" loading=\"lazy\" src=\"https:\/\/www.europesays.com\/nl\/wp-content\/uploads\/2025\/11\/1763123902_755_1024x576a.jpg\" class=\"sc-bcb3b750-1 cULYcE\"\/>ReutersDe Franse ploeg viert de plaatsing voor het WK 2026<\/p>\n<p class=\"sc-2ea02837-0 fedhGB\" id=\"875881271800586\">Engeland, dat al zeker was van WK-deelname, won ook zijn zevende kwalificatieduel en heeft nog altijd geen enkel tegendoelpunt. Op Wembley werd Servi\u00eb met 2-0 verslagen. Na een klein half uur zette Bukayo Sak\u00e9 de Engelsen op voorsprong en in de laatste minuut besliste Eberechi Eze het duel met een fraai schot in de bovenhoek. <\/p>\n<p class=\"sc-2ea02837-0 fedhGB\" id=\"896709119663483\">Servi\u00eb eindigt door de nederlaag als derde in de poule en dus werd er feest gevierd door aartsrivaal Albani\u00eb, dat zelf met 1-0 won bij Andorra en als nummer twee aan de play-offs mag gaan deelnemen.<\/p>\n<ul data-sentry-element=\"Slides\" data-sentry-source-file=\"Carousel.tsx\" class=\"sc-e4f6708-5 hWPyLG\">\n<li data-testid=\"carousel-slide\" class=\"sc-e4f6708-0 iNdOVo\"><img alt=\"\" decoding=\"async\" loading=\"lazy\" src=\"https:\/\/www.europesays.com\/nl\/wp-content\/uploads\/2025\/11\/1763085010_434_576x768a.jpg\" class=\"sc-bcb3b750-1 cULYcE\"\/>NOSDeze landen zijn al geplaatst voor het WK 2026<\/li>\n<li data-testid=\"carousel-slide\" class=\"sc-e4f6708-0 iNdOVo\"><img alt=\"\" decoding=\"async\" loading=\"lazy\" src=\"https:\/\/www.europesays.com\/nl\/wp-content\/uploads\/2025\/11\/1763085010_898_576x768a.jpg\" class=\"sc-bcb3b750-1 cULYcE\"\/>NOSDe geplaatste landen voor het WK 2026 na de wedstrijden van 13 november<\/li>\n<\/ul>\n<p>Vorige slide<\/p>\n<p>Volgende slide<\/p>\n","protected":false},"excerpt":{"rendered":"Pro Shots NOS Voetbal\u2022gisteren, 23:06 Portugal is er nog niet in geslaagd om zich te kwalificeren voor het&hellip;\n","protected":false},"author":2,"featured_media":54756,"comment_status":"","ping_status":"","sticky":false,"template":"","format":"standard","meta":{"footnotes":""},"categories":[21],"tags":[48,46,47,49,45,50,92,91,167,4398],"class_list":{"0":"post-54755","1":"post","2":"type-post","3":"status-publish","4":"format-standard","5":"has-post-thumbnail","7":"category-sport","8":"tag-dutch","9":"tag-nederland","10":"tag-nederlanden","11":"tag-nederlands","12":"tag-netherlands","13":"tag-nl","14":"tag-sport","15":"tag-sports","16":"tag-voetbal","17":"tag-wk-kwalificatie"},"share_on_mastodon":{"url":"https:\/\/pubeurope.com\/@nl\/115548094798596953","error":""},"_links":{"self":[{"href":"https:\/\/www.europesays.com\/nl\/wp-json\/wp\/v2\/posts\/54755","targetHints":{"allow":["GET"]}}],"collection":[{"href":"https:\/\/www.europesays.com\/nl\/wp-json\/wp\/v2\/posts"}],"about":[{"href":"https:\/\/www.europesays.com\/nl\/wp-json\/wp\/v2\/types\/post"}],"author":[{"embeddable":true,"href":"https:\/\/www.europesays.com\/nl\/wp-json\/wp\/v2\/users\/2"}],"replies":[{"embeddable":true,"href":"https:\/\/www.europesays.com\/nl\/wp-json\/wp\/v2\/comments?post=54755"}],"version-history":[{"count":0,"href":"https:\/\/www.europesays.com\/nl\/wp-json\/wp\/v2\/posts\/54755\/revisions"}],"wp:featuredmedia":[{"embeddable":true,"href":"https:\/\/www.europesays.com\/nl\/wp-json\/wp\/v2\/media\/54756"}],"wp:attachment":[{"href":"https:\/\/www.europesays.com\/nl\/wp-json\/wp\/v2\/media?parent=54755"}],"wp:term":[{"taxonomy":"category","embeddable":true,"href":"https:\/\/www.europesays.com\/nl\/wp-json\/wp\/v2\/categories?post=54755"},{"taxonomy":"post_tag","embeddable":true,"href":"https:\/\/www.europesays.com\/nl\/wp-json\/wp\/v2\/tags?post=54755"}],"curies":[{"name":"wp","href":"https:\/\/api.w.org\/{rel}","templated":true}]}}