{"id":55318,"date":"2025-11-14T22:02:09","date_gmt":"2025-11-14T22:02:09","guid":{"rendered":"https:\/\/www.europesays.com\/nl\/55318\/"},"modified":"2025-11-14T22:02:09","modified_gmt":"2025-11-14T22:02:09","slug":"kroatie-plaatst-zich-mede-dankzij-perisic-voor-wk-duitsland-wacht-cruciaal-duel","status":"publish","type":"post","link":"https:\/\/www.europesays.com\/nl\/55318\/","title":{"rendered":"Kroati\u00eb plaatst zich mede dankzij Perisic voor WK, Duitsland wacht cruciaal duel"},"content":{"rendered":"<p><img alt=\"\" decoding=\"async\" loading=\"eager\" src=\"https:\/\/www.europesays.com\/nl\/wp-content\/uploads\/2025\/11\/1763157729_109_1024x576a.jpg\" class=\"sc-bcb3b750-1 cULYcE\"\/>ANPDe Kroatische spits Petar Musa juicht na zijn treffer<\/p>\n<p>NOS Voetbal\u2022vandaag, 22:44<\/p>\n<p class=\"sc-2ea02837-0 fedhGB\" id=\"736195904749582\">Kroati\u00eb heeft zich gekwalificeerd voor het WK 2026. De ploeg van bondscoach Zlatko Dalic kwam op eigen bodem op achterstand tegen de verrassend goed presterende Faer\u00f6er, maar wist de wedstrijd overtuigend te winnen: 3-1. Daardoor zijn de Kroaten groepswinnaar in hun kwalificatiepoule.<\/p>\n<p class=\"sc-2ea02837-0 fedhGB\" id=\"919055632771271\">De Faer\u00f6er hadden met een overwinning in Kroati\u00eb tweede kunnen worden in de kwalificatiepoule, maar stranden op een derde plek. Dat betekent dat Tsjechi\u00eb nu, zonder dat het vanavond speelde, zeker is van de tweede plek in groep L en dus play-offs gaat spelen om WK-deelname.<\/p>\n<p class=\"sc-2ea02837-0 fedhGB\" id=\"312428128343633\">Gelijktijdig boekte Duitsland op bezoek bij Luxemburg een zwaarbevochten zege (0-2). Die Mannschaft is nog niet geplaatst voor het WK, want het speelt maandag nog tegen Slowakije, dat van Noord-Ierland won (1-0) en evenveel punten heeft als de Duitsers.<\/p>\n<p>Grote rol voor Perisic<\/p>\n<p class=\"sc-2ea02837-0 fedhGB\" id=\"436259808543456\">Kroati\u00eb kwam in Rijeka, de derde stad van het land, vroeg op achterstand tegen de Faer\u00f6er. De dunbevolkte eilandengroep, gelegen ten noorden van Schotland, presteerde deze WK-kwalificatie verrassend goed en behaalde 12 punten.<\/p>\n<p class=\"sc-2ea02837-0 fedhGB\" id=\"920945659789454\">De achterstand was voor Kroati\u00eb echter van korte duur. Mede dankzij de goed spelende PSV&#8217;er Ivan Perisic werd de achterstand omgedraaid. De 36-jarige buitenspeler stond aan de basis van de 1-1 met een goede actie, die uiteindelijk werd afgerond door Josko Gvardiol.<\/p>\n<p><img alt=\"\" decoding=\"async\" loading=\"lazy\" src=\"https:\/\/www.europesays.com\/nl\/wp-content\/uploads\/2025\/11\/1763157729_498_1024x576a.jpg\" class=\"sc-bcb3b750-1 cULYcE\"\/>Pro ShotsPerisic was een plaag voor de Faer\u00f6er met zijn acties over de linkerflank<\/p>\n<p class=\"sc-2ea02837-0 fedhGB\" id=\"626082220229583\">In de tweede helft zorgde spits Petar Musa voor de 2-1, waarna Perisic opnieuw een hoofdrol opeiste. Hij maakte na 70 minuten wederom een goede actie over links, om een voorzet panklaar op het hoofd van ploeggenoot Nikola Vlasic te leggen. Die kopte de 3-1 binnen, wat de eindstand zou blijken.<\/p>\n<p>Geen makkelijke avond Duitsland<\/p>\n<p class=\"sc-2ea02837-0 fedhGB\" id=\"782732818843239\">In het Groothertogdom Luxemburg had Duitsland geen makkelijke avond. Hoewel Luxemburg als een kleintje geldt in het internationale voetbal en nog altijd op nul punten staat in de huidige WK-kwalificatie, bood het goed weerstand tegen de Duitsers.<\/p>\n<p class=\"sc-2ea02837-0 fedhGB\" id=\"511670579904695\">Het lukte Duitsland voor rust dan ook nog niet om te scoren. Pas na de thee lukte dat, via twee rake schoten van Nick Woltemade. De 1,98 meter lange spits bewees zijn kwaliteiten als afmaker door twee grote kansen koeltjes te benutten.<\/p>\n<p class=\"sc-2ea02837-0 fedhGB\" id=\"482536338783342\">Duitsland wacht maandag een cruciaal thuisduel met Slowakije, dat in extremis wist te winnen van Noord-Ierland (1-0). Beide landen hebben evenveel punten en bepalen dus in het onderlinge duel wie het directe WK-ticket grijpt. Het heenduel in september werd gewonnen door de Slowaken (2-0).<\/p>\n","protected":false},"excerpt":{"rendered":"ANPDe Kroatische spits Petar Musa juicht na zijn treffer NOS Voetbal\u2022vandaag, 22:44 Kroati\u00eb heeft zich gekwalificeerd voor het&hellip;\n","protected":false},"author":2,"featured_media":55319,"comment_status":"","ping_status":"","sticky":false,"template":"","format":"standard","meta":{"footnotes":""},"categories":[21],"tags":[819,48,9525,46,47,49,45,50,92,91,167,4398],"class_list":{"0":"post-55318","1":"post","2":"type-post","3":"status-publish","4":"format-standard","5":"has-post-thumbnail","7":"category-sport","8":"tag-duitsland","9":"tag-dutch","10":"tag-kroatie","11":"tag-nederland","12":"tag-nederlanden","13":"tag-nederlands","14":"tag-netherlands","15":"tag-nl","16":"tag-sport","17":"tag-sports","18":"tag-voetbal","19":"tag-wk-kwalificatie"},"share_on_mastodon":{"url":"https:\/\/pubeurope.com\/@nl\/115550312494901882","error":""},"_links":{"self":[{"href":"https:\/\/www.europesays.com\/nl\/wp-json\/wp\/v2\/posts\/55318","targetHints":{"allow":["GET"]}}],"collection":[{"href":"https:\/\/www.europesays.com\/nl\/wp-json\/wp\/v2\/posts"}],"about":[{"href":"https:\/\/www.europesays.com\/nl\/wp-json\/wp\/v2\/types\/post"}],"author":[{"embeddable":true,"href":"https:\/\/www.europesays.com\/nl\/wp-json\/wp\/v2\/users\/2"}],"replies":[{"embeddable":true,"href":"https:\/\/www.europesays.com\/nl\/wp-json\/wp\/v2\/comments?post=55318"}],"version-history":[{"count":0,"href":"https:\/\/www.europesays.com\/nl\/wp-json\/wp\/v2\/posts\/55318\/revisions"}],"wp:featuredmedia":[{"embeddable":true,"href":"https:\/\/www.europesays.com\/nl\/wp-json\/wp\/v2\/media\/55319"}],"wp:attachment":[{"href":"https:\/\/www.europesays.com\/nl\/wp-json\/wp\/v2\/media?parent=55318"}],"wp:term":[{"taxonomy":"category","embeddable":true,"href":"https:\/\/www.europesays.com\/nl\/wp-json\/wp\/v2\/categories?post=55318"},{"taxonomy":"post_tag","embeddable":true,"href":"https:\/\/www.europesays.com\/nl\/wp-json\/wp\/v2\/tags?post=55318"}],"curies":[{"name":"wp","href":"https:\/\/api.w.org\/{rel}","templated":true}]}}