{"id":55449,"date":"2025-11-15T03:55:09","date_gmt":"2025-11-15T03:55:09","guid":{"rendered":"https:\/\/www.europesays.com\/nl\/55449\/"},"modified":"2025-11-15T03:55:09","modified_gmt":"2025-11-15T03:55:09","slug":"live-oekraine-rusland-wil-nog-dit-jaar-120-000-glijbommen-maken-de-telegraaf","status":"publish","type":"post","link":"https:\/\/www.europesays.com\/nl\/55449\/","title":{"rendered":"LIVE | Oekra\u00efne: Rusland wil nog dit jaar 120.000 glijbommen maken &#8211; De Telegraaf"},"content":{"rendered":"<ol>\n<li><a href=\"https:\/\/news.google.com\/rss\/articles\/CBMiswFBVV95cUxOdWIyYlRHSHJ3bFk1XzJHZjQ4TXB6ZGZhRnVlR3lJVkpkanBGbHdvaHdrcnl5bG1MS3VaZVpuRXc3R2tOczdGc2FpV0NFblh5S0Rzcl9PTklxYU02bEpxWGs5V1QyNGljMFhtSkNSRVRpck1ETW9jSzR2V1ZQRHFXeXVRTWlMU2IxRl83ZWdha2Nxa1RBbW9INzE2N2M5ZWN3WThpUjFuTlg4RjJMT2dJS2NuVQ?oc=5\" target=\"_blank\" rel=\"nofollow noopener\">LIVE | Oekra\u00efne: Rusland wil nog dit jaar 120.000 glijbommen maken<\/a>&nbsp;&nbsp;De Telegraaf<\/li>\n<li><a href=\"https:\/\/news.google.com\/rss\/articles\/CBMi2wFBVV95cUxQRGNhQ29lbnhoLWpSX0dGYWhROFhwN1NrMXZNNGpqaUdHWF9yWWl0WGRIVVBjTFdqQXFGc3hoUDJPSUhodUYxV1EwcnJDeG5LMlZwTldIS3lkT3V2NjM5eGRTT1JWR2xkWFBGU3NJZkdRQXlvTUdERWo3NmMzbHVjV2FfQmNhZmh0T0pQbW5VWnJqOXlCQmhUaUp0QlhyelAzRzBNcndMalZkVmtFYVV1YzhDRnJQaWZBRVYwSGYxbkJuMUJrZ3ZYZmJNaTdERWhhOTdyZk05U0JPemM?oc=5\" target=\"_blank\" rel=\"nofollow noopener\">Live Oekra\u00efne: Oekra\u00efne: Rusland wil dit jaar 120 duizend vliegtuigbommen produceren<\/a>&nbsp;&nbsp;de Volkskrant<\/li>\n<li><a href=\"https:\/\/news.google.com\/rss\/articles\/CBMinwFBVV95cUxNUmVKNklrTW4yZjAwZzkyaHdMdlQtT0pyY0NZUWpmdFZzbnFLSjZ2RzZfNGF4alZ1aFU2RC1ET29aQV9mdlJIZ19IYUxOYUJtVXh1ZUZ1dnBzQlBGMTMxQ2JNUzIwZXk1clZlbk8tenFTZ1pGeTlsejhLWDJKZ1gwR3VET3dTSURDa2RmNHF4Tjgwd1lpclczdG9hTXpuaDA?oc=5\" target=\"_blank\" rel=\"nofollow noopener\">Liveblog | Rusland wil nog dit jaar 120.000 glijbommen maken<\/a>&nbsp;&nbsp;bnr.nl<\/li>\n<li><a href=\"https:\/\/news.google.com\/rss\/articles\/CBMivwFBVV95cUxPZU84NmxfUWNiRUNSQmRPM3NvaDVQVnhBN1dmUzZQeEpOMzNKZ1pZaEZHNWxuQkNFR1luSHNLWVE4NXlLaDVhUzRrdzBMcTRmVUdMNGE3X2Jsa0RQdE44b2c4UFE3Tms4U3NxYkUwRWRDNV9EcXhhWTNleV9HZXRyeE4yWjlrcDFrcGw5THlrbnNaSXZHVXVod2N6d1dXMmdUNVg1TE4za2hUZmV1YTAtRGhaY0l1U1F0TU81MmhxSQ?oc=5\" target=\"_blank\" rel=\"nofollow noopener\">Live oorlog Oekra\u00efne: Aanvallen op Oekra\u00efne eisen meer levens<\/a>&nbsp;&nbsp;Trouw<\/li>\n<li><a href=\"https:\/\/news.google.com\/rss\/articles\/CBMiwwFBVV95cUxQSmFlQlN1WHB6SWlsX2Q0emllUjBWRVpLMFJYemRRNlFIbGFCa2E5QlpHOWZmakFzTk1LODJwaG03TjhCY3l0WVNfcEZDajYtZWtsdDFSTjhZRXdFZzE1M2ZmVldKYzZLRmVGUTNjeFRmRm5ScUE2NU9BNzU2TGZCMW16aVRPYzZnWlc3QlBZTk5tRGRaN2NnTHJSaXJNUnpzVGxSYTdrVENhRWR4T0pWUW4yWWFUSU81RTRsb3dsVGJBTVk?oc=5\" target=\"_blank\" rel=\"nofollow noopener\">Oekra\u00efense generaal-majoor: \u201cRusland wil dit jaar nog 120.000 glijbommen maken\u201d<\/a>&nbsp;&nbsp;HLN<\/li>\n<\/ol>\n","protected":false},"excerpt":{"rendered":"LIVE | Oekra\u00efne: Rusland wil nog dit jaar 120.000 glijbommen maken&nbsp;&nbsp;De Telegraaf Live Oekra\u00efne: Oekra\u00efne: Rusland wil dit&hellip;\n","protected":false},"author":2,"featured_media":55450,"comment_status":"","ping_status":"","sticky":false,"template":"","format":"standard","meta":{"footnotes":""},"categories":[15],"tags":[39,40,48,43,44,34,35,41,42,46,47,49,45,32,33,50,36,37,38,67,64,65,66],"class_list":{"0":"post-55449","1":"post","2":"type-post","3":"status-publish","4":"format-standard","5":"has-post-thumbnail","7":"category-wereld","8":"tag-breaking-news","9":"tag-breakingnews","10":"tag-dutch","11":"tag-featured-news","12":"tag-featurednews","13":"tag-headlines","14":"tag-hoofdpunten","15":"tag-latest-news","16":"tag-latestnews","17":"tag-nederland","18":"tag-nederlanden","19":"tag-nederlands","20":"tag-netherlands","21":"tag-news","22":"tag-nieuws","23":"tag-nl","24":"tag-top-stories","25":"tag-topstories","26":"tag-voorpaginanieuws","27":"tag-wereld","28":"tag-world","29":"tag-world-news","30":"tag-worldnews"},"share_on_mastodon":{"url":"https:\/\/pubeurope.com\/@nl\/115551700472715738","error":""},"_links":{"self":[{"href":"https:\/\/www.europesays.com\/nl\/wp-json\/wp\/v2\/posts\/55449","targetHints":{"allow":["GET"]}}],"collection":[{"href":"https:\/\/www.europesays.com\/nl\/wp-json\/wp\/v2\/posts"}],"about":[{"href":"https:\/\/www.europesays.com\/nl\/wp-json\/wp\/v2\/types\/post"}],"author":[{"embeddable":true,"href":"https:\/\/www.europesays.com\/nl\/wp-json\/wp\/v2\/users\/2"}],"replies":[{"embeddable":true,"href":"https:\/\/www.europesays.com\/nl\/wp-json\/wp\/v2\/comments?post=55449"}],"version-history":[{"count":0,"href":"https:\/\/www.europesays.com\/nl\/wp-json\/wp\/v2\/posts\/55449\/revisions"}],"wp:featuredmedia":[{"embeddable":true,"href":"https:\/\/www.europesays.com\/nl\/wp-json\/wp\/v2\/media\/55450"}],"wp:attachment":[{"href":"https:\/\/www.europesays.com\/nl\/wp-json\/wp\/v2\/media?parent=55449"}],"wp:term":[{"taxonomy":"category","embeddable":true,"href":"https:\/\/www.europesays.com\/nl\/wp-json\/wp\/v2\/categories?post=55449"},{"taxonomy":"post_tag","embeddable":true,"href":"https:\/\/www.europesays.com\/nl\/wp-json\/wp\/v2\/tags?post=55449"}],"curies":[{"name":"wp","href":"https:\/\/api.w.org\/{rel}","templated":true}]}}