{"id":55605,"date":"2025-11-15T09:26:08","date_gmt":"2025-11-15T09:26:08","guid":{"rendered":"https:\/\/www.europesays.com\/nl\/55605\/"},"modified":"2025-11-15T09:26:08","modified_gmt":"2025-11-15T09:26:08","slug":"ze-zag-er-slecht-uit","status":"publish","type":"post","link":"https:\/\/www.europesays.com\/nl\/55605\/","title":{"rendered":"\u2018Ze zag er slecht uit\u2019"},"content":{"rendered":"<p>Gordon wilde graag naar de uitvaart van Viola Holt toe en zocht daarom contact met haar nabestaanden. \u201cEn ze zeiden dat er echt all\u00e9\u00e9n familie zou zijn\u201d, aldus de zanger, die haar er al slecht uit vond zien.<\/p>\n<p>        Door onze entertainmentredactie<\/p>\n<p>        <img fetchpriority=\"high\" decoding=\"async\" width=\"1280\" height=\"720\" src=\"https:\/\/www.europesays.com\/nl\/wp-content\/uploads\/2025\/11\/0819-Viola-Gordon.jpg\" class=\"attachment-post-thumbnail size-post-thumbnail wp-post-image\" alt=\"Viola Holt en Gordon\"  \/>        \u00a9 SBS    <\/p>\n<p>De op 76-jarige leeftijd overleden Viola Holt is deze week gecremeerd in Hilversum. Er waren maar ongeveer <a href=\"https:\/\/www.mediacourant.nl\/2025\/11\/afscheid-viola-holt-in-zeer-besloten-kring-stuk-of-tien-mensen\/\" rel=\"nofollow noopener\" target=\"_blank\">tien mensen<\/a> bij aanwezig, waaronder in elk geval n\u00edet Gordon. De Radio 10-dj had er wel graag bij willen zijn, zegt hij in <a href=\"https:\/\/www.story.nl\/\" rel=\"nofollow noopener\" target=\"_blank\">Story<\/a>. \u201cIk heb contact met de familie gehad, en ze zeiden dat er echt all\u00e9\u00e9n familie is. Dat moet ik respecteren.\u201d<\/p>\n<p>\u2018Ze zag er slecht uit\u2019<\/p>\n<p>Gordon zag Viola vorige maand nog. \u201cTwee weken voor haar overlijden, heb ik Viola nog gezien. Ze kwam bij mij lunchen in Blaricum. En eerlijk gezegd schrok ik ervan hoe slecht ze eruitzag. Het ging niet goed met haar. Ik maakte me echt zorgen. Toen ik hoorde dat ze aan een hartinfarct was overleden, was ik niet verbaasd.\u201d<\/p>\n<p>Toevallig zag Goor het overlijden van Jonnie Boer eerder dit jaar ook al aankomen. \u201cIk vind het echt wel heel heftig. Ik heb nog met hem staan praten. Ik moet heel eerlijk zeggen: ik vond dat hij er echt slecht uitzag ook. Ja, echt. Ik schrok er eigenlijk van. Ik bedoel: ik vind het een heel mooie man om te zien\u201d, <a href=\"https:\/\/www.mediacourant.nl\/2025\/05\/gordon-ik-zat-op-laatste-vlucht-jonnie-boer-hij-zag-er-slecht-uit\/\" rel=\"nofollow noopener\" target=\"_blank\">zei hij daarover<\/a>.<\/p>\n<p>\u2018Het is verschrikkelijk\u2019<\/p>\n<p>Terug naar Viola: Goor vindt het vreselijk dat ze ons is ontvallen. \u201cHet is verschrikkelijk dat ze er niet meer is. Daar kan ik me nog geen voorstelling bij maken. Viola is voor mij altijd heel belangrijk geweest.\u201d<\/p>\n<p>Viola was een groot fan van zijn repertoire, meent hij. \u201cZe was heel erg fan van mijn lied Kon ik nog maar even bij je zijn. Toen ik bij haar in de studio kwam, ging ze helemaal zwijmelend op tafel liggen en riep uit hoe geweldig ze me vond. Hilarisch! Vanaf dat moment werden we heel goede vrienden.\u201d <\/p>\n<p>\u2018Vertrouw niemand!\u2019<\/p>\n<p>Gordon heeft veel van haar geleerd. \u201cHaar belangrijkste advies aan mij was om in het vak nooit iemand te vertrouwen. Daarin had ze gelijk. Dat ondervond ze zelf in 1998, toen ze door RTL 4 aan de kant werd gezet omdat ze te oud was. Ze was nog geen vijftig!\u201d<\/p>\n<p>Hij besluit: \u201cMet Peter, haar grote liefde, is ze toen naar Mexico vertrokken. Weg van alles. Voor haar man vind ik het al z\u00f3 verdrietig. Zij waren echt \u00e9\u00e9n. Zoveel liefde, zoveel warmte.\u201d<\/p>\n","protected":false},"excerpt":{"rendered":"Gordon wilde graag naar de uitvaart van Viola Holt toe en zocht daarom contact met haar nabestaanden. \u201cEn&hellip;\n","protected":false},"author":2,"featured_media":55606,"comment_status":"","ping_status":"","sticky":false,"template":"","format":"standard","meta":{"footnotes":""},"categories":[25],"tags":[99,48,98,130,46,47,49,45,50,6671],"class_list":{"0":"post-55605","1":"post","2":"type-post","3":"status-publish","4":"format-standard","5":"has-post-thumbnail","7":"category-amusement","8":"tag-amusement","9":"tag-dutch","10":"tag-entertainment","11":"tag-gordon","12":"tag-nederland","13":"tag-nederlanden","14":"tag-nederlands","15":"tag-netherlands","16":"tag-nl","17":"tag-viola-holt"},"share_on_mastodon":{"url":"https:\/\/pubeurope.com\/@nl\/115553002074862355","error":""},"_links":{"self":[{"href":"https:\/\/www.europesays.com\/nl\/wp-json\/wp\/v2\/posts\/55605","targetHints":{"allow":["GET"]}}],"collection":[{"href":"https:\/\/www.europesays.com\/nl\/wp-json\/wp\/v2\/posts"}],"about":[{"href":"https:\/\/www.europesays.com\/nl\/wp-json\/wp\/v2\/types\/post"}],"author":[{"embeddable":true,"href":"https:\/\/www.europesays.com\/nl\/wp-json\/wp\/v2\/users\/2"}],"replies":[{"embeddable":true,"href":"https:\/\/www.europesays.com\/nl\/wp-json\/wp\/v2\/comments?post=55605"}],"version-history":[{"count":0,"href":"https:\/\/www.europesays.com\/nl\/wp-json\/wp\/v2\/posts\/55605\/revisions"}],"wp:featuredmedia":[{"embeddable":true,"href":"https:\/\/www.europesays.com\/nl\/wp-json\/wp\/v2\/media\/55606"}],"wp:attachment":[{"href":"https:\/\/www.europesays.com\/nl\/wp-json\/wp\/v2\/media?parent=55605"}],"wp:term":[{"taxonomy":"category","embeddable":true,"href":"https:\/\/www.europesays.com\/nl\/wp-json\/wp\/v2\/categories?post=55605"},{"taxonomy":"post_tag","embeddable":true,"href":"https:\/\/www.europesays.com\/nl\/wp-json\/wp\/v2\/tags?post=55605"}],"curies":[{"name":"wp","href":"https:\/\/api.w.org\/{rel}","templated":true}]}}