{"id":55755,"date":"2025-11-15T12:29:23","date_gmt":"2025-11-15T12:29:23","guid":{"rendered":"https:\/\/www.europesays.com\/nl\/55755\/"},"modified":"2025-11-15T12:29:23","modified_gmt":"2025-11-15T12:29:23","slug":"liefdesbrief-aan-mijn-lichaam-nrc","status":"publish","type":"post","link":"https:\/\/www.europesays.com\/nl\/55755\/","title":{"rendered":"Liefdesbrief aan mijn lichaam &#8211; NRC"},"content":{"rendered":"<p><img alt=\"\" data-lightbox-highres=\"https:\/\/images.nrc.nl\/9btgw59zp5ivVCloiRJAH1feU1Y=\/1920x\/filters:no_upscale()\/s3\/static.nrc.nl\/wp-content\/uploads\/2025\/11\/10162133\/141125WEE_2022033981_1b-1.jpg\" data-lightbox-highres-webp=\"https:\/\/images.nrc.nl\/NvMRYTQbF3IoLjTjXWRqW41wnYA=\/1920x\/filters:no_upscale():format(webp)\/s3\/static.nrc.nl\/wp-content\/uploads\/2025\/11\/10162133\/141125WEE_2022033981_1b-1.jpg\" data-lightbox-zoom=\"https:\/\/images.nrc.nl\/9btgw59zp5ivVCloiRJAH1feU1Y=\/1920x\/filters:no_upscale()\/s3\/static.nrc.nl\/wp-content\/uploads\/2025\/11\/10162133\/141125WEE_2022033981_1b-1.jpg\" data-lightbox-zoom-webp=\"https:\/\/images.nrc.nl\/NvMRYTQbF3IoLjTjXWRqW41wnYA=\/1920x\/filters:no_upscale():format(webp)\/s3\/static.nrc.nl\/wp-content\/uploads\/2025\/11\/10162133\/141125WEE_2022033981_1b-1.jpg\" data-open-in-lightbox=\"true\" decoding=\"async\" height=\"534\" loading=\"lazy\" src=\"https:\/\/www.europesays.com\/nl\/wp-content\/uploads\/2025\/11\/141125WEE_2022033981_1b-1.jpg\"  width=\"1494\"\/><\/p>\n<p>Zoom in<\/p>\n<p>\u201eVredig. Heel, heel vredig\u201d, voelde fotograaf Yael Weiser (36) zich toen ze vier jaar geleden na een hersenbloeding ontwaakte in het ziekenhuis. Als grafisch ontwerper in de reclamewereld had Weiser jarenlang onder grote druk gestaan, en opeens was daar een \u201eground zero\u201d, een nieuw begin. De beroerte verlamde de rechterkant van haar lichaam volledig en ontnam haar tijdelijk het vermogen om te spreken. En toch voelde Weiser  ook rust, , alsof haar hersenen na veel worstelen en piekeren een pauze kregen.<\/p>\n<p>Al een dag na de beroerte vraagt ze vrienden haar camera langs te brengen \u2013 via emoji\u2019s op WhatsApp, ze is de woorden vergeten. \u201eIk moest controleren of ik nog steeds in mezelf zat, of ik ook zonder woorden nog kon cre\u00ebren\u201d, vertelt Weiser. \u00a0 Die winter ziet ze Amsterdam slechts vanuit het raam van haar ziekenhuiskamer. \u201eUrenlang keek ik naar dezelfde takken van dezelfde boom, legde ik vast hoe het licht langzaam opschoof.\u201d<\/p>\n<p><img alt=\"\" data-lightbox-highres=\"https:\/\/images.nrc.nl\/TWiH_I_iyfh-YLoFdcstcbAEzOQ=\/1920x\/filters:no_upscale()\/s3\/static.nrc.nl\/wp-content\/uploads\/2025\/11\/10162135\/141125WEE_2022033981_delicate_2-1.jpg\" data-lightbox-highres-webp=\"https:\/\/images.nrc.nl\/hSyNbnvEzBwOgCNYqN_rtsMCmrk=\/1920x\/filters:no_upscale():format(webp)\/s3\/static.nrc.nl\/wp-content\/uploads\/2025\/11\/10162135\/141125WEE_2022033981_delicate_2-1.jpg\" data-lightbox-zoom=\"https:\/\/images.nrc.nl\/TWiH_I_iyfh-YLoFdcstcbAEzOQ=\/1920x\/filters:no_upscale()\/s3\/static.nrc.nl\/wp-content\/uploads\/2025\/11\/10162135\/141125WEE_2022033981_delicate_2-1.jpg\" data-lightbox-zoom-webp=\"https:\/\/images.nrc.nl\/hSyNbnvEzBwOgCNYqN_rtsMCmrk=\/1920x\/filters:no_upscale():format(webp)\/s3\/static.nrc.nl\/wp-content\/uploads\/2025\/11\/10162135\/141125WEE_2022033981_delicate_2-1.jpg\" data-open-in-lightbox=\"true\" decoding=\"async\" height=\"560\" loading=\"lazy\" src=\"https:\/\/www.europesays.com\/nl\/wp-content\/uploads\/2025\/11\/141125WEE_2022033981_delicate_2-1.jpg\"  width=\"923\"\/><\/p>\n<p>Zoom in<\/p>\n<p><img alt=\"\" data-lightbox-highres=\"https:\/\/images.nrc.nl\/W06OIrIZGze6WZ2pH3Xi3paHuEE=\/1920x\/filters:no_upscale()\/s3\/static.nrc.nl\/wp-content\/uploads\/2025\/11\/10162134\/141125WEE_2022033981_2drooping_2-1.jpg\" data-lightbox-highres-webp=\"https:\/\/images.nrc.nl\/54DY5uPybNGehk5y7QJ-sDKfmX0=\/1920x\/filters:no_upscale():format(webp)\/s3\/static.nrc.nl\/wp-content\/uploads\/2025\/11\/10162134\/141125WEE_2022033981_2drooping_2-1.jpg\" data-lightbox-zoom=\"https:\/\/images.nrc.nl\/W06OIrIZGze6WZ2pH3Xi3paHuEE=\/1920x\/filters:no_upscale()\/s3\/static.nrc.nl\/wp-content\/uploads\/2025\/11\/10162134\/141125WEE_2022033981_2drooping_2-1.jpg\" data-lightbox-zoom-webp=\"https:\/\/images.nrc.nl\/54DY5uPybNGehk5y7QJ-sDKfmX0=\/1920x\/filters:no_upscale():format(webp)\/s3\/static.nrc.nl\/wp-content\/uploads\/2025\/11\/10162134\/141125WEE_2022033981_2drooping_2-1.jpg\" data-open-in-lightbox=\"true\" decoding=\"async\" height=\"342\" loading=\"lazy\" src=\"https:\/\/www.europesays.com\/nl\/wp-content\/uploads\/2025\/11\/141125WEE_2022033981_2drooping_2-1.jpg\"  width=\"838\"\/><\/p>\n<p>Zoom in<\/p>\n<p><img alt=\"\" data-description=\"\" data-open-in-lightbox=\"true\" src=\"https:\/\/www.europesays.com\/nl\/wp-content\/uploads\/2025\/11\/141125WEE_2022033981_2drooping_.jpg\" src-medium=\"https:\/\/s3.eu-west-1.amazonaws.com\/static.nrc.nl\/wp-content\/uploads\/2025\/11\/10121520\/141125WEE_2022033981_2drooping_.jpg\" decoding=\"async\" \/><\/p>\n<p>Zoom in<\/p>\n<p><img alt=\"\" data-description=\"\" data-open-in-lightbox=\"true\" src=\"https:\/\/www.europesays.com\/nl\/wp-content\/uploads\/2025\/11\/141125WEE_2022033981_decay.jpg\" src-medium=\"https:\/\/s3.eu-west-1.amazonaws.com\/static.nrc.nl\/wp-content\/uploads\/2025\/11\/10121613\/141125WEE_2022033981_decay.jpg\" decoding=\"async\" \/><\/p>\n<p>Zoom in<\/p>\n<p><img alt=\"\" data-description=\"\" data-open-in-lightbox=\"true\" src=\"https:\/\/www.europesays.com\/nl\/wp-content\/uploads\/2025\/11\/141125WEE_2022033981_delicate.jpg\" src-medium=\"https:\/\/s3.eu-west-1.amazonaws.com\/static.nrc.nl\/wp-content\/uploads\/2025\/11\/10121741\/141125WEE_2022033981_delicate.jpg\" decoding=\"async\" \/><\/p>\n<p>Zoom in<\/p>\n<p><img alt=\"\" data-lightbox-highres=\"https:\/\/images.nrc.nl\/h9yv70nH4rbgUl7dVO2LQDJ0PGw=\/1920x\/filters:no_upscale()\/s3\/static.nrc.nl\/wp-content\/uploads\/2025\/11\/10162133\/141125WEE_2022033981_decay2-1.jpg\" data-lightbox-highres-webp=\"https:\/\/images.nrc.nl\/q4wupmCRTd4LFD8MJ7TvYeRqcKk=\/1920x\/filters:no_upscale():format(webp)\/s3\/static.nrc.nl\/wp-content\/uploads\/2025\/11\/10162133\/141125WEE_2022033981_decay2-1.jpg\" data-lightbox-zoom=\"https:\/\/images.nrc.nl\/h9yv70nH4rbgUl7dVO2LQDJ0PGw=\/1920x\/filters:no_upscale()\/s3\/static.nrc.nl\/wp-content\/uploads\/2025\/11\/10162133\/141125WEE_2022033981_decay2-1.jpg\" data-lightbox-zoom-webp=\"https:\/\/images.nrc.nl\/q4wupmCRTd4LFD8MJ7TvYeRqcKk=\/1920x\/filters:no_upscale():format(webp)\/s3\/static.nrc.nl\/wp-content\/uploads\/2025\/11\/10162133\/141125WEE_2022033981_decay2-1.jpg\" data-open-in-lightbox=\"true\" decoding=\"async\" height=\"683\" loading=\"lazy\" src=\"https:\/\/www.europesays.com\/nl\/wp-content\/uploads\/2025\/11\/141125WEE_2022033981_decay2-1.jpg\"  width=\"838\"\/><br \/>Foto\u2019s Yael Weiser<\/p>\n<p>Zoom in<\/p>\n<p>Door zich te richten op haar creativiteit slaagt ze erin de nieuwe werkelijkheid vanuit nieuwsgierigheid te benaderen. \u201eOpeens ervoer ik het als een klein wonder dat ik de kans kreeg om met het bewustzijn van een volwassene opnieuw te leren praten en lopen.\u201d<\/p>\n<p>Maar naast  verwonderd voelt Weiser  sinds haar beroerte ook onzichtbaar.  Wat ze meemaakt door haar hersenschade  is zo anders dan alles wat ze tot dan toe kent, dat het haar niet lukt om het te verwoorden. Fotografie is  ook haar manier om  uit te leggen wat ze ervaart. Het resulteert is de fotoserie The day I had a Stroke, I started to grow.<\/p>\n<p>Wat de buitenwereld als vooruitgang zag, voelde voor Weiser soms als een afscheid. Zoals het moment dat ze haar rolstoel niet langer nodig had. Ja, het hulpmiddel herinnerde haar constant aan haar beperking, maar het was maandenlang een verlengstuk van haar lichaam. Op een bepaalde manier hield ze van haar rolstoel, vertelt ze, en dat wilde ze met de foto   in beeld te brengen. \u201ePas toen ik een kunstwerk had gemaakt, begreep mijn omgeving die dualiteit.\u201d<\/p>\n<p>Sinds de hersenbloeding kunnen harde geluiden Weiser. Om duidelijk te maken dat  haar reactie erop geen irritatie is maar een grote angst voor herrie, fotografeerde ze zichzelf voor Noise hurts met bijen op haar oren; geluid is voor haar als een zwerm bijen, die haar ieder moment kan steken. De imker die haar daarbij hielp, , vertelt ze. Hij bleek een autistische zoon te hebben, die ook veel last heeft van lawaai. \u201eTot dat moment had hij nooit begrepen wat zijn kind doormaakte.\u201d<\/p>\n<p><img alt=\"\" data-description=\"\" data-open-in-lightbox=\"true\" src=\"https:\/\/www.europesays.com\/nl\/wp-content\/uploads\/2025\/11\/141125WEE_2022033981_sensory.jpg\" src-medium=\"https:\/\/s3.eu-west-1.amazonaws.com\/static.nrc.nl\/wp-content\/uploads\/2025\/11\/10121647\/141125WEE_2022033981_sensory.jpg\" decoding=\"async\" \/><\/p>\n<p>Zoom in<\/p>\n<p><img alt=\"\" data-description=\"\" data-open-in-lightbox=\"true\" src=\"https:\/\/www.europesays.com\/nl\/wp-content\/uploads\/2025\/11\/141125WEE_2022033981_sensory2.jpg\" src-medium=\"https:\/\/s3.eu-west-1.amazonaws.com\/static.nrc.nl\/wp-content\/uploads\/2025\/11\/10121652\/141125WEE_2022033981_sensory2.jpg\" decoding=\"async\" \/><\/p>\n<p>Zoom in<\/p>\n<p><img alt=\"\" data-lightbox-highres=\"https:\/\/images.nrc.nl\/P-l-_HT9q0oYeYw0giT9xsvDuFY=\/1920x\/filters:no_upscale()\/s3\/static.nrc.nl\/wp-content\/uploads\/2025\/11\/10162135\/141125WEE_2022033981_sensory3-1.jpg\" data-lightbox-highres-webp=\"https:\/\/images.nrc.nl\/-3T_Xvc3seWts4W4OEMeDqZyaOM=\/1920x\/filters:no_upscale():format(webp)\/s3\/static.nrc.nl\/wp-content\/uploads\/2025\/11\/10162135\/141125WEE_2022033981_sensory3-1.jpg\" data-lightbox-zoom=\"https:\/\/images.nrc.nl\/P-l-_HT9q0oYeYw0giT9xsvDuFY=\/1920x\/filters:no_upscale()\/s3\/static.nrc.nl\/wp-content\/uploads\/2025\/11\/10162135\/141125WEE_2022033981_sensory3-1.jpg\" data-lightbox-zoom-webp=\"https:\/\/images.nrc.nl\/-3T_Xvc3seWts4W4OEMeDqZyaOM=\/1920x\/filters:no_upscale():format(webp)\/s3\/static.nrc.nl\/wp-content\/uploads\/2025\/11\/10162135\/141125WEE_2022033981_sensory3-1.jpg\" data-open-in-lightbox=\"true\" decoding=\"async\" height=\"296\" loading=\"lazy\" src=\"https:\/\/www.europesays.com\/nl\/wp-content\/uploads\/2025\/11\/141125WEE_2022033981_sensory3-1.jpg\"  width=\"1510\"\/>Foto\u2019s Yael Weiser<\/p>\n<p>Zoom in<\/p>\n<p>Bloemen, hooibalen, bijen, twijgjes en mos: sinds de beroerte speelt de natuur een belangrijke rol in Weisers werk. Tijdens het revalideren merkte ze hoe er stukje bij beetje weer wat gevoel in de rechterkant van haar lichaam kwam. Sindsdien heeft ze een diep vertrouwen in de natuur. \u201eUit de restanten van een omgehakte boom komt ook nieuw leven voort; \u201d<\/p>\n<p>Weisers eerdere werk kenmerkte zich door felle, primaire kleuren en contrasterende vlakken en structuren. Mensen waren figuranten, ondergeschikt aan het totaalbeeld. Nu werkt ze met een analoge camera, waardoor de kleuren subtieler zijn. De beroerte heeft haar levensritme compleet veranderd, vertelt Weiser. Haar lichaam is nooit volledig hersteld; schrijven gaat moeizaam, ze kan slechts kleine afstanden lopen en kampt met vermoeidheid. Daarmee veranderde ook haar manier van werken. Omdat haar bewegingsvrijheid beperkt is, zit ze soms urenlang op \u00e9\u00e9n plek, wachtend tot ze in \u00e9\u00e9n klik kan vastleggen hoe het licht, de omgeving en de personages samenkomen. \u201eIk ben veel meer een waarnemer geworden.\u201d<\/p>\n<p>The day I had a Stroke, I started to grow noemt Weiser  liefdesbrief aan haar veranderde lijf. Toch voelt ze ook woede. Omdat ze jong is, en een sociaal leven sinds haar hersenbloeding niet altijd makkelijk. Buiten het revalidatiecentrum ervaart ze vaak dat ze er niet bij hoort. \u201eMijn manier om met deze beperking om te gaan, is constant te blijven zoeken naar de schoonheid ervan.\u201d<\/p>\n<p><img alt=\"\" data-description=\"\" data-open-in-lightbox=\"true\" src=\"https:\/\/www.europesays.com\/nl\/wp-content\/uploads\/2025\/11\/141125WEE_2022033981_noise.jpg\" src-medium=\"https:\/\/s3.eu-west-1.amazonaws.com\/static.nrc.nl\/wp-content\/uploads\/2025\/11\/10121707\/141125WEE_2022033981_noise.jpg\" decoding=\"async\" \/><\/p>\n<p>Zoom in<\/p>\n<p><img alt=\"\" data-description=\"\" data-open-in-lightbox=\"true\" src=\"https:\/\/www.europesays.com\/nl\/wp-content\/uploads\/2025\/11\/141125WEE_2022033981_noise2-1.jpg\" src-medium=\"https:\/\/s3.eu-west-1.amazonaws.com\/static.nrc.nl\/wp-content\/uploads\/2025\/11\/10162135\/141125WEE_2022033981_noise2-1.jpg\" decoding=\"async\" \/><\/p>\n<p>Zoom in<\/p>\n<p><img alt=\"\" data-lightbox-highres=\"https:\/\/images.nrc.nl\/VIFwAEYd_kKT-Kh8nyNztK5Ex8M=\/1920x\/filters:no_upscale()\/s3\/static.nrc.nl\/wp-content\/uploads\/2025\/11\/10121543\/141125WEE_2022033981_learning_to_touch_.jpg\" data-lightbox-highres-webp=\"https:\/\/images.nrc.nl\/jdfwVP_dxOFq6ZA6Vd20pk4muLc=\/1920x\/filters:no_upscale():format(webp)\/s3\/static.nrc.nl\/wp-content\/uploads\/2025\/11\/10121543\/141125WEE_2022033981_learning_to_touch_.jpg\" data-lightbox-zoom=\"https:\/\/images.nrc.nl\/VIFwAEYd_kKT-Kh8nyNztK5Ex8M=\/1920x\/filters:no_upscale()\/s3\/static.nrc.nl\/wp-content\/uploads\/2025\/11\/10121543\/141125WEE_2022033981_learning_to_touch_.jpg\" data-lightbox-zoom-webp=\"https:\/\/images.nrc.nl\/jdfwVP_dxOFq6ZA6Vd20pk4muLc=\/1920x\/filters:no_upscale():format(webp)\/s3\/static.nrc.nl\/wp-content\/uploads\/2025\/11\/10121543\/141125WEE_2022033981_learning_to_touch_.jpg\" data-open-in-lightbox=\"true\" decoding=\"async\" height=\"3000\" loading=\"lazy\" src=\"https:\/\/www.europesays.com\/nl\/wp-content\/uploads\/2025\/11\/141125WEE_2022033981_learning_to_touch_.jpg\"  width=\"2400\"\/><\/p>\n<p>Zoom in<\/p>\n<p><img alt=\"\" data-lightbox-highres=\"https:\/\/images.nrc.nl\/yyR5gN7V-4pLQDGqe2EZeVkS758=\/1920x\/filters:no_upscale()\/s3\/static.nrc.nl\/wp-content\/uploads\/2025\/11\/10162133\/141125WEE_2022033981_learning_to_touch_2-1.jpg\" data-lightbox-highres-webp=\"https:\/\/images.nrc.nl\/oM3aQjNNvY2BITvoKIDcR24O2hQ=\/1920x\/filters:no_upscale():format(webp)\/s3\/static.nrc.nl\/wp-content\/uploads\/2025\/11\/10162133\/141125WEE_2022033981_learning_to_touch_2-1.jpg\" data-lightbox-zoom=\"https:\/\/images.nrc.nl\/yyR5gN7V-4pLQDGqe2EZeVkS758=\/1920x\/filters:no_upscale()\/s3\/static.nrc.nl\/wp-content\/uploads\/2025\/11\/10162133\/141125WEE_2022033981_learning_to_touch_2-1.jpg\" data-lightbox-zoom-webp=\"https:\/\/images.nrc.nl\/oM3aQjNNvY2BITvoKIDcR24O2hQ=\/1920x\/filters:no_upscale():format(webp)\/s3\/static.nrc.nl\/wp-content\/uploads\/2025\/11\/10162133\/141125WEE_2022033981_learning_to_touch_2-1.jpg\" data-open-in-lightbox=\"true\" decoding=\"async\" height=\"296\" loading=\"lazy\" src=\"https:\/\/www.europesays.com\/nl\/wp-content\/uploads\/2025\/11\/141125WEE_2022033981_learning_to_touch_2-1.jpg\"  width=\"1411\"\/>Foto\u2019s Yael Weiser<\/p>\n<p>Zoom in<\/p>\n<p>Geef cadeau<\/p>\n<p>Deel<\/p>\n<p>Mail de redactie<\/p>\n<p>\nNIEUW: Geef dit artikel cadeau<br \/>\n\t\t\tAls NRC-abonnee kun je elke maand 10 artikelen cadeau geven aan iemand zonder NRC-abonnement. De ontvanger kan het artikel direct lezen, zonder betaalmuur.\n\t\t<\/p>\n","protected":false},"excerpt":{"rendered":"Zoom in \u201eVredig. Heel, heel vredig\u201d, voelde fotograaf Yael Weiser (36) zich toen ze vier jaar geleden na&hellip;\n","protected":false},"author":2,"featured_media":55756,"comment_status":"","ping_status":"","sticky":false,"template":"","format":"standard","meta":{"footnotes":""},"categories":[25],"tags":[99,48,98,46,47,49,45,50],"class_list":{"0":"post-55755","1":"post","2":"type-post","3":"status-publish","4":"format-standard","5":"has-post-thumbnail","7":"category-amusement","8":"tag-amusement","9":"tag-dutch","10":"tag-entertainment","11":"tag-nederland","12":"tag-nederlanden","13":"tag-nederlands","14":"tag-netherlands","15":"tag-nl"},"share_on_mastodon":{"url":"https:\/\/pubeurope.com\/@nl\/115553721774155041","error":""},"_links":{"self":[{"href":"https:\/\/www.europesays.com\/nl\/wp-json\/wp\/v2\/posts\/55755","targetHints":{"allow":["GET"]}}],"collection":[{"href":"https:\/\/www.europesays.com\/nl\/wp-json\/wp\/v2\/posts"}],"about":[{"href":"https:\/\/www.europesays.com\/nl\/wp-json\/wp\/v2\/types\/post"}],"author":[{"embeddable":true,"href":"https:\/\/www.europesays.com\/nl\/wp-json\/wp\/v2\/users\/2"}],"replies":[{"embeddable":true,"href":"https:\/\/www.europesays.com\/nl\/wp-json\/wp\/v2\/comments?post=55755"}],"version-history":[{"count":0,"href":"https:\/\/www.europesays.com\/nl\/wp-json\/wp\/v2\/posts\/55755\/revisions"}],"wp:featuredmedia":[{"embeddable":true,"href":"https:\/\/www.europesays.com\/nl\/wp-json\/wp\/v2\/media\/55756"}],"wp:attachment":[{"href":"https:\/\/www.europesays.com\/nl\/wp-json\/wp\/v2\/media?parent=55755"}],"wp:term":[{"taxonomy":"category","embeddable":true,"href":"https:\/\/www.europesays.com\/nl\/wp-json\/wp\/v2\/categories?post=55755"},{"taxonomy":"post_tag","embeddable":true,"href":"https:\/\/www.europesays.com\/nl\/wp-json\/wp\/v2\/tags?post=55755"}],"curies":[{"name":"wp","href":"https:\/\/api.w.org\/{rel}","templated":true}]}}