{"id":55805,"date":"2025-11-15T13:33:11","date_gmt":"2025-11-15T13:33:11","guid":{"rendered":"https:\/\/www.europesays.com\/nl\/55805\/"},"modified":"2025-11-15T13:33:11","modified_gmt":"2025-11-15T13:33:11","slug":"krijgt-roos-moggre-fulltime-salaris-voor-invalbeurt-pauw-de-wit","status":"publish","type":"post","link":"https:\/\/www.europesays.com\/nl\/55805\/","title":{"rendered":"Krijgt Roos Moggr\u00e9 fulltime-salaris voor invalbeurt Pauw &#038; De Wit?"},"content":{"rendered":"<p>Roos Moggr\u00e9 gaat aan de slag als vaste invaller van Jeroen Pauw en verlaat daarvoor EenVandaag. Zal ze bij BnnVara fulltime betaald worden voor die klus? \u201cEen paar maanden werk!\u201d<\/p>\n<p>        Door onze entertainmentredactie<\/p>\n<p>        <img fetchpriority=\"high\" decoding=\"async\" width=\"1280\" height=\"720\" src=\"https:\/\/www.europesays.com\/nl\/wp-content\/uploads\/2025\/11\/1020-Roos-Moggre.jpg\" class=\"attachment-post-thumbnail size-post-thumbnail wp-post-image\" alt=\"Roos Moggr\u00e9\"  \/>        \u00a9 Ruud Baan    <\/p>\n<p>Roos Moggr\u00e9 wordt toegevoegd aan het presentatieteam van Pauw &amp; De Wit. Jeroen Pauw wil ieder jaar overwinteren op Cura\u00e7ao, waar hij een tweede woning heeft, en daarom moet BnnVara een derde presentator in huis halen voor deze talkshow. Er is gekozen voor Roos en zij geeft haar baan bij AvroTros, waar ze EenVandaag presenteert, op.<\/p>\n<p>Moggr\u00e9 &amp; De Wit?<\/p>\n<p>Tv-autoriteit Tina Nijkamp spreekt van \u2018een grote stap voor haar\u2019. \u201cWant ze heeft niet eerder een grote talkshow gepresenteerd. Er zijn een aantal pilots opgenomen, kreeg ik in mijn DM. Een mannetje of vrouwtje of vier zijn geprobeerd en \u00e9\u00e9n daarvan was Roos Moggr\u00e9 en zij is blijkbaar als beste uit de bus gekomen.\u201d<\/p>\n<p>Ze vervolgt in haar podcast <a href=\"https:\/\/open.spotify.com\/episode\/6wYpI0nGgSfFvQ6R222ISt?si=f8653c9c610d4009\" rel=\"nofollow noopener\" target=\"_blank\">Tina\u2019s TV Update<\/a>: \u201cHoeveel werk ze gaat krijgen is onduidelijk, want is dit wel een fulltimebaan, zoals EenVandaag dat wel is? Dat valt te bezien, want als Jeroen Pauw weer terug is, dan heet het gewoon weer Pauw &amp; De Wit. Of het straks Moggr\u00e9 &amp; De Wit gaat heten is ook nog niet duidelijk. Ik denk het eerlijk gezegd wel.\u201d<\/p>\n<p>Paar maanden<\/p>\n<p>Tina hoopt dat Roos voor m\u00e9\u00e9r overstapt dan alleen een invalbeurt. \u201cWat ze dan nog meer gaat doen bij BnnVara, weet ik niet, want een werkjaar bestaat natuurlijk niet uit een paar maanden in de winter. Het zou zomaar kunnen, en misschien sorteert Pauw &amp; De Wit daar ook op voor, dat ze misschien wat meer dagen willen uitzenden.\u201d<\/p>\n<p>Pauw &amp; De Wit zendt momenteel bijvoorbeeld niet uit op vrijdagen. \u201cDe zondag is ook nog over. Dan is er \u00fcberhaupt geen talkshow in Nederland op dit moment, behalve RTL Tonight dan.\u201d<\/p>\n","protected":false},"excerpt":{"rendered":"Roos Moggr\u00e9 gaat aan de slag als vaste invaller van Jeroen Pauw en verlaat daarvoor EenVandaag. Zal ze&hellip;\n","protected":false},"author":2,"featured_media":55806,"comment_status":"","ping_status":"","sticky":false,"template":"","format":"standard","meta":{"footnotes":""},"categories":[31],"tags":[99,147,48,98,46,47,49,45,50,13461],"class_list":{"0":"post-55805","1":"post","2":"type-post","3":"status-publish","4":"format-standard","5":"has-post-thumbnail","7":"category-celebrities","8":"tag-amusement","9":"tag-celebrities","10":"tag-dutch","11":"tag-entertainment","12":"tag-nederland","13":"tag-nederlanden","14":"tag-nederlands","15":"tag-netherlands","16":"tag-nl","17":"tag-roos-moggre"},"share_on_mastodon":{"url":"https:\/\/pubeurope.com\/@nl\/115553973349195619","error":""},"_links":{"self":[{"href":"https:\/\/www.europesays.com\/nl\/wp-json\/wp\/v2\/posts\/55805","targetHints":{"allow":["GET"]}}],"collection":[{"href":"https:\/\/www.europesays.com\/nl\/wp-json\/wp\/v2\/posts"}],"about":[{"href":"https:\/\/www.europesays.com\/nl\/wp-json\/wp\/v2\/types\/post"}],"author":[{"embeddable":true,"href":"https:\/\/www.europesays.com\/nl\/wp-json\/wp\/v2\/users\/2"}],"replies":[{"embeddable":true,"href":"https:\/\/www.europesays.com\/nl\/wp-json\/wp\/v2\/comments?post=55805"}],"version-history":[{"count":0,"href":"https:\/\/www.europesays.com\/nl\/wp-json\/wp\/v2\/posts\/55805\/revisions"}],"wp:featuredmedia":[{"embeddable":true,"href":"https:\/\/www.europesays.com\/nl\/wp-json\/wp\/v2\/media\/55806"}],"wp:attachment":[{"href":"https:\/\/www.europesays.com\/nl\/wp-json\/wp\/v2\/media?parent=55805"}],"wp:term":[{"taxonomy":"category","embeddable":true,"href":"https:\/\/www.europesays.com\/nl\/wp-json\/wp\/v2\/categories?post=55805"},{"taxonomy":"post_tag","embeddable":true,"href":"https:\/\/www.europesays.com\/nl\/wp-json\/wp\/v2\/tags?post=55805"}],"curies":[{"name":"wp","href":"https:\/\/api.w.org\/{rel}","templated":true}]}}