{"id":56202,"date":"2025-11-15T22:21:07","date_gmt":"2025-11-15T22:21:07","guid":{"rendered":"https:\/\/www.europesays.com\/nl\/56202\/"},"modified":"2025-11-15T22:21:07","modified_gmt":"2025-11-15T22:21:07","slug":"beelden-psver-bajraktarevic-maakt-absolute-wereldgoal-van-gigantisch-belang","status":"publish","type":"post","link":"https:\/\/www.europesays.com\/nl\/56202\/","title":{"rendered":"Beelden: PSV&#8217;er Bajraktarevic maakt absolute wereldgoal van gigantisch belang"},"content":{"rendered":"<p>Esmir Bajraktarevic heeft Bosni\u00eb en Herzegovina zaterdag naar een cruciale overwinning geschoten in de WK-kwalificatiewedstrijd tegen Roemeni\u00eb (3-1). De twintigjarige aanvaller van PSV maakte in de 79ste minuut het winnende doelpunt, een schitterende treffer waarmee de Bosni\u00ebrs minimaal verzekerd zijn van een play-offticket. Indien Bosni\u00eb, nu nummer twee in Groep H, dinsdag wint op bezoek bij nummer \u00e9\u00e9n Oostenrijk gaat het land zelfs direct naar het WK.\u00a0 \u00a0<\/p>\n<p>Bajraktarevic kreeg de bal op de rand van het strafschopgebied na een assist van ex-Ajax-middenvelder Benjamin Tahirovic. Met een soepele dribbel cre\u00eberde hij ruimte en haalde vervolgens verwoestend uit. Zijn schot verdween weergaloos in de linkerbovenhoek, buiten bereik van de Roemeense doelman.<\/p>\n<p>Het doelpunt volgde op een sterke comeback van de thuisploeg, die in de eerste helft nog tegen een achterstand aankeek. Daniel Birligea had Roemeni\u00eb in de 17e minuut op voorsprong gezet, maar Edin Dzeko bracht Bosni\u00eb kort na rust op gelijke hoogte.<\/p>\n<p>Dzeko miste in eerste instantie met een kopbal, maar kon in de rebound alsnog eenvoudig binnenschuiven. Daarmee keerde het momentum volledig in het voordeel van Bosni\u00eb, dat vol voor de winst ging in de tweede helft.<\/p>\n<p>Roemeni\u00eb gaf het duel definitief uit handen toen Denis Dragus in de 67ste minuut met rood van het veld moest. De aanvaller raakte Nikola Katic met een gevaarlijk hoge voet en liet zijn team met tien man achter. De frustratie bij Dragus was groot, maar de beslissing van de scheidsrechter was onverbiddelijk.<\/p>\n<p>Bajraktarevic zorgde in de tachtigste minuut dus met een fabuleus afstandsschot voor de 2-1. Het werd in blessuretijd zelfs nog 3-1 via een goal van Haris Tabakovic.\u00a0<\/p>\n","protected":false},"excerpt":{"rendered":"Esmir Bajraktarevic heeft Bosni\u00eb en Herzegovina zaterdag naar een cruciale overwinning geschoten in de WK-kwalificatiewedstrijd tegen Roemeni\u00eb (3-1).&hellip;\n","protected":false},"author":2,"featured_media":56203,"comment_status":"","ping_status":"","sticky":false,"template":"","format":"standard","meta":{"footnotes":""},"categories":[21],"tags":[13881,13883,4566,13880,48,46,47,49,45,50,4538,13882,92,91,2565],"class_list":{"0":"post-56202","1":"post","2":"type-post","3":"status-publish","4":"format-standard","5":"has-post-thumbnail","7":"category-sport","8":"tag-bosnia-and-herzegovina","9":"tag-bosnia-and-herzegovina-vs-romania","10":"tag-bosnie-herzegovina","11":"tag-bosnie-herzegovina-vs-roemenie","12":"tag-dutch","13":"tag-nederland","14":"tag-nederlanden","15":"tag-nederlands","16":"tag-netherlands","17":"tag-nl","18":"tag-roemenie","19":"tag-romania","20":"tag-sport","21":"tag-sports","22":"tag-world-cup-qualification-uefa"},"share_on_mastodon":{"url":"https:\/\/pubeurope.com\/@nl\/115556049389860710","error":""},"_links":{"self":[{"href":"https:\/\/www.europesays.com\/nl\/wp-json\/wp\/v2\/posts\/56202","targetHints":{"allow":["GET"]}}],"collection":[{"href":"https:\/\/www.europesays.com\/nl\/wp-json\/wp\/v2\/posts"}],"about":[{"href":"https:\/\/www.europesays.com\/nl\/wp-json\/wp\/v2\/types\/post"}],"author":[{"embeddable":true,"href":"https:\/\/www.europesays.com\/nl\/wp-json\/wp\/v2\/users\/2"}],"replies":[{"embeddable":true,"href":"https:\/\/www.europesays.com\/nl\/wp-json\/wp\/v2\/comments?post=56202"}],"version-history":[{"count":0,"href":"https:\/\/www.europesays.com\/nl\/wp-json\/wp\/v2\/posts\/56202\/revisions"}],"wp:featuredmedia":[{"embeddable":true,"href":"https:\/\/www.europesays.com\/nl\/wp-json\/wp\/v2\/media\/56203"}],"wp:attachment":[{"href":"https:\/\/www.europesays.com\/nl\/wp-json\/wp\/v2\/media?parent=56202"}],"wp:term":[{"taxonomy":"category","embeddable":true,"href":"https:\/\/www.europesays.com\/nl\/wp-json\/wp\/v2\/categories?post=56202"},{"taxonomy":"post_tag","embeddable":true,"href":"https:\/\/www.europesays.com\/nl\/wp-json\/wp\/v2\/tags?post=56202"}],"curies":[{"name":"wp","href":"https:\/\/api.w.org\/{rel}","templated":true}]}}