{"id":56247,"date":"2025-11-16T00:02:18","date_gmt":"2025-11-16T00:02:18","guid":{"rendered":"https:\/\/www.europesays.com\/nl\/56247\/"},"modified":"2025-11-16T00:02:18","modified_gmt":"2025-11-16T00:02:18","slug":"een-thatcherite-conservative-drukt-zijn-stempel-op-de-bbc-maar-daar-zou-een-einde-aan-kunnen-komen","status":"publish","type":"post","link":"https:\/\/www.europesays.com\/nl\/56247\/","title":{"rendered":"Een \u2018Thatcherite conservative\u2019 drukt zijn stempel op de BBC, maar daar zou een einde aan kunnen komen"},"content":{"rendered":"<p>\u201eHij heeft mijn leven bij de BBC h\u00e9\u00e9l moeilijk gemaakt\u201d, vertelde journalist Lewis Goodall twee jaar terug over BBC-bestuurder Robert Gibb, die de spil zou zijn in wat sommige Britse media omschrijven als een interne coup bij de omroep. Dag na dag kreeg Goodall te horen van collega\u2019s: \u201ePas op. Robbie is watching you.\u201d Zijn objectiviteit werd door Gibb in twijfel getrokken. En ja, ok\u00e9, toen Goodall zeventien was, was hij lokaal actief geweest voor Labour.<\/p>\n<p>Maar, wacht even, vroeg Goodall zich af, kreeg hij nou echt lesjes in onpartijdigheid van een man die communicatiechef was geweest voor de conservatieve premier Theresa May? Een man die als woordvoerder op Downing Street had gewerkt? Goodall vertelde er twee jaar geleden over, in de podcast Newsagents die hij oprichtte met twee andere oud-BBC-medewerkers die de hete adem van Gibb \u00f3\u00f3k hadden ervaren.<\/p>\n<p>De BBC verkeert in zwaar weer, door een almaar groeiende rel over de onjuiste weergave van een speech van president Donald Trump. Afgelopen week traden de algemeen directeur Tim Davie en nieuwshoofdredacteur Deborah Turness af. In veel analyses komt \u00e9\u00e9n naam steeds bovendrijven, die van oud-BBC-journalist Robbie Gibb, die het al langer niet eens zou zijn met de koers van de omroep, en  die nu in de hoedanigheid van bestuurder aan het verleggen zou zijn.<\/p>\n<p>De aanleiding in het kort: The Daily Telegraph, een rechts-geori\u00ebnteerde Britse krant, bracht eerder deze maand naar buiten dat in een uitzending van documentaireprogramma\u00a0Panorama, uitgezonden in oktober 2024, twee fragmenten uit een toespraak van Trump aan elkaar zijn geplakt. Daardoor leek het alsof Trump direct opriep om het Capitool met geweld te bestormen, rond 6 januari 2021. Een meerderheid van de Amerikaanse Senaat bevond Trump tijdens een afzettingsprocedure overigens schuldig aan het aanzetten tot een opstand, maar de uitgezonden zin heeft hij niet op deze manier uitgesproken.<\/p>\n<p>Inmiddels heeft de BBC  excuses aangeboden aan Trump. Die kondigde zaterdag niettemin aan dat hij een zaak tegen de omroep  wil doorzetten. Hij eist tussen de 1 en 5 miljard dollar schadevergoeding.<\/p>\n<p>De BBC maakt, zoals alle media, wel vaker een fout. Dat het nu z\u00f3 uit de hand liep, heeft met twee dingen te maken. E\u00e9n: politieke aanstellingen in het bestuur, zoals die van Gibb. En twee: de BBC heeft machtige tegenstanders die v\u00e9\u00e9l baat hebben bij een BBC in zwaar weer.<\/p>\n<p>Politieke aanstellingen<\/p>\n<p>De veelbesproken Gibb werd door toenmalig premier Boris Johnson aangesteld in het bestuur van de BBC. Klinkt wellicht vreemd, in Nederland worden bestuurders bij de NOS bijvoorbeeld niet aangewezen vanuit de regering. Maar politieke aanstellingen zijn \u00e1ltijd onderdeel geweest van de BBC, legt Steven Barnett uit, hoogleraar communicatie  van de Universiteit van Westminster. Daar kwam met ingang van de nieuwe vergunning voor de BBC, in 2016, nog iets bij: toen voerde de toenmalige conservatieve regering een hervorming door die de vijf politiek aangestelde bestuurders meer macht geeft.<\/p>\n<p>Die extra ruimte heeft Gibb benut. Zo\u2019n vierhonderd mensen,  onder wie ruim honderd BBC-werknemers, tekenden afgelopen zomer een brief aan de ceo van de BBC, waarin ze opriepen om Gibb te schorsen uit het bestuur van de mediaorganisatie. Hij zou onder meer een zware stempel drukken op de Gaza-verslaggeving, ten gunste van Isra\u00ebl.<\/p>\n<p>Met vier anderen ziet Gibb ook toe op de journalistieke werkwijze van de omroep. Vanuit die functie heeft hij bijvoorbeeld Michael Prescott als adviseur binnengehaald, de man wiens memo werd gepubliceerd in The Daily Telegraph, het startschot voor de huidige crisis.<\/p>\n<blockquote class=\"dmt-quote\" data-styled=\"false\">\n<p>Het is alsof de pot de ketel verwijt dat-ie zwart ziet<\/p>\n<p>Jean Seaton<br \/>\nhoogleraar mediageschiedenis van de Universiteit van Westminster en voormalig historicus van de BBC<\/p>\n<\/blockquote>\n<p>Naar eigen zeggen is Gibb ooit voor de BBC gaan werken omdat hij het niet eens was met de verslaggeving. \u201eI\u2019m a proper Thatcherite conservative\u201d, <a href=\"https:\/\/www.youtube.com\/watch?v=liIgoHOwrR0&amp;t=298s\" rel=\"nofollow noopener\" target=\"_blank\">zei Gibb vijf jaar<\/a> geleden tijdens een bijeenkomst van belangenorganisatie TaxPayers Alliance. Hij is  een conservatief in de harde stijl van oud-premier Margaret Thatcher. Gibb was op dat moment nog geen BBC-bestuurder, maar eerder had hij al wel als journalist gewerkt voor de omroep. Tussendoor was hij communicatiechef geweest voor premier May. De club waar hij voor spreekt zet zich in voor het  niet strafbaar stellen wanneer Britten  het kijk- en luistergeld voor de BBC niet betalen. Hij steunt dat standpunt niet, wijst het ook niet categorisch af maar benadrukt dat het bijzonder \u201eonpatriottisch\u201d zou zijn om de BBC weg te bezuinigen.<\/p>\n<p><img alt=\"Robbie Gibb, in 2018, toen hij communicatiechef was voor de toenmalige premier Theresa May. \" data-lightbox-highres=\"https:\/\/images.nrc.nl\/h9Uyp7LUC4ibn-P4LQAXNwLC9WE=\/1920x\/filters:no_upscale()\/s3\/static.nrc.nl\/wp-content\/uploads\/2025\/11\/15120038\/151125WEE_2023120222_RobbieGibb.jpg\" data-lightbox-highres-webp=\"https:\/\/images.nrc.nl\/Yhblb8aQPNKCtDEnzrbJQ9RokUE=\/1920x\/filters:no_upscale():format(webp)\/s3\/static.nrc.nl\/wp-content\/uploads\/2025\/11\/15120038\/151125WEE_2023120222_RobbieGibb.jpg\" data-lightbox-zoom=\"https:\/\/images.nrc.nl\/h9Uyp7LUC4ibn-P4LQAXNwLC9WE=\/1920x\/filters:no_upscale()\/s3\/static.nrc.nl\/wp-content\/uploads\/2025\/11\/15120038\/151125WEE_2023120222_RobbieGibb.jpg\" data-lightbox-zoom-webp=\"https:\/\/images.nrc.nl\/Yhblb8aQPNKCtDEnzrbJQ9RokUE=\/1920x\/filters:no_upscale():format(webp)\/s3\/static.nrc.nl\/wp-content\/uploads\/2025\/11\/15120038\/151125WEE_2023120222_RobbieGibb.jpg\" data-open-in-lightbox=\"true\" decoding=\"async\" height=\"3348\" loading=\"lazy\" src=\"https:\/\/www.europesays.com\/nl\/wp-content\/uploads\/2025\/11\/151125WEE_2023120222_RobbieGibb.jpg\"  width=\"5017\"\/><\/p>\n<p class=\"caption\" id=\"figcaption-1\">Robbie Gibb, in 2018, toen hij communicatiechef was voor de toenmalige premier Theresa May. <\/p>\n<p>Foto Getty Images<\/p>\n<p>Zoom in<\/p>\n<p>Want de BBC hoort bij het land. \u00d3veral op de wereld, zegt Robbie Gibb, zullen mensen drie dingen opnoemen als je ze vraagt wat ze weten van het Verenigd Koninkrijk. \u201eThe Queen, David Beckham, the BBC.\u201d\u00a0 De koningin leefde nog, Beckham was toen  over zijn grootste populariteit heen.  Gibb plaatst er wel een kanttekening bij. De enige rechtvaardiging die de BBC kan hebben voor de license fee, zegt Gibb, is als  de omroep in iets voorziet dat de markt laat liggen: onpartijdige verslaggeving.<\/p>\n<p>Belangenconflict<\/p>\n<p>Dus toen hij, ergens in zijn twintiger jaren, kritiek had op BBC-verslaggeving van de gezondheidszorg (te links gekleurd), besloot hij: ik ga niet zeuren vanaf de zijlijn, ik word onderdeel van de BBC. \u201eOm een punt te maken van onpartijdigheid.\u201d Dat hij zich als conservatief profileert, zit zijn eigen onpartijdigheid niet in de weg, vindt hij zelf,politieke voorkeuren laat je gewoon achter bij de deur, voordat je de redactie oploopt.<\/p>\n<p>Het is alsof \u201ede pot de ketel verwijt  dat-ie zwart ziet\u201d, zegt Jean Seaton, hoogleraar mediageschiedenis van de Universiteit van Westminster en voormalig historicus van de BBC. \u201eKijk naar GB News, waar hij een van de mede-oprichters van is.\u201d De radicaal-rechtse Nigel Farage, van de opkomende partij Reform, heeft er een bijna-dagelijkse avondshow. \u201eHet is een duidelijk rechts-geori\u00ebnteerd mediabedrijf. En dat is prima, maar het is abs\u00fard om te veronderstellen dat Gibb zich wil inzetten voor onpartijdigheid.\u201d<\/p>\n<blockquote class=\"dmt-quote\" data-styled=\"false\">\n<p>Het klinkt inderdaad wat\u00a0much, \u00e9\u00e9n man zou niet zo\u2019n heel instituut ten onder kunnen brengen <\/p>\n<p>Steven Barnett<br \/>\n hoogleraar communicatie van de Universiteit van Westminster<\/p>\n<\/blockquote>\n<p>Gibb was eigenaar van The Jewish Chronicle, ook toen hij al was benoemd tot BBC-bestuurder. \u201eOm daar de eigenaar van te zijn terwijl je \u00f3\u00f3k in het bestuur zit van de BBC, dat is ongelofelijk\u201d, aldus Barnett. Zowel Seaton als Barnett  ziet er een belangenconflict in, en wijzen erop dat op zulke dingen niet goed wordt gehandhaafd in het VK. \u201eHet is ook een goed voorbeeld van de macht van de pers\u201d, zegt Barnett. \u201eAls hij de eigenaar van een islamitisch nieuwsblad was geweest, had het verhaal maandenlang de headlines beheerst.\u201d \u00a0<\/p>\n<p>Gaat het niet wat ver, om \u00e9\u00e9n man  zo veel invloed toe te schrijven? \u201eHet klinkt inderdaad wat\u00a0much, \u00e9\u00e9n man zou niet zo\u2019n heel instituut ten onder kunnen brengen\u201d,  vindt Barnett. \u201eMaar de afgelopen jaren zijn meerdere journalisten naar buiten getreden met de boodschap dat ze last hadden van zijn inhoudelijke bemoeienis.\u201d<\/p>\n<p><img alt=\"\" data-description=\"Deborah Turness (C), who resigned the day before as BBC News CEO, arrives at the offices of the BBC in London on November 10, 2025. The BBC was on November 10 expected to apologise for editing a speech that suggested Donald Trump had directly instigated an attack on the US Capitol, resulting in the dramatic resignations of the broadcaster's top brass. (Photo by HENRY NICHOLLS \/ AFP)\" data-open-in-lightbox=\"true\" src=\"https:\/\/www.europesays.com\/nl\/wp-content\/uploads\/2025\/11\/141125WEE_2023120222_3.jpg\" src-medium=\"https:\/\/s3.eu-west-1.amazonaws.com\/static.nrc.nl\/wp-content\/uploads\/2025\/11\/13124834\/141125WEE_2023120222_3.jpg\" decoding=\"async\" \/><\/p>\n<p>Zoom in<\/p>\n<p><img alt=\"\" data-description=\"Outgoing Director General of the BBC Tim Davie arrives at BBC Broadcasting House after he and Chief Executive of BBC News Deborah Turness resigned following accusations of bias at the British broadcaster, including in the way it edited a speech by U.S. President Donald Trump, in London, Britain, November 11, 2025. REUTERS\/Hannah McKay\" data-open-in-lightbox=\"true\" src=\"https:\/\/www.europesays.com\/nl\/wp-content\/uploads\/2025\/11\/141125WEE_2023120222_2.jpg\" src-medium=\"https:\/\/s3.eu-west-1.amazonaws.com\/static.nrc.nl\/wp-content\/uploads\/2025\/11\/13124810\/141125WEE_2023120222_2.jpg\" decoding=\"async\" \/><\/p>\n<p>Zoom in<\/p>\n<p class=\"caption\" slot=\"description\">Nieuwshoofdredacteur Deborah Turness en algemeen directeur Tim Davie traden afgelopen week af, omdat in een tv-programma van de BBC twee fragmenten uit een toespraak van president Donald Trump op twijfelachtige wijze achter elkaar zouden zijn gezet.<\/p>\n<p>Foto\u2019s AFP, REUTERS<\/p>\n<p>En het kon \u00f3\u00f3k uit de hand lopen, zegt Barnett, vanwege de voedingsbodem die er is voor BBC-kritiek. Die is er van oudsher onder veelal conservatieve politici,  die bijvoorbeeld bezwaar hebben tegen het verplichte kijk- en luistergeld dat de Britten betalen. De conservatieven vinden op dit punt veel media aan hun zijde, die ook geen belang hebben bij een sterke, overheidsgefinancierde BBC. De BBC is <a href=\"https:\/\/reutersinstitute.politics.ox.ac.uk\/news\/bbc-under-scrutiny-heres-what-research-tells-about-its-role-uk\" rel=\"nofollow noopener\" target=\"_blank\">de  betrouwbaarste nieuwsbron in het VK<\/a>, en is daarmee een serieuze concurrent voor commerci\u00eble media. Zelfs onder Amerikanen is  de BBC het meest vertrouwde nieuwsmerk, na The Weather Channel, volgens een <a href=\"https:\/\/today.yougov.com\/politics\/articles\/52272-trust-in-media-2025-which-news-sources-americans-use-and-trust\" rel=\"nofollow noopener\" target=\"_blank\">YouGov-onderzoek eerder dit jaar<\/a>.<\/p>\n<p>Maga-crowd<\/p>\n<p>Daar komt bij dat het verhaal in The Daily Telegraph is \u201eopgeblazen door de maga-crowd\u201d. Trump ging met het nieuws aan de haal, zijn woordvoerder raadde iedereen aan GB News te kijken. Barnett: \u201eEr is een groeiende unholy alliance tussen de rechtse populisten in Europa en de maga-activisten in de Verenigde Staten, ze werken samen.\u201d Meer dan ooit, zegt hij, kun je als \u201evijand van de BBC\u201d zeker zijn dat je boodschap gehoor vindt.<\/p>\n<p>Tegelijk denkt Barnett dat de situatie positief kan uitpakken voor de BBC. Hij is verrast door de hoeveelheid politici die naar Gibb wijzen. Nu Gibb z\u00f3 in de  schijnwerpers staat, zou het goed kunnen zijn dat zijn invloed afneemt. Binnenkort moet de vergunning van de BBC vernieuwd worden. De Labourpartij heeft een meerderheid, en kan de vergunning aangrijpen om de BBC te ontdoen van politieke be\u00efnvloeding.<\/p>\n<p>Dat zou veel waard zijn, zegt Seaton. \u201eWe hebben Rusland en China als vijand, we hebben de vijf rijkste mannen op aarde die de belangrijkste mediaplatforms bezitten. Europese burgers hebben vrij weinig om zich daar tegen te verweren. De BBC is hier belangrijk in, om ons op zijn minst te voorzien van betrouwbaar nieuws.\u201d Op de schaal der dingen is de BBC misschien slechts een \u201epuist\u201d, zegt ze. \u201eMaar het is wel een hardnekkige puist.\u201d<\/p>\n<p>Geef cadeau<\/p>\n<p>Deel<\/p>\n<p>Mail de redactie<\/p>\n<p>\nNIEUW: Geef dit artikel cadeau<br \/>\n\t\t\tAls NRC-abonnee kun je elke maand 10 artikelen cadeau geven aan iemand zonder NRC-abonnement. De ontvanger kan het artikel direct lezen, zonder betaalmuur.\n\t\t<\/p>\n","protected":false},"excerpt":{"rendered":"\u201eHij heeft mijn leven bij de BBC h\u00e9\u00e9l moeilijk gemaakt\u201d, vertelde journalist Lewis Goodall twee jaar terug over&hellip;\n","protected":false},"author":2,"featured_media":56248,"comment_status":"","ping_status":"","sticky":false,"template":"","format":"standard","meta":{"footnotes":""},"categories":[15],"tags":[39,40,48,43,44,34,35,41,42,46,47,49,45,32,33,50,36,37,38,67,64,65,66],"class_list":{"0":"post-56247","1":"post","2":"type-post","3":"status-publish","4":"format-standard","5":"has-post-thumbnail","7":"category-wereld","8":"tag-breaking-news","9":"tag-breakingnews","10":"tag-dutch","11":"tag-featured-news","12":"tag-featurednews","13":"tag-headlines","14":"tag-hoofdpunten","15":"tag-latest-news","16":"tag-latestnews","17":"tag-nederland","18":"tag-nederlanden","19":"tag-nederlands","20":"tag-netherlands","21":"tag-news","22":"tag-nieuws","23":"tag-nl","24":"tag-top-stories","25":"tag-topstories","26":"tag-voorpaginanieuws","27":"tag-wereld","28":"tag-world","29":"tag-world-news","30":"tag-worldnews"},"share_on_mastodon":{"url":"https:\/\/pubeurope.com\/@nl\/115556446743403040","error":""},"_links":{"self":[{"href":"https:\/\/www.europesays.com\/nl\/wp-json\/wp\/v2\/posts\/56247","targetHints":{"allow":["GET"]}}],"collection":[{"href":"https:\/\/www.europesays.com\/nl\/wp-json\/wp\/v2\/posts"}],"about":[{"href":"https:\/\/www.europesays.com\/nl\/wp-json\/wp\/v2\/types\/post"}],"author":[{"embeddable":true,"href":"https:\/\/www.europesays.com\/nl\/wp-json\/wp\/v2\/users\/2"}],"replies":[{"embeddable":true,"href":"https:\/\/www.europesays.com\/nl\/wp-json\/wp\/v2\/comments?post=56247"}],"version-history":[{"count":0,"href":"https:\/\/www.europesays.com\/nl\/wp-json\/wp\/v2\/posts\/56247\/revisions"}],"wp:featuredmedia":[{"embeddable":true,"href":"https:\/\/www.europesays.com\/nl\/wp-json\/wp\/v2\/media\/56248"}],"wp:attachment":[{"href":"https:\/\/www.europesays.com\/nl\/wp-json\/wp\/v2\/media?parent=56247"}],"wp:term":[{"taxonomy":"category","embeddable":true,"href":"https:\/\/www.europesays.com\/nl\/wp-json\/wp\/v2\/categories?post=56247"},{"taxonomy":"post_tag","embeddable":true,"href":"https:\/\/www.europesays.com\/nl\/wp-json\/wp\/v2\/tags?post=56247"}],"curies":[{"name":"wp","href":"https:\/\/api.w.org\/{rel}","templated":true}]}}