{"id":56251,"date":"2025-11-16T00:13:10","date_gmt":"2025-11-16T00:13:10","guid":{"rendered":"https:\/\/www.europesays.com\/nl\/56251\/"},"modified":"2025-11-16T00:13:10","modified_gmt":"2025-11-16T00:13:10","slug":"dick-advocaat-vertrekt-vlak-voor-cruciale-wedstrijd-plots-uit-kamp-van-curacao","status":"publish","type":"post","link":"https:\/\/www.europesays.com\/nl\/56251\/","title":{"rendered":"Dick Advocaat vertrekt vlak voor cruciale wedstrijd plots uit kamp van Cura\u00e7ao"},"content":{"rendered":"<p>Dick Advocaat heeft het trainingskamp van het nationale elftal van Cura\u00e7ao verlaten om &#8216;persoonlijke redenen&#8217;. Dat heeft de voetbalbond van Cura\u00e7ao (FFK) zaterdag bevestigd via een offici\u00eble verklaring op Instagram. Zijn vertrek komt op een curieus moment, vlak voor de belangrijke WK-kwalificatiewedstrijd woensdag tegen Jamaica.<\/p>\n<p>Voetbal International voegt toe dat Advocaat vanwege familieomstandigheden terug naar Nederland vliegt.\u00a0<\/p>\n<p>Volgens het statement van de bond blijft Advocaat ondanks zijn fysieke afwezigheid betrokken bij de voorbereiding van het duel.\u00a0<\/p>\n<p>\u201cTijdens de afwezigheid van Advocaat nemen assistent-coaches Dean Gorr\u00e9 en Cor Pot de leiding over alle trainingen, wedstrijdvoorbereidingen en overige teamactiviteiten\u201d, aldus de bond.<\/p>\n<p>\u201cWe respecteren het besluit van de bondscoach. De hele federatie steunt hem volledig\u201d, verklaart FFK-voorzitter Gilbert Martina.\u00a0<\/p>\n<p>Cura\u00e7ao gaat woensdag om 02:00 uur Nederlandse tijd op bezoek bij Jamaica en heeft een punt nodig om zich met zekerheid te kwalificeren voor het WK.\u00a0<\/p>\n","protected":false},"excerpt":{"rendered":"Dick Advocaat heeft het trainingskamp van het nationale elftal van Cura\u00e7ao verlaten om &#8216;persoonlijke redenen&#8217;. Dat heeft de&hellip;\n","protected":false},"author":2,"featured_media":56252,"comment_status":"","ping_status":"","sticky":false,"template":"","format":"standard","meta":{"footnotes":""},"categories":[21],"tags":[1347,48,46,47,49,45,50,92,91],"class_list":{"0":"post-56251","1":"post","2":"type-post","3":"status-publish","4":"format-standard","5":"has-post-thumbnail","7":"category-sport","8":"tag-curacao","9":"tag-dutch","10":"tag-nederland","11":"tag-nederlanden","12":"tag-nederlands","13":"tag-netherlands","14":"tag-nl","15":"tag-sport","16":"tag-sports"},"share_on_mastodon":{"url":"https:\/\/pubeurope.com\/@nl\/115556489844115143","error":""},"_links":{"self":[{"href":"https:\/\/www.europesays.com\/nl\/wp-json\/wp\/v2\/posts\/56251","targetHints":{"allow":["GET"]}}],"collection":[{"href":"https:\/\/www.europesays.com\/nl\/wp-json\/wp\/v2\/posts"}],"about":[{"href":"https:\/\/www.europesays.com\/nl\/wp-json\/wp\/v2\/types\/post"}],"author":[{"embeddable":true,"href":"https:\/\/www.europesays.com\/nl\/wp-json\/wp\/v2\/users\/2"}],"replies":[{"embeddable":true,"href":"https:\/\/www.europesays.com\/nl\/wp-json\/wp\/v2\/comments?post=56251"}],"version-history":[{"count":0,"href":"https:\/\/www.europesays.com\/nl\/wp-json\/wp\/v2\/posts\/56251\/revisions"}],"wp:featuredmedia":[{"embeddable":true,"href":"https:\/\/www.europesays.com\/nl\/wp-json\/wp\/v2\/media\/56252"}],"wp:attachment":[{"href":"https:\/\/www.europesays.com\/nl\/wp-json\/wp\/v2\/media?parent=56251"}],"wp:term":[{"taxonomy":"category","embeddable":true,"href":"https:\/\/www.europesays.com\/nl\/wp-json\/wp\/v2\/categories?post=56251"},{"taxonomy":"post_tag","embeddable":true,"href":"https:\/\/www.europesays.com\/nl\/wp-json\/wp\/v2\/tags?post=56251"}],"curies":[{"name":"wp","href":"https:\/\/api.w.org\/{rel}","templated":true}]}}