{"id":56395,"date":"2025-11-16T06:49:09","date_gmt":"2025-11-16T06:49:09","guid":{"rendered":"https:\/\/www.europesays.com\/nl\/56395\/"},"modified":"2025-11-16T06:49:09","modified_gmt":"2025-11-16T06:49:09","slug":"nederlandse-militairen-in-bosnie-angst-voor-nieuw-conflict-blijft","status":"publish","type":"post","link":"https:\/\/www.europesays.com\/nl\/56395\/","title":{"rendered":"Nederlandse militairen in Bosni\u00eb: angst voor nieuw conflict blijft"},"content":{"rendered":"<p>Premium\u2019Iets verkaaste\u2019 Tyrese Noslin (23) is met Cura\u00e7ao \u00e9\u00e9n punt verwijderd van het WK: \u2019Wij Anti\u2019s kunnen feesten\u2019<\/p>\n<p class=\"TeaserContent_teaser-content__introduction__TAwNM\">Amper anderhalf jaar nadat Tyrese Noslin (23) in de Derde Divisie werd gewogen en te licht bevonden voor Jong Almere City, acteert de middenvelder bij Telstar op het hoogste nationale profniveau. De geboren getogen Amsterdammer is met Cura\u00e7ao nog \u00e9\u00e9n punt verwijderd van een WK-ticket. ,,Ik heb heel veel te danken aan Anthony Correia.\u201d Een bijzonder verhaal.\n <\/p>\n","protected":false},"excerpt":{"rendered":"Premium\u2019Iets verkaaste\u2019 Tyrese Noslin (23) is met Cura\u00e7ao \u00e9\u00e9n punt verwijderd van het WK: \u2019Wij Anti\u2019s kunnen feesten\u2019&hellip;\n","protected":false},"author":2,"featured_media":56396,"comment_status":"","ping_status":"","sticky":false,"template":"","format":"standard","meta":{"footnotes":""},"categories":[15],"tags":[39,40,48,43,44,34,35,41,42,46,47,49,45,32,33,50,36,37,38,67,64,65,66],"class_list":{"0":"post-56395","1":"post","2":"type-post","3":"status-publish","4":"format-standard","5":"has-post-thumbnail","7":"category-wereld","8":"tag-breaking-news","9":"tag-breakingnews","10":"tag-dutch","11":"tag-featured-news","12":"tag-featurednews","13":"tag-headlines","14":"tag-hoofdpunten","15":"tag-latest-news","16":"tag-latestnews","17":"tag-nederland","18":"tag-nederlanden","19":"tag-nederlands","20":"tag-netherlands","21":"tag-news","22":"tag-nieuws","23":"tag-nl","24":"tag-top-stories","25":"tag-topstories","26":"tag-voorpaginanieuws","27":"tag-wereld","28":"tag-world","29":"tag-world-news","30":"tag-worldnews"},"share_on_mastodon":{"url":"https:\/\/pubeurope.com\/@nl\/115558046945614484","error":""},"_links":{"self":[{"href":"https:\/\/www.europesays.com\/nl\/wp-json\/wp\/v2\/posts\/56395","targetHints":{"allow":["GET"]}}],"collection":[{"href":"https:\/\/www.europesays.com\/nl\/wp-json\/wp\/v2\/posts"}],"about":[{"href":"https:\/\/www.europesays.com\/nl\/wp-json\/wp\/v2\/types\/post"}],"author":[{"embeddable":true,"href":"https:\/\/www.europesays.com\/nl\/wp-json\/wp\/v2\/users\/2"}],"replies":[{"embeddable":true,"href":"https:\/\/www.europesays.com\/nl\/wp-json\/wp\/v2\/comments?post=56395"}],"version-history":[{"count":0,"href":"https:\/\/www.europesays.com\/nl\/wp-json\/wp\/v2\/posts\/56395\/revisions"}],"wp:featuredmedia":[{"embeddable":true,"href":"https:\/\/www.europesays.com\/nl\/wp-json\/wp\/v2\/media\/56396"}],"wp:attachment":[{"href":"https:\/\/www.europesays.com\/nl\/wp-json\/wp\/v2\/media?parent=56395"}],"wp:term":[{"taxonomy":"category","embeddable":true,"href":"https:\/\/www.europesays.com\/nl\/wp-json\/wp\/v2\/categories?post=56395"},{"taxonomy":"post_tag","embeddable":true,"href":"https:\/\/www.europesays.com\/nl\/wp-json\/wp\/v2\/tags?post=56395"}],"curies":[{"name":"wp","href":"https:\/\/api.w.org\/{rel}","templated":true}]}}