{"id":56493,"date":"2025-11-16T09:51:09","date_gmt":"2025-11-16T09:51:09","guid":{"rendered":"https:\/\/www.europesays.com\/nl\/56493\/"},"modified":"2025-11-16T09:51:09","modified_gmt":"2025-11-16T09:51:09","slug":"live-israel-schiet-palestijn-dood-op-westoever-om-gooien-explosief-naar-militairen","status":"publish","type":"post","link":"https:\/\/www.europesays.com\/nl\/56493\/","title":{"rendered":"LIVE | Isra\u00ebl schiet Palestijn dood op Westoever om gooien explosief naar militairen"},"content":{"rendered":"<p>Isra\u00ebl schiet Palestijn dood op Westoever om gooien explosief naar militairen\u00a0<br \/>Isra\u00ebl zegt een Palestijn te hebben doodgeschoten die een explosief zou hebben gegooid naar Isra\u00eblische militairen in de Westelijke Jordaanoever. De militairen zouden zijn belaagd tijdens een inval ten noorden van Nablus, een centraal gelegen stad op de Westoever. Volgens de strijdmacht raakten de militairen, reservisten van de Samaritaanse regionale brigade, niet gewond door het projectiel.Dinsdag raakten bij aanvallen en vernielingen door Isra\u00eblische kolonisten nabij Tulkarem meerdere Palestijnen gewond. De gemaskerde Isra\u00ebli\u00ebrs zouden onder meer zuiveltrucks, akkers en enkele gebouwen in brand hebben gestoken. Ook gooiden ze stenen naar Palestijnen en sloegen ze hen met stokken. Vier Isra\u00ebli\u00ebrs werden toen gearresteerd.<\/p>\n<p>Sinds het uitbreken van de oorlog in Gaza zijn volgens het Palestijnse ministerie van Gezondheid zeker duizend Palestijnen gedood op de Westelijke Jordaanoever.\u00a0<\/p>\n","protected":false},"excerpt":{"rendered":"Isra\u00ebl schiet Palestijn dood op Westoever om gooien explosief naar militairen\u00a0Isra\u00ebl zegt een Palestijn te hebben doodgeschoten die&hellip;\n","protected":false},"author":2,"featured_media":28462,"comment_status":"","ping_status":"","sticky":false,"template":"","format":"standard","meta":{"footnotes":""},"categories":[15],"tags":[39,40,48,43,44,34,35,41,42,46,47,49,45,32,33,50,36,37,38,67,64,65,66],"class_list":{"0":"post-56493","1":"post","2":"type-post","3":"status-publish","4":"format-standard","5":"has-post-thumbnail","7":"category-wereld","8":"tag-breaking-news","9":"tag-breakingnews","10":"tag-dutch","11":"tag-featured-news","12":"tag-featurednews","13":"tag-headlines","14":"tag-hoofdpunten","15":"tag-latest-news","16":"tag-latestnews","17":"tag-nederland","18":"tag-nederlanden","19":"tag-nederlands","20":"tag-netherlands","21":"tag-news","22":"tag-nieuws","23":"tag-nl","24":"tag-top-stories","25":"tag-topstories","26":"tag-voorpaginanieuws","27":"tag-wereld","28":"tag-world","29":"tag-world-news","30":"tag-worldnews"},"share_on_mastodon":{"url":"https:\/\/pubeurope.com\/@nl\/115558762730651368","error":""},"_links":{"self":[{"href":"https:\/\/www.europesays.com\/nl\/wp-json\/wp\/v2\/posts\/56493","targetHints":{"allow":["GET"]}}],"collection":[{"href":"https:\/\/www.europesays.com\/nl\/wp-json\/wp\/v2\/posts"}],"about":[{"href":"https:\/\/www.europesays.com\/nl\/wp-json\/wp\/v2\/types\/post"}],"author":[{"embeddable":true,"href":"https:\/\/www.europesays.com\/nl\/wp-json\/wp\/v2\/users\/2"}],"replies":[{"embeddable":true,"href":"https:\/\/www.europesays.com\/nl\/wp-json\/wp\/v2\/comments?post=56493"}],"version-history":[{"count":0,"href":"https:\/\/www.europesays.com\/nl\/wp-json\/wp\/v2\/posts\/56493\/revisions"}],"wp:featuredmedia":[{"embeddable":true,"href":"https:\/\/www.europesays.com\/nl\/wp-json\/wp\/v2\/media\/28462"}],"wp:attachment":[{"href":"https:\/\/www.europesays.com\/nl\/wp-json\/wp\/v2\/media?parent=56493"}],"wp:term":[{"taxonomy":"category","embeddable":true,"href":"https:\/\/www.europesays.com\/nl\/wp-json\/wp\/v2\/categories?post=56493"},{"taxonomy":"post_tag","embeddable":true,"href":"https:\/\/www.europesays.com\/nl\/wp-json\/wp\/v2\/tags?post=56493"}],"curies":[{"name":"wp","href":"https:\/\/api.w.org\/{rel}","templated":true}]}}