{"id":57022,"date":"2025-11-16T21:19:18","date_gmt":"2025-11-16T21:19:18","guid":{"rendered":"https:\/\/www.europesays.com\/nl\/57022\/"},"modified":"2025-11-16T21:19:18","modified_gmt":"2025-11-16T21:19:18","slug":"na-het-bbc-schandaal-waarom-ook-onderzoek-naar-nos-noodzakelijk-is","status":"publish","type":"post","link":"https:\/\/www.europesays.com\/nl\/57022\/","title":{"rendered":"Na het BBC-schandaal: waarom ook onderzoek naar NOS noodzakelijk is"},"content":{"rendered":"<p class=\"intro drop-caps\">Tijd voor een onafhankelijk onderzoek naar de NOS-berichtgeving over de oorlog in Gaza, schrijft Afshin Ellian.<\/p>\n<p>Vaak wordt er geklaagd over het wantrouwen van burgers in de gevestigde media. Complotdenkers, populisten en statelijke vijanden van de democratie zouden de zaadjes van wantrouwen verspreiden.<\/p>\n<p>Dat de vijanden van het Westen de instituties in diskrediet willen brengen, is algemeen bekend. Rusland en Iran produceren nepnieuws en desinformatie om bevolkingen op te zetten tegen hun instituties. Complotdenkers dragen hun steentje bij. Door sociale media krijgen misleiding en manipulatie een boost.<\/p>\n<p>Maar die vijandelijke activiteiten ontslaan de gevestigde media niet van hun eigen verantwoordelijkheid. Een desinformatie-operatie heeft kans van slagen, wanneer de media door hun eigen fouten een vruchtbare bodem cre\u00ebren voor wantrouwen.<\/p>\n<p>Eerlijkheid, onpartijdigheid en waarheid zijn de basisbeginselen die de media in acht moeten nemen. De journalistieke betrouwbaarheid ligt aan de basis van het wederzijdse vertrouwen tussen de burger en het medium.<\/p>\n<p>Partijdigheid bij de BBC<\/p>\n<p><a href=\"https:\/\/deadline.com\/2025\/11\/bbc-arabic-oversight-reworked-anti-israel-bias-1236606459\/\" target=\"_blank\" rel=\"noopener nofollow\">In een recent rapport wordt de Arabische tak van de BBC, een van de belangrijkste media ter wereld, beschuldigd van activisme en partijdigheid<\/a>. Let wel: we hebben het hier niet over columnisten, maar over journalisten.<\/p>\n<p>De Engelstalig BBC-website plaatste negentien artikelen over de Isra\u00eblische gijzelaars, de Arabische BBC niet \u00e9\u00e9n. Kritische artikelen over Hamas verschenen niet op de Arabische BBC, die wel talloze kritische artikelen publiceerde over Isra\u00ebl en de anti-Isra\u00eblische kant koos.<\/p>\n<p>Een triest voorbeeld betreft het geval van een ontvoerde Yezidische vrouw die in Gaza door Isra\u00eblische soldaten werd bevrijd. Zij zou door een Hamas-strijder zijn gekocht. De Arabische BBC nam een Hamas-verklaring van 582 woorden over, en plaatste deze kop: \u2018Isra\u00ebl zegt: \u201cYezidische gevangene na tien jaar in Gaza terug naar Irak\u201d, Hamas zegt tegen BBC: \u201cIsra\u00eblisch verhaal is verzonnen\u201d.<\/p>\n<p>Ook de Engelstalige BBC heeft moeite om onpartijdig te zijn. <a href=\"https:\/\/www.telegraph.co.uk\/news\/2025\/11\/03\/bbc-report-reveals-bias-donald-trump\/\" target=\"_blank\" rel=\"noopener nofollow\">Zo blijkt de BBC een speech van Donald Trump selectief te hebben bewerkt,<\/a> waardoor het lijkt alsof de Amerikaanse president de Capitool-bestorming op 6 januari 2021 aanmoedigde.<\/p>\n<p>Dat is toch de Kremlin-methode die de BBC zo verafschuwt en geregeld ontmaskert. Nu is het Witte Huis terecht verontwaardigd. BBC-directeur Tim Davie en BBC News-CEO Deborah Turness traden af na deze onthullingen.<\/p>\n<p>NOS-\u2018journalisten\u2019 in Gaza<\/p>\n<p>De Palestijnse Mohaned al-Khatib, die deelnam aan pro-Palestijnse sit-ins in Amsterdam, Gent en Brussel, is zogenaamd een journalist uit Gaza. Maar volgens het Belgische Joods Informatie- en Documentatiecentrum is hij een Hamas-aanhanger die jubelend meeliep met de aanslag van 7 oktober 2023 op Isra\u00eblische burgers.<\/p>\n<p>De Telegraaf <a href=\"https:\/\/www.telegraaf.nl\/binnenland\/hamas-fan-die-bij-bloedbad-7-oktober-was-duikt-op-bij-sit-in-amsterdam\/103314723.html\" rel=\"nofollow noopener\" target=\"_blank\">schrijft<\/a>: \u2018Al-Khatib lijkt in een video buiten zichzelf van vreugde en opwinding terwijl de moordpartij in de dorpen en kibboetsen nog in volle gang is. Er zijn geen bewijzen dat hij zelf meedeed.\u2019\u00a0Natuurlijk rijst de vraag hoe al-Khatib deel kon nemen aan deze sit-ins. De Belgische politie is een onderzoek begonnen.<\/p>\n<p>De voorbije maanden heb ik op deze plek en elders mijn bedenkingen geuit over lokale verslaggevers in <a href=\"https:\/\/www.ewmagazine.nl\/onderwerp\/gaza\/\" rel=\"nofollow noopener\" target=\"_blank\">Gaza<\/a>. Zij maakten interviews die via de NOS werden uitgezonden. We weten niet wie ze zijn.<\/p>\n<p>Van de NOS moeten we geloven dat ze lokale journalisten zijn in een gebied dat door Hamas wordt beheerst. Daar zijn geen journalisten.<\/p>\n<p>Ik zit met een aantal vragen. De NOS berichtte afgelopen jaar gemiddeld bijna 10 minuten per dag over de Gaza-oorlog. Dit is een conservatieve schatting. Hoe vaak heeft de NOS het Isra\u00eblische perspectief aan de orde gesteld? Waarom presenteert de NOS de cijfers van Hamas als waarheid? Wie zijn daar de lokale verslaggevers en cameramannen van de NOS?<\/p>\n<p>Gelet op de toename van het antisemitisme in Nederland, lijkt het mij noodzakelijk om de berichtgeving van de NOS \u2212 een met belastinggeld gefinancierd medium \u2212 te laten onderzoeken door een onafhankelijke commissie.<\/p>\n<p>De betrouwbaarheid van berichtgeving is immers in het geding, wanneer een medium de berichten van een terroristische organisatie als waarheid verspreidt.<\/p>\n<p>Onderzoek de NOS-berichtgeving over de Gaza-oorlog, voordat manipulatie en desinformatie de norm wordt.<\/p>\n","protected":false},"excerpt":{"rendered":"Tijd voor een onafhankelijk onderzoek naar de NOS-berichtgeving over de oorlog in Gaza, schrijft Afshin Ellian. Vaak wordt&hellip;\n","protected":false},"author":2,"featured_media":57023,"comment_status":"","ping_status":"","sticky":false,"template":"","format":"standard","meta":{"footnotes":""},"categories":[15],"tags":[39,40,48,43,44,34,35,41,42,46,47,49,45,32,33,50,36,37,38,67,64,65,66],"class_list":{"0":"post-57022","1":"post","2":"type-post","3":"status-publish","4":"format-standard","5":"has-post-thumbnail","7":"category-wereld","8":"tag-breaking-news","9":"tag-breakingnews","10":"tag-dutch","11":"tag-featured-news","12":"tag-featurednews","13":"tag-headlines","14":"tag-hoofdpunten","15":"tag-latest-news","16":"tag-latestnews","17":"tag-nederland","18":"tag-nederlanden","19":"tag-nederlands","20":"tag-netherlands","21":"tag-news","22":"tag-nieuws","23":"tag-nl","24":"tag-top-stories","25":"tag-topstories","26":"tag-voorpaginanieuws","27":"tag-wereld","28":"tag-world","29":"tag-world-news","30":"tag-worldnews"},"share_on_mastodon":{"url":"https:\/\/pubeurope.com\/@nl\/115561467946029411","error":""},"_links":{"self":[{"href":"https:\/\/www.europesays.com\/nl\/wp-json\/wp\/v2\/posts\/57022","targetHints":{"allow":["GET"]}}],"collection":[{"href":"https:\/\/www.europesays.com\/nl\/wp-json\/wp\/v2\/posts"}],"about":[{"href":"https:\/\/www.europesays.com\/nl\/wp-json\/wp\/v2\/types\/post"}],"author":[{"embeddable":true,"href":"https:\/\/www.europesays.com\/nl\/wp-json\/wp\/v2\/users\/2"}],"replies":[{"embeddable":true,"href":"https:\/\/www.europesays.com\/nl\/wp-json\/wp\/v2\/comments?post=57022"}],"version-history":[{"count":0,"href":"https:\/\/www.europesays.com\/nl\/wp-json\/wp\/v2\/posts\/57022\/revisions"}],"wp:featuredmedia":[{"embeddable":true,"href":"https:\/\/www.europesays.com\/nl\/wp-json\/wp\/v2\/media\/57023"}],"wp:attachment":[{"href":"https:\/\/www.europesays.com\/nl\/wp-json\/wp\/v2\/media?parent=57022"}],"wp:term":[{"taxonomy":"category","embeddable":true,"href":"https:\/\/www.europesays.com\/nl\/wp-json\/wp\/v2\/categories?post=57022"},{"taxonomy":"post_tag","embeddable":true,"href":"https:\/\/www.europesays.com\/nl\/wp-json\/wp\/v2\/tags?post=57022"}],"curies":[{"name":"wp","href":"https:\/\/api.w.org\/{rel}","templated":true}]}}