{"id":57054,"date":"2025-11-16T22:17:08","date_gmt":"2025-11-16T22:17:08","guid":{"rendered":"https:\/\/www.europesays.com\/nl\/57054\/"},"modified":"2025-11-16T22:17:08","modified_gmt":"2025-11-16T22:17:08","slug":"ronald-koeman-hoopt-op-wk-poule-met-nederland-suriname-en-curacao","status":"publish","type":"post","link":"https:\/\/www.europesays.com\/nl\/57054\/","title":{"rendered":"Ronald Koeman hoopt op WK-poule met Nederland, Suriname en Cura\u00e7ao"},"content":{"rendered":"<p class=\"Paragraph_paragraph__nQNQ9 Paragraph_paragraph--default-lg-default__2m2_h articleParagraph\">In de nacht van dinsdag op woensdag spelen Suriname en Cura\u00e7ao hun beslissende WK-kwalificatie-wedstrijden. Koeman hoopt dat Suriname en Cura\u00e7ao het klusje ook gaan klaren, al zal in het geval van Cura\u00e7ao zonder bondscoach Dick Advocaat moeten gebeuren. <\/p>\n<p><a href=\"https:\/\/www.telegraaf.nl\/sport\/voetbal\/klap-voor-curacao-dick-advocaat-moet-allesbeslissende-wk-kraker-met-jamaica-om-priveredenen-missen\/105307634.html\" class=\"RelatedTeaser_related-teaser__pNEhJ RelatedTeaser_related-teaser--image__dk4DP read-more_withImage__1YJa_\" data-article-id=\"105307634\" rel=\"nofollow noopener\" target=\"_blank\"><\/p>\n<p>Klap voor Cura\u00e7ao: Dick Advocaat moet allesbeslissende WK-kraker met Jamaica om priv\u00e9redenen missen<\/p>\n<p><\/a><\/p>\n<p class=\"Paragraph_paragraph__nQNQ9 Paragraph_paragraph--default-lg-default__2m2_h articleParagraph\">De Kleine Generaal is vanwege familie-omstandigheden spoorslags huiswaarts gekeerd. \u201eHet is natuurlijk triest dat Dick daar weg moet vanwege familie-omstandigheden. Ik weet niet wat het is, ik hoop dat het meevalt.  Nu zullen Cor Pot en Dean Gorr\u00e9 het moeten doen\u201d, aldus Koeman, die waarderend sprak over de verrichtingen van Advocaat bij Cura\u00e7ao. <\/p>\n<p>Bondscoach Ronald Koeman \u00a0\u00a9 ANP\/HH<\/p>\n<p class=\"Paragraph_paragraph__nQNQ9 Paragraph_paragraph--default-lg-default__2m2_h articleParagraph\">\u201eWat hij daar doet met zijn staf is natuurlijk geweldig. Het zou geweldig zijn om in een poule te zitten met Nederland, Suriname en Cura\u00e7ao, als dat mogelijk zou zijn. Het zou een bekroning zijn voor Dick. Die heeft hij natuurlijk al als coach behaald. Maar het zou een geweldige stunt zijn. Hij heeft het goed gezien. Als er ooit een kans is voor Cura\u00e7ao om het WK te halen, is dat nu, omdat het toernooi wordt georganiseerd door Mexico, Canada en de Verenigde Staten.\u201d<\/p>\n<p class=\"social-embed-fallback-message_fallbackMessageText__Qks44\">Omdat je cookies voor sociale media uitgeschakeld zijn, blijft deze inhoud verborgen. Je kan hier toestemming geven voor deze cookies.<\/p>\n<p>Toestemming geven &gt;<\/p>\n","protected":false},"excerpt":{"rendered":"In de nacht van dinsdag op woensdag spelen Suriname en Cura\u00e7ao hun beslissende WK-kwalificatie-wedstrijden. Koeman hoopt dat Suriname&hellip;\n","protected":false},"author":2,"featured_media":57055,"comment_status":"","ping_status":"","sticky":false,"template":"","format":"standard","meta":{"footnotes":""},"categories":[5],"tags":[39,40,48,43,44,34,35,41,42,46,47,49,45,32,33,50,36,37,38],"class_list":{"0":"post-57054","1":"post","2":"type-post","3":"status-publish","4":"format-standard","5":"has-post-thumbnail","7":"category-hoofdpunten","8":"tag-breaking-news","9":"tag-breakingnews","10":"tag-dutch","11":"tag-featured-news","12":"tag-featurednews","13":"tag-headlines","14":"tag-hoofdpunten","15":"tag-latest-news","16":"tag-latestnews","17":"tag-nederland","18":"tag-nederlanden","19":"tag-nederlands","20":"tag-netherlands","21":"tag-news","22":"tag-nieuws","23":"tag-nl","24":"tag-top-stories","25":"tag-topstories","26":"tag-voorpaginanieuws"},"share_on_mastodon":{"url":"https:\/\/pubeurope.com\/@nl\/115561695976479039","error":""},"_links":{"self":[{"href":"https:\/\/www.europesays.com\/nl\/wp-json\/wp\/v2\/posts\/57054","targetHints":{"allow":["GET"]}}],"collection":[{"href":"https:\/\/www.europesays.com\/nl\/wp-json\/wp\/v2\/posts"}],"about":[{"href":"https:\/\/www.europesays.com\/nl\/wp-json\/wp\/v2\/types\/post"}],"author":[{"embeddable":true,"href":"https:\/\/www.europesays.com\/nl\/wp-json\/wp\/v2\/users\/2"}],"replies":[{"embeddable":true,"href":"https:\/\/www.europesays.com\/nl\/wp-json\/wp\/v2\/comments?post=57054"}],"version-history":[{"count":0,"href":"https:\/\/www.europesays.com\/nl\/wp-json\/wp\/v2\/posts\/57054\/revisions"}],"wp:featuredmedia":[{"embeddable":true,"href":"https:\/\/www.europesays.com\/nl\/wp-json\/wp\/v2\/media\/57055"}],"wp:attachment":[{"href":"https:\/\/www.europesays.com\/nl\/wp-json\/wp\/v2\/media?parent=57054"}],"wp:term":[{"taxonomy":"category","embeddable":true,"href":"https:\/\/www.europesays.com\/nl\/wp-json\/wp\/v2\/categories?post=57054"},{"taxonomy":"post_tag","embeddable":true,"href":"https:\/\/www.europesays.com\/nl\/wp-json\/wp\/v2\/tags?post=57054"}],"curies":[{"name":"wp","href":"https:\/\/api.w.org\/{rel}","templated":true}]}}