{"id":57287,"date":"2025-11-17T06:57:12","date_gmt":"2025-11-17T06:57:12","guid":{"rendered":"https:\/\/www.europesays.com\/nl\/57287\/"},"modified":"2025-11-17T06:57:12","modified_gmt":"2025-11-17T06:57:12","slug":"finale-van-de-verraders-neemt-zeer-onverwachte-wending-hier-zal-nog-veel-over-gesproken-worden","status":"publish","type":"post","link":"https:\/\/www.europesays.com\/nl\/57287\/","title":{"rendered":"Finale van \u2018De verraders\u2019 neemt zeer onverwachte wending: \u201cHier zal nog veel over gesproken worden\u201d"},"content":{"rendered":"<p class=\"social-embed-fallback-message_fallbackMessageText__Qks44\">Omdat je cookies voor sociale media uitgeschakeld zijn, blijft deze inhoud verborgen. Je kan hier toestemming geven voor deze cookies.<\/p>\n<p>Toestemming geven &gt;<\/p>\n<p class=\"Paragraph_paragraph__nQNQ9 Paragraph_paragraph--default-sm-default__bs4Xa articleParagraph\">Voor het eerst sinds De verraders op VTM van start ging, waren er vier intriganten in het spel. Omar Souidi (40), Amelie Albrecht (32) en Chlo\u00e9 De Bie (36) werden de voorbije weken al ontmaskerd. Enkel Francesco Planckaert (43) wist van dat viertal de finale te bereiken, net als vijf bondgenoten: Lynn Van den Broeck (32), Charlotte Sieben (26), Cl\u00e9mentine Caron (24), Yannick Noben (43) en Eliyha Altena (23). <\/p>\n<p class=\"Paragraph_paragraph__nQNQ9 Paragraph_paragraph--default-sm-default__bs4Xa articleParagraph\">Of beter: daar leek het aanvankelijk op, dat die vijf de laatste dag van het spel haalden. Dat was echter buiten de opdracht gerekend die gastheer Staf Coppens (44) vorige aflevering nog aan Francesco gaf, om op de valreep nog een bondgenoot te vermoorden. <\/p>\n<p><a href=\"https:\/\/www.nieuwsblad.be\/media-en-cultuur\/tv-en-radio\/seksuologe-chloe-de-bie-blikt-terug-op-de-verraders-ik-voelde-me-ontzettend-eenzaam\/103421174.html\" class=\"RelatedTeaser_related-teaser__pNEhJ RelatedTeaser_related-teaser--image__dk4DP read-more_withImage__1YJa_\" data-article-id=\"103421174\" rel=\"nofollow noopener\" target=\"_blank\"><\/p>\n<p>LEES OOK.Seksuologe Chlo\u00e9 De Bie blikt terug op \u2018De verraders\u2019: \u201cIk voelde me ontzettend eenzaam\u201d<\/p>\n<p><\/a><\/p>\n<p class=\"Paragraph_paragraph__nQNQ9 Paragraph_paragraph--default-sm-default__bs4Xa articleParagraph\">Persoonlijk geviseerd<\/p>\n<p class=\"Paragraph_paragraph__nQNQ9 Paragraph_paragraph--default-sm-default__bs4Xa articleParagraph\">Wanneer Staf Coppens even later verscheen, legde hij aan de spelers uit dat \u00e9\u00e9n van de bondgenoten de eindmeet niet haalde. Wie dat is? Dat zullen de kandidaten pas ontdekken na zes stopplaatsen. Per halte verdween telkens \u00e9\u00e9n naam van de dodenlijst, tot slechts \u00e9\u00e9n iemand overbleef.<\/p>\n<p class=\"Paragraph_paragraph__nQNQ9 Paragraph_paragraph--default-sm-default__bs4Xa articleParagraph\">Yannick vermoedde dat hij eruit zal liggen, en besloot volop in de aanval te gaan tegenover Francesco. Dat paste, verrassend genoeg, perfect binnen de strategie van die laatste. \u201cHet is goed dat hij mij aanvalt\u201d, sprak hij. \u201cZo gaat mijn strategie nog meer kloppen.\u201d Dat Francesco het zo hard speelde, kwam stevig binnen bij de ex-militair. \u201cIk heb heel veel moeite om dit niet persoonlijk te pakken\u201d, zegt hij.<\/p>\n<p>\u00a9 VTM<\/p>\n<p class=\"Paragraph_paragraph__nQNQ9 Paragraph_paragraph--default-sm-default__bs4Xa articleParagraph\">Onverwachte keuze<\/p>\n<p class=\"Paragraph_paragraph__nQNQ9 Paragraph_paragraph--default-sm-default__bs4Xa articleParagraph\">De eerste naam die van de lijst werd geschrapt is \u2013 hoe kan het ook anders? \u2013 Francesco. Terwijl de anderen terug naar de auto gingen, legde Staf de bijhorende opdracht uit aan de voormalige renner. Door zes stemmen te verdelen, zou \u00e9\u00e9n van de kandidaten \u2013 op voorwaarde dat hij of zij bleef leven na deze queeste \u2013 een dolk krijgen. Iedereen die z\u2019n naam van de lijst geschrapt zag, mocht vervolgens zes stemmen uitbrengen.<\/p>\n<p class=\"Paragraph_paragraph__nQNQ9 Paragraph_paragraph--default-sm-default__bs4Xa articleParagraph\">Uiteindelijk waren Cl\u00e9mentine en Yannick degenen die als laatsten overblijven. Na een spannend moment bleek dat die eerste vergiftigd werd. \u201cVuile verraders\u201d, snikte een huilende Cl\u00e9mentine. \u201cDit is pijnlijk, net voor de finale.\u201d<\/p>\n<p><a href=\"https:\/\/www.nieuwsblad.be\/media-en-cultuur\/yannick-noben-stopte-na-25-jaar-als-beroepsmilitair-om-comedian-te-worden-in-afghanistan-ben-ik-bijna-in-een-bomaanslag-gereden\/102724386.html\" class=\"RelatedTeaser_related-teaser__pNEhJ RelatedTeaser_related-teaser--image__dk4DP read-more_withImage__1YJa_\" data-article-id=\"102724386\" rel=\"nofollow noopener\" target=\"_blank\"><\/p>\n<p>LEES OOK.Yannick Noben stopte na 25 jaar als beroepsmilitair om comedian te worden: \u201cIn Afghanistan ben ik bijna in een bomaanslag gereden\u201d<\/p>\n<p><\/a><\/p>\n<p>\u00a9 VTM<\/p>\n<p class=\"Paragraph_paragraph__nQNQ9 Paragraph_paragraph--default-sm-default__bs4Xa articleParagraph\">Tactische zet<\/p>\n<p class=\"Paragraph_paragraph__nQNQ9 Paragraph_paragraph--default-sm-default__bs4Xa articleParagraph\">Wanneer Yannick naar buiten wandelde, reageerde de groep daar met gemengde gevoelens op. Francesco was weliswaar in z\u2019n nopjes, wanneer hij de blik van Eliyha ving. \u201cHet was een contact van een seconde, maar ik wist genoeg\u201d, zegt hij. \u201cMijn plan is gelukt. Nu Cl\u00e9mentine dood is, denkt iedereen dat Yannick haar vermoord heeft.\u201d<\/p>\n<p>Yannick Noben en Eliyha Altena\u00a0\u00a9 Robin Fasseur<\/p>\n<p class=\"Paragraph_paragraph__nQNQ9 Paragraph_paragraph--default-sm-default__bs4Xa articleParagraph\">Ook de ex-militair zelf wist niet goed wat hij van die onverwachte wending moet denken. \u201cIk was er \u00e9cht zeker van dat ik gedood zou worden\u201d, klonk het. \u201cCl\u00e9mentine vergiftigen was de beste keuze\u201d, stelde Francesco even later. \u201cYannick is een grote speler, en grote spelers mag je niet vernietigen of vollenbak tegen in gaan. Hoge bomen vangen veel wind. Die moet je laten spreken, en het juiste moment afwachten.\u201d<\/p>\n<p>Francesco Planckaert, Lynn Van den Broeck\u00a0\u00a9 VTM<\/p>\n<p class=\"Paragraph_paragraph__nQNQ9 Paragraph_paragraph--default-sm-default__bs4Xa articleParagraph\">De eerste exit<\/p>\n<p class=\"Paragraph_paragraph__nQNQ9 Paragraph_paragraph--default-sm-default__bs4Xa articleParagraph\">En dan was het tijd voor de ultieme finale. Eentje waarbij zowel Charlotte als Lynn \u2013 zonder dat ze dat van elkaar weten &#8211; eindigden met een dolk, aangezien ze evenveel vertrouwensstemmen kregen. Daarnaast was het ook een finale met tw\u00e9\u00e9 heel duidelijke verdachten: Francesco en \u2013 jawel \u2013 Lynn. <\/p>\n<p class=\"Paragraph_paragraph__nQNQ9 Paragraph_paragraph--default-sm-default__bs4Xa articleParagraph\">Hoewel hij zich stevig verweerde, bleek de eerste stemronde fataal voor Francesco. Zowel Yannick, Charlotte als Lynn \u2013 die een dubbele stem inzet met haar dolk \u2013 kozen voor hem, waarop hij de ronde tafel moest verlaten. <\/p>\n<p class=\"Paragraph_paragraph__nQNQ9 Paragraph_paragraph--default-sm-default__bs4Xa articleParagraph\">Tranendal<\/p>\n<p class=\"Paragraph_paragraph__nQNQ9 Paragraph_paragraph--default-sm-default__bs4Xa articleParagraph\">De overblijvers beslisten daarna unaniem om verder te spelen, en daarbij is Lynn degene die geviseerd wordt. Dat vooral Charlotte daar aan de basis lag, kwetst Van den Broeck enorm. \u201cIk heb het spel gespeeld, ik heb niet altijd de meest slimme keuzes gemaakt en dat doet mij nu de das om\u201d, klinkt het in tranen. \u201cEn het is gewoon zo. Als het nog iets van betekenis is: als er een ding is dat ik niet zou misbruiken, is het mijn vader en het feit dat hij militair is. Dat zou ik nooit doen. Ik ga nu stoppen met mij te verdedigen, want ik ben echt op. Dit doet zoveel zeer.\u201d<\/p>\n<p class=\"Paragraph_paragraph__nQNQ9 Paragraph_paragraph--default-sm-default__bs4Xa articleParagraph\">Uiteindelijk wonnen dus de bondgenoten \u2013 bestaande uit overblijvers Charlotte, Yannick en Eliyha \u2013, maar niet zonder slag of stoot. \u201cHier zal nog veel over gesproken worden\u201d, meende Yannick dan ook na afloop. Zijt maar zeker\u2026<\/p>\n<p>Bondgenoten  Lynn Van den Broeck en Charlotte Sieben\u00a0\u00a9 Robin Fasseur<\/p>\n","protected":false},"excerpt":{"rendered":"Omdat je cookies voor sociale media uitgeschakeld zijn, blijft deze inhoud verborgen. Je kan hier toestemming geven voor&hellip;\n","protected":false},"author":2,"featured_media":57288,"comment_status":"","ping_status":"","sticky":false,"template":"","format":"standard","meta":{"footnotes":""},"categories":[31],"tags":[99,147,48,98,46,47,49,45,50],"class_list":{"0":"post-57287","1":"post","2":"type-post","3":"status-publish","4":"format-standard","5":"has-post-thumbnail","7":"category-celebrities","8":"tag-amusement","9":"tag-celebrities","10":"tag-dutch","11":"tag-entertainment","12":"tag-nederland","13":"tag-nederlanden","14":"tag-nederlands","15":"tag-netherlands","16":"tag-nl"},"share_on_mastodon":{"url":"https:\/\/pubeurope.com\/@nl\/115563740724214563","error":""},"_links":{"self":[{"href":"https:\/\/www.europesays.com\/nl\/wp-json\/wp\/v2\/posts\/57287","targetHints":{"allow":["GET"]}}],"collection":[{"href":"https:\/\/www.europesays.com\/nl\/wp-json\/wp\/v2\/posts"}],"about":[{"href":"https:\/\/www.europesays.com\/nl\/wp-json\/wp\/v2\/types\/post"}],"author":[{"embeddable":true,"href":"https:\/\/www.europesays.com\/nl\/wp-json\/wp\/v2\/users\/2"}],"replies":[{"embeddable":true,"href":"https:\/\/www.europesays.com\/nl\/wp-json\/wp\/v2\/comments?post=57287"}],"version-history":[{"count":0,"href":"https:\/\/www.europesays.com\/nl\/wp-json\/wp\/v2\/posts\/57287\/revisions"}],"wp:featuredmedia":[{"embeddable":true,"href":"https:\/\/www.europesays.com\/nl\/wp-json\/wp\/v2\/media\/57288"}],"wp:attachment":[{"href":"https:\/\/www.europesays.com\/nl\/wp-json\/wp\/v2\/media?parent=57287"}],"wp:term":[{"taxonomy":"category","embeddable":true,"href":"https:\/\/www.europesays.com\/nl\/wp-json\/wp\/v2\/categories?post=57287"},{"taxonomy":"post_tag","embeddable":true,"href":"https:\/\/www.europesays.com\/nl\/wp-json\/wp\/v2\/tags?post=57287"}],"curies":[{"name":"wp","href":"https:\/\/api.w.org\/{rel}","templated":true}]}}