{"id":57420,"date":"2025-11-17T09:48:08","date_gmt":"2025-11-17T09:48:08","guid":{"rendered":"https:\/\/www.europesays.com\/nl\/57420\/"},"modified":"2025-11-17T09:48:08","modified_gmt":"2025-11-17T09:48:08","slug":"nieuwe-spaanse-netflix-serie-uit-barcelona-met-mysterieuze-gaudi-moorden-in-ciudad-de-sombras","status":"publish","type":"post","link":"https:\/\/www.europesays.com\/nl\/57420\/","title":{"rendered":"Nieuwe Spaanse Netflix-serie uit Barcelona met mysterieuze Gaud\u00ed-moorden in \u2018Ciudad de Sombras\u2019"},"content":{"rendered":"<p><a target=\"_blank\" href=\"https:\/\/spanjevandaag.com\/tag\/netflix\/\" rel=\"nofollow noopener\">Netflix<\/a> heeft de offici\u00eble trailer uitgebracht van de nieuwe <a target=\"_blank\" href=\"https:\/\/spanjevandaag.com\/tag\/spaanse-serie\/\" rel=\"nofollow noopener\">Spaanse serie<\/a> \u201cCiudad de Sombras\u201d (City of Shadows), een spannende misdaadreeks die zich volledig afspeelt in het <a target=\"_blank\" href=\"https:\/\/spanjevandaag.com\/tag\/barcelona\/\" rel=\"nofollow noopener\">Barcelona<\/a> van Antonio Gaud\u00ed. De serie telt zes afleveringen en verschijnt op 12 december. Hoofdrollen zijn weggelegd voor Ver\u00f3nica Echegui en Isak F\u00e9rriz, die samen een donker en complex <a target=\"_blank\" href=\"https:\/\/spanjevandaag.com\/tag\/onderzoek\/\" rel=\"nofollow noopener\">onderzoek<\/a> moeten leiden.<\/p>\n<p>In de serie keert inspecteur Milo Malart terug naar zijn functie bij de Mossos d\u2019Esquadra na een periode van schorsing. Hij krijgt direct een zaak die hem opnieuw op de proef stelt: in het beroemde Gaud\u00ed-gebouw La Pedrera is een verbrand lichaam gevonden. Malart moet samenwerken met onderinspecteur Rebeca Garrido, die duidelijk moeite heeft met zijn terugkeer.<\/p>\n<p>De zaak wordt al snel ingewikkelder wanneer blijkt dat de dader cryptische symbolen achterlaat. Elk spoor opent een nieuwe vraag en duwt de twee inspecteurs dieper de duistere hoeken van Barcelona in. De serie combineert klassieke misdaadspanningen met de bijzondere sfeer van Gaud\u00ed\u2019s architectuur, wat de beelden extra intens maakt.<\/p>\n<p><a rel=\"noopener nofollow\" target=\"_blank\" href=\"https:\/\/www.netflix.com\/es\/title\/81709438\">Ciudad de Sombras<\/a> is gebaseerd op de eerste roman van Aro Sainz de la Maza uit de Milo Malart-reeks. De productie is in handen van Arcadia Motion Pictures en de regie wordt verzorgd door Jorge Torregrossa. Naast Echegui en F\u00e9rriz bestaat de cast uit onder anderen Ana Wagener, Manolo Solo, Jordi Ballester en \u00c0gata Roca.<\/p>\n<p>Met de combinatie van een getroebleerde hoofdpersoon, een reeks mysterieuze symbolen en het iconische Barcelona als decor, lijkt Ciudad de Sombras een serie die liefhebbers van misdaad en spanning zeker zal aanspreken. De trailer zet alvast de toon voor een <a rel=\"noopener nofollow\" target=\"_blank\" href=\"https:\/\/www.formulatv.com\/videos\/netflix-trailer-ciudad-de-sombras-veronica-echegui-29617\/\">intense kijkervaring<\/a>.<\/p>\n<p>In dit artikel mag niet ontbreken dat actrice Ver\u00f3nica Echegui, die in de serie de rol van Rebeca Garrido vertolkt, in augustus 2025 op 42-jarige leeftijd overleed. Ciudad de Sombras behoort daarmee tot haar laatste acteerrollen voor het scherm.<\/p>\n","protected":false},"excerpt":{"rendered":"Netflix heeft de offici\u00eble trailer uitgebracht van de nieuwe Spaanse serie \u201cCiudad de Sombras\u201d (City of Shadows), een&hellip;\n","protected":false},"author":2,"featured_media":57421,"comment_status":"","ping_status":"","sticky":false,"template":"","format":"standard","meta":{"footnotes":""},"categories":[28],"tags":[99,48,98,46,47,49,45,50,124],"class_list":{"0":"post-57420","1":"post","2":"type-post","3":"status-publish","4":"format-standard","5":"has-post-thumbnail","7":"category-tv","8":"tag-amusement","9":"tag-dutch","10":"tag-entertainment","11":"tag-nederland","12":"tag-nederlanden","13":"tag-nederlands","14":"tag-netherlands","15":"tag-nl","16":"tag-tv"},"share_on_mastodon":{"url":"https:\/\/pubeurope.com\/@nl\/115564413138227278","error":""},"_links":{"self":[{"href":"https:\/\/www.europesays.com\/nl\/wp-json\/wp\/v2\/posts\/57420","targetHints":{"allow":["GET"]}}],"collection":[{"href":"https:\/\/www.europesays.com\/nl\/wp-json\/wp\/v2\/posts"}],"about":[{"href":"https:\/\/www.europesays.com\/nl\/wp-json\/wp\/v2\/types\/post"}],"author":[{"embeddable":true,"href":"https:\/\/www.europesays.com\/nl\/wp-json\/wp\/v2\/users\/2"}],"replies":[{"embeddable":true,"href":"https:\/\/www.europesays.com\/nl\/wp-json\/wp\/v2\/comments?post=57420"}],"version-history":[{"count":0,"href":"https:\/\/www.europesays.com\/nl\/wp-json\/wp\/v2\/posts\/57420\/revisions"}],"wp:featuredmedia":[{"embeddable":true,"href":"https:\/\/www.europesays.com\/nl\/wp-json\/wp\/v2\/media\/57421"}],"wp:attachment":[{"href":"https:\/\/www.europesays.com\/nl\/wp-json\/wp\/v2\/media?parent=57420"}],"wp:term":[{"taxonomy":"category","embeddable":true,"href":"https:\/\/www.europesays.com\/nl\/wp-json\/wp\/v2\/categories?post=57420"},{"taxonomy":"post_tag","embeddable":true,"href":"https:\/\/www.europesays.com\/nl\/wp-json\/wp\/v2\/tags?post=57420"}],"curies":[{"name":"wp","href":"https:\/\/api.w.org\/{rel}","templated":true}]}}