{"id":57821,"date":"2025-11-17T17:24:10","date_gmt":"2025-11-17T17:24:10","guid":{"rendered":"https:\/\/www.europesays.com\/nl\/57821\/"},"modified":"2025-11-17T17:24:10","modified_gmt":"2025-11-17T17:24:10","slug":"hoofdverdachte-verdwijning-maddie-mccann-leeft-met-twee-vrouwen-in-een-tentje-in-een-bos-wij-zijn-zijn-helpers","status":"publish","type":"post","link":"https:\/\/www.europesays.com\/nl\/57821\/","title":{"rendered":"Hoofdverdachte verdwijning Maddie McCann leeft met twee vrouwen in een tentje in een bos: \u2019Wij zijn zijn helpers\u2019"},"content":{"rendered":"<p class=\"Paragraph_paragraph__nQNQ9 Paragraph_paragraph--default-lg-default__2m2_h articleParagraph\">De 49-jarige Br\u00fcckner verhuisde met zijn kleine blauwe tent naar de bossen in Noord-Duitsland nadat hij door woedende inwoners &#8211; die boos waren over zijn vrijlating uit de gevangenis &#8211; gedwongen werd onder te duiken. \u201eBij onze eerste ontmoeting stond de grijnzende pedofiel (Br\u00fcckner werd verschillende keren veroordeeld voor misbruik van minderjarigen, red.) glimlachend achter de politieagenten\u201d, schrijft The Sun na de ontmoeting in de bossen. <\/p>\n<p class=\"Paragraph_paragraph__nQNQ9 Paragraph_paragraph--default-lg-default__2m2_h articleParagraph\">De twee agenten naar wie de journalist verwijst, zijn vrouwen, die in de buurt Mandy en Mona worden genoemd. Zij bewaken het kamp met een grommende pitbull. \u201eWe zijn zijn helpers\u201d, vertelden de vrouwen aan de Britse tabloid. Volgens The Sun zou het om agenten kunnen gaan die Br\u00fcckner permanent moeten bewaken. <\/p>\n<p><a href=\"https:\/\/www.telegraaf.nl\/buitenland\/vrouw-24-die-beweerde-maddie-mccann-te-zijn-veroordeeld-voor-intimidatie-van-ouders\/103360697.html\" class=\"RelatedTeaser_related-teaser__pNEhJ RelatedTeaser_related-teaser--image__dk4DP read-more_withImage__1YJa_\" data-article-id=\"103360697\" rel=\"nofollow noopener\" target=\"_blank\"><\/p>\n<p>Vrouw (24) die beweerde Maddie McCann te zijn veroordeeld voor intimidatie van ouders<\/p>\n<p><\/a><\/p>\n<p class=\"Paragraph_paragraph__nQNQ9 Paragraph_paragraph--default-lg-default__2m2_h articleParagraph\">Met Br\u00fcckner zelf kon de journalist  niet spreken. Twee minuten lang zou er geprobeerd zijn om met hem te praten, terwijl hij in zijn dichtgeritste tent zat. \u201eTwee blikjes Holsten Pils en zijn schoenen lagen buiten. Er hing kerstverlichting in de takken en er was een blinkende nieuwe fiets\u201d, klinkt het in het artikel. <\/p>\n<p class=\"Paragraph_paragraph__nQNQ9 Paragraph_paragraph--default-lg-default__2m2_h articleParagraph\">\u201eWaar ben je bang voor\u201d, vroeg de journalist in de hoop met de man te kunnen spreken. \u201eZijn advocaten hebben hem gezegd dat hij niet tegen ons mag spreken nadat we eerder dit jaar een reeks overtuigende bewijzen tegen hem hebben gevonden\u201d, aldus het artikel. <\/p>\n<p class=\"Paragraph_paragraph__nQNQ9 Paragraph_paragraph--default-lg-default__2m2_h articleParagraph\">Br\u00fcckner heeft altijd ontkend iets te maken te hebben met de verdwijning van Madeleine. Maar volgens een getuige zou hij tijdens een muziekfestival in Spanje \u201ebijna alles opgebiecht\u201d door te zeggen dat \u201eze niet schreeuwde\u201d toen ze het over de zaak hadden. Recenter pochte Br\u00fcckner nog dat hij \u201ehet schandaal van de eeuw kon oplossen\u201d. En uit een onderzoek van The Sun bleek dat de politie in het bezit is van beelden die bijdragen aan de overtuiging dat Madeleine dood is. <\/p>\n<p>Madeleine McCann\u00a0\u00a9 AFP<\/p>\n<p class=\"Paragraph_paragraph__nQNQ9 Paragraph_paragraph--default-lg-default__2m2_h articleParagraph\">De driejarige Madeleine verdween in 2007 uit een vakantieappartement in Praia da Luz in Portugal. Op dat moment was Br\u00fcckner in de buurt. Hij werd in 2020 aangewezen als hoofdverdachte terwijl hij in Duitsland een gevangenisstraf van zeven jaar uitzat voor de verkrachting van een 72-jarige vrouw. In september werd hij vrijgelaten, maar kreeg hij een enkelband om.<\/p>\n<p>Enkelband in het buitenland<\/p>\n<p class=\"Paragraph_paragraph__nQNQ9 Paragraph_paragraph--default-lg-default__2m2_h articleParagraph\">Deze week zullen onderzoekers de rechtbank vragen om een tijdelijk reisverbod. Want er wordt gevreesd dat de man niet meer opgespoord zal kunnen worden, aangezien zijn enkelband slechts binnen de landsgrenzen werkt. In een interview met The Sun zei officier van justitie Hans Christian Wolters dat \u201eals hij Duitsland verlaat, het ongelooflijk moeilijk zal worden om hem te blijven volgen\u201d. <\/p>\n<p><a href=\"https:\/\/www.telegraaf.nl\/nieuws\/vrijgelaten-verdachte-maddie-mccann-zaak-doet-wel-heel-opvallende-uitspraken-ik-heb-informatie-over-het-schandaal-van-de-eeuw\/92271415.html\" class=\"RelatedTeaser_related-teaser__pNEhJ RelatedTeaser_related-teaser--image__dk4DP read-more_withImage__1YJa_\" data-article-id=\"92271415\" rel=\"nofollow noopener\" target=\"_blank\"><\/p>\n<p>Vrijgelaten verdachte Maddie McCann-zaak doet wel heel opvallende uitspraken: \u2019Ik heb informatie over het schandaal van de eeuw\u2019<\/p>\n<p><\/a><\/p>\n<p class=\"Paragraph_paragraph__nQNQ9 Paragraph_paragraph--default-lg-default__2m2_h articleParagraph\">\u201eMaar we hebben Christian Br\u00fcckner hier niet nodig om het onderzoek voort te zetten. Hij praat toch niet met ons. We gaan door zolang we denken dat er nog bewijs te vinden is, en we denken dat dat er is. E\u00e9n stuk forensisch bewijs of een nieuwe getuige kan de zaak in \u00e9\u00e9n klap oplossen\u201d, klinkt het. Wolters gaf verder ook aan dat er meer informatie over de man is dan dat het publiek weet: \u201eEr zijn nog andere getuigen\u201d.<\/p>\n","protected":false},"excerpt":{"rendered":"De 49-jarige Br\u00fcckner verhuisde met zijn kleine blauwe tent naar de bossen in Noord-Duitsland nadat hij door woedende&hellip;\n","protected":false},"author":2,"featured_media":57822,"comment_status":"","ping_status":"","sticky":false,"template":"","format":"standard","meta":{"footnotes":""},"categories":[15],"tags":[39,40,48,43,44,34,35,41,42,46,47,49,45,32,33,50,36,37,38,67,64,65,66],"class_list":{"0":"post-57821","1":"post","2":"type-post","3":"status-publish","4":"format-standard","5":"has-post-thumbnail","7":"category-wereld","8":"tag-breaking-news","9":"tag-breakingnews","10":"tag-dutch","11":"tag-featured-news","12":"tag-featurednews","13":"tag-headlines","14":"tag-hoofdpunten","15":"tag-latest-news","16":"tag-latestnews","17":"tag-nederland","18":"tag-nederlanden","19":"tag-nederlands","20":"tag-netherlands","21":"tag-news","22":"tag-nieuws","23":"tag-nl","24":"tag-top-stories","25":"tag-topstories","26":"tag-voorpaginanieuws","27":"tag-wereld","28":"tag-world","29":"tag-world-news","30":"tag-worldnews"},"share_on_mastodon":{"url":"https:\/\/pubeurope.com\/@nl\/115566206434368863","error":""},"_links":{"self":[{"href":"https:\/\/www.europesays.com\/nl\/wp-json\/wp\/v2\/posts\/57821","targetHints":{"allow":["GET"]}}],"collection":[{"href":"https:\/\/www.europesays.com\/nl\/wp-json\/wp\/v2\/posts"}],"about":[{"href":"https:\/\/www.europesays.com\/nl\/wp-json\/wp\/v2\/types\/post"}],"author":[{"embeddable":true,"href":"https:\/\/www.europesays.com\/nl\/wp-json\/wp\/v2\/users\/2"}],"replies":[{"embeddable":true,"href":"https:\/\/www.europesays.com\/nl\/wp-json\/wp\/v2\/comments?post=57821"}],"version-history":[{"count":0,"href":"https:\/\/www.europesays.com\/nl\/wp-json\/wp\/v2\/posts\/57821\/revisions"}],"wp:featuredmedia":[{"embeddable":true,"href":"https:\/\/www.europesays.com\/nl\/wp-json\/wp\/v2\/media\/57822"}],"wp:attachment":[{"href":"https:\/\/www.europesays.com\/nl\/wp-json\/wp\/v2\/media?parent=57821"}],"wp:term":[{"taxonomy":"category","embeddable":true,"href":"https:\/\/www.europesays.com\/nl\/wp-json\/wp\/v2\/categories?post=57821"},{"taxonomy":"post_tag","embeddable":true,"href":"https:\/\/www.europesays.com\/nl\/wp-json\/wp\/v2\/tags?post=57821"}],"curies":[{"name":"wp","href":"https:\/\/api.w.org\/{rel}","templated":true}]}}